{"id":18247,"date":"2019-01-30T23:33:50","date_gmt":"2019-01-31T01:33:50","guid":{"rendered":"http:\/\/fundacaojles.org.br\/biblioteca\/?p=18247"},"modified":"2019-02-14T10:10:42","modified_gmt":"2019-02-14T12:10:42","slug":"as-pessoas-acham-que-so-fazer-o-bem-sem-fazer-contas-e-o-suficiente-isso-e-aflitivo","status":"publish","type":"post","link":"https:\/\/fundacaojles.org.br\/biblioteca\/2019\/01\/30\/as-pessoas-acham-que-so-fazer-o-bem-sem-fazer-contas-e-o-suficiente-isso-e-aflitivo\/","title":{"rendered":"\u201cAs pessoas acham que s\u00f3 fazer o bem \u2013 sem fazer contas \u2013 \u00e9 o suficiente. Isso \u00e9 aflitivo\u201d"},"content":{"rendered":"<p>[et_pb_section bb_built=&#8221;1&#8243; _builder_version=&#8221;3.0.47&#8243; custom_padding=&#8221;0|0px|0|0px|false|false&#8221;][et_pb_row _builder_version=&#8221;3.0.48&#8243; background_size=&#8221;initial&#8221; background_position=&#8221;top_left&#8221; background_repeat=&#8221;repeat&#8221; custom_padding=&#8221;17px|0px|0|0px|false|false&#8221;][et_pb_column type=&#8221;4_4&#8243;][et_pb_text _builder_version=&#8221;3.17.6&#8243;]<\/p>\n<p><strong>Fonte:<\/strong> <a href=\"https:\/\/projetodraft.com\/as-pessoas-acham-que-so-fazer-o-bem-sem-fazer-contas-e-o-suficiente-isso-e-aflitivo\/\" target=\"_blank\" rel=\"noopener\">Projeto Draft<\/a>. <\/p>\n<p>Jos\u00e9 Luiz Egydio Set\u00fabal, 62, carrega a habilidade de lidar com n\u00fameros no sobrenome. Apesar da facilidade com finan\u00e7as, a escolha profissional do herdeiro de uma das fam\u00edlias que controla o Ita\u00fa foi outra: formou-se m\u00e9dico pela Santa Casa de Miseric\u00f3rdia de S\u00e3o Paulo, na turma de 1981. Trabalhou em hospitais e chefiava o servi\u00e7o de pediatria de uma institui\u00e7\u00e3o de sa\u00fade quando, perto de completar 50 anos, decidiu tirar um ano sab\u00e1tico. O m\u00e1ximo que conseguiu, no entanto, foram meses. Sua irm\u00e3, Maria Alice, o chamou para montar uma funda\u00e7\u00e3o familiar que levaria o nome da m\u00e3e, <a href=\"https:\/\/fundacaotidesetubal.org.br\/\" target=\"_blank\" rel=\"noopener\">Tide Set\u00fabal<\/a>. Abria-se ali um novo campo de interesse.<\/p>\n<p>Desde 2010, Jos\u00e9 Luiz preside outra funda\u00e7\u00e3o, com seu pr\u00f3prio nome, e se divide atualmente entre a administra\u00e7\u00e3o do <a href=\"https:\/\/www.hospitalinfantilsabara.org.br\/\" target=\"_blank\" rel=\"noopener\">Hospital Infantil Sabar\u00e1<\/a> \u2014 adquirido em 2005 \u2014 e o <a href=\"https:\/\/institutopensi.org.br\/\" target=\"_blank\" rel=\"noopener\">Instituto PENSI<\/a> (de pesquisa, ensino e projetos sociais voltados \u00e0 sa\u00fade infantil). O hospital \u00e9 sem fins lucrativos, mas n\u00e3o sem fins financeiros: o dinheiro gerado l\u00e1 \u00e9 investido nos projetos do PENSI. O m\u00e9dico e gestor tamb\u00e9m criou um fundo patrimonial (formado por doa\u00e7\u00f5es de pessoas f\u00edsicas e jur\u00eddicas) a fim de custear bolsas para alunos de medicina da Santa Casa de Miseric\u00f3rdia de S\u00e3o Paulo e deu a ele o nome de Aregu\u00e1 (grito de guerra dos estudantes da casa).<\/p>\n<p>Sua hist\u00f3ria com a institui\u00e7\u00e3o m\u00e9dica tem ainda outros cap\u00edtulos. Jos\u00e9 Luiz foi eleito provedor da Santa Casa de S\u00e3o Paulo, em junho de 2015, e implementou um modelo de gest\u00e3o empresarial no hospital. Precisava reduzir custos e, para isso, diminuiu o quadro de funcion\u00e1rios e rentabilizou os im\u00f3veis que a institui\u00e7\u00e3o tinha. O desafio da gest\u00e3o foi vencido com a integra\u00e7\u00e3o de departamentos e a cria\u00e7\u00e3o de uma rotina de negocia\u00e7\u00e3o de metas. Findo o mandato, cerca de dois anos depois, a Santa Casa contava com um patrim\u00f4nio l\u00edquido estimado em 1 milh\u00e3o de reais (em dezembro de 2014, estava negativo em 121,1 milh\u00f5es de reais). O Hospital Sabar\u00e1, em apuros financeiros quando comprado, tamb\u00e9m foi recuperado, expandido e tornou-se \u201cum dos principais players de pediatria da cidade\u201d, como o pr\u00f3prio m\u00e9dico define.<\/p>\n<p>Na conversa a seguir, o doutor Jos\u00e9 Luiz, como \u00e9 chamado, conta por que o Brasil deveria seguir os modelos de filantropia americanos, e n\u00e3o europeus, diz como os fundos patrimoniais podem sustentar institui\u00e7\u00f5es p\u00fablicas e fala sobre seus investimentos recentes \u2014 que incluem startups. Ele tamb\u00e9m aborda a m\u00e1 gest\u00e3o da sa\u00fade no Brasil. Quando perguntado se assumiria um cargo pol\u00edtico na \u00e1rea, ele \u00e9 direto: \u201cN\u00e3o tenho sa\u00fade para isso\u201d.<\/p>\n<p><strong>Embora venha de uma fam\u00edlia do mercado financeiro, o senhor optou pela carreira m\u00e9dica. Como o tino para finan\u00e7as potencializou seus projetos sem fins lucrativos?<\/strong><br \/>Sempre falo que, muito mais que um gestor, sou m\u00e9dico. O que gosto de fazer \u00e9 ser pediatra, embora tenha atuado pouco nisso ultimamente. Talvez, pelo meu sobrenome, sempre me empurraram as tarefas de gest\u00e3o, desde a comiss\u00e3o de formatura, que me colocou como tesoureiro, at\u00e9 a cl\u00ednica que tive. Realmente tenho facilidade com n\u00fameros. Agora, gest\u00e3o n\u00e3o \u00e9 s\u00f3 lidar com n\u00fameros. Quando resolvi ser administrador, fiz uma p\u00f3s-gradua\u00e7\u00e3o em Economia da Sa\u00fade (ele tamb\u00e9m estudou no Programa de Lideran\u00e7a Executiva em Primeira Inf\u00e2ncia em Harvard).<\/p>\n<blockquote>\n<p><span style=\"font-size: x-large;\">No terceiro setor, em geral, as pessoas n\u00e3o t\u00eam afinidade com n\u00fameros e acham que s\u00f3 fazer o bem \u2014 sem fazer contas \u2014 \u00e9 o suficiente. Isso \u00e9 um pouco aflitivo<\/span><\/p>\n<\/blockquote>\n<p><strong>Qual sua principal virtude como gestor? E como m\u00e9dico?<\/strong><br \/>O bom m\u00e9dico tem duas qualidades que me ajudaram muito como gestor: observar e saber ouvir. Fui treinado como pediatra e, como a crian\u00e7a bem pequena n\u00e3o fala, precisamos observar muito e ouvir os pais ou quem a leva \u00e0 consulta. Como gestor, saber escutar as pessoas e observar o que est\u00e1 acontecendo para ajudar a encontrar solu\u00e7\u00f5es \u00e9 essencial.<\/p>\n<p><strong>Por que transformar o Hospital Sabar\u00e1, que era uma Sociedade An\u00f4nima (SA), em uma funda\u00e7\u00e3o?<\/strong><br \/>Quando decidi fazer uma funda\u00e7\u00e3o, sentei com meus tr\u00eas filhos e disse: \u201cVou pegar uma parte da minha fortuna e fazer isso, voc\u00eas est\u00e3o de acordo? Porque \u00e9 um dinheiro que, teoricamente, voc\u00eas v\u00e3o receber como heran\u00e7a\u201d. Eles concordaram, mas h\u00e1 13 anos nenhum deles tinha afinidades para a filantropia. Ent\u00e3o, fiz um modelo de funda\u00e7\u00e3o que, quando eu morresse, n\u00e3o dependesse deles colocarem dinheiro. Apareceu a\u00ed a oportunidade de compra do Hospital Sabar\u00e1, que era muito pequeno e estava decadente. Comprei o nome, nenhum ativo al\u00e9m disso. Fizemos um projeto de recupera\u00e7\u00e3o e expans\u00e3o onde foi investido o dinheiro doado. Na \u00e9poca, o hospital era uma Sociedade An\u00f4nima e dava dividendos. Minha ideia era us\u00e1-los para manter a funda\u00e7\u00e3o. Conversando com meus advogados, eles sugeriram que era melhor comprar o resto do hospital (at\u00e9 ent\u00e3o, ele havia adquirido 70%) porque funda\u00e7\u00e3o tem algumas isen\u00e7\u00f5es e imunidades.<\/p>\n<p><strong>Quais foram as maiores dificuldades em levar uma gest\u00e3o empresarial para a Santa Casa de S\u00e3o Paulo, uma institui\u00e7\u00e3o filantr\u00f3pica?<\/strong><br \/>A Santa Casa da cidade \u00e9 uma institui\u00e7\u00e3o multissecular, tem mais de 400 anos e uma for\u00e7a pol\u00edtica muito grande. Essa talvez seja a maior dificuldade de geri-la. Tem uma governan\u00e7a antiquada, na qual as pessoas confundem muito os papeis. \u00c9 uma institui\u00e7\u00e3o que, nos \u00faltimos anos, vive em crise constante. Tinha um patrim\u00f4nio imenso que foi sendo consumido. Quando construiu seu primeiro hospital, no Largo do Arouche, a cidade tinha 35 mil habitantes e fizeram uma obra enorme. Depois, foram construindo at\u00e9 o final da d\u00e9cada de 1920, quando veio a crise de 1929, e diminu\u00edram as doa\u00e7\u00f5es. Se tivesse tido uma vis\u00e3o mais americana e menos europeia no in\u00edcio do s\u00e9culo 20, quando recebia enormes quantias de doa\u00e7\u00f5es dos fazendeiros do caf\u00e9, hoje a Santa Casa seria uma grande institui\u00e7\u00e3o de ensino no modelo das universidades americanas.<\/p>\n<p><strong>Grandes empresas s\u00e3o conservadoras. Como inovar nesse contexto?<\/strong><br \/>Existe a\u00ed um dito popular: \u201cPense grande e aja pequeno\u201d. \u00c9 preciso ter um objetivo desafiador e, ao mesmo tempo, ser cauteloso para alcan\u00e7\u00e1-lo. Esse talvez seja o grande segredo da coisa. Nesse momento de disrup\u00e7\u00e3o tecnol\u00f3gica, n\u00e3o temos ideia de como ser\u00e1 o mundo daqui a dez ou quinze anos. \u00c9 preciso estar atento a isso e saber qual o momento mais adequado de mudan\u00e7a para n\u00e3o sermos atropelados nem ficar para tr\u00e1s.<\/p>\n<p><strong>Quais seriam as diferen\u00e7as entre esse modelo europeu e americano que o senhor menciona?<\/strong><br \/>No Brasil, n\u00e3o temos essa vis\u00e3o do pragmatismo americano, mais da filantropia europeia. A filosofia europeia \u00e9 a de que o governo prov\u00ea o bem estar social atrav\u00e9s de impostos. Nos Estados Unidos, os impostos s\u00e3o menores e a comunidade se organiza para resolver suas quest\u00f5es sociais. As grandes universidades da costa leste americana, como Yale, Harvard e Princeton, foram feitas com doa\u00e7\u00f5es da comunidade no s\u00e9culo 17. S\u00e3o modelos diferentes, com resultados semelhantes nos pa\u00edses desenvolvidos. No Brasil a gente tem uma filantropia mais das empresas do que dos indiv\u00edduos. Normalmente, as doa\u00e7\u00f5es s\u00e3o feitas por meio das empresas familiares.<\/p>\n<p>Algumas diferen\u00e7as ajudam a explicar isso. Nos Estados Unidos, com a alta taxa\u00e7\u00e3o de heran\u00e7a (em torno de 40%), existe um incentivo para se fazer funda\u00e7\u00f5es, mesmo em vida. Bilion\u00e1rios americanos, como Bill Gates, s\u00e3o exemplos disso. Outro fator \u00e9 que as funda\u00e7\u00f5es l\u00e1 podem atuar fora do pa\u00eds, o que no Brasil n\u00e3o \u00e9 poss\u00edvel. Aqui, muita gente n\u00e3o pensa em fazer funda\u00e7\u00f5es porque responde ao Ministro P\u00fablico. Nos Estados Unidos tamb\u00e9m, mas eles t\u00eam mais controle, al\u00e9m de mais seguran\u00e7a e prote\u00e7\u00f5es.<\/p>\n<p><strong>Pode-se dizer que \u00e9 imposs\u00edvel sobreviver de doa\u00e7\u00f5es no Brasil, um pa\u00eds em que a elite financeira n\u00e3o tem a tradi\u00e7\u00e3o de doar para causas assistenciais?<\/strong><br \/>Fa\u00e7o parte de um grupo de conscientiza\u00e7\u00e3o da doa\u00e7\u00e3o e tento atuar junto a pessoas de grandes fortunas.<\/p>\n<blockquote>\n<p><span style=\"font-size: x-large;\">No Brasil, h\u00e1 v\u00e1rias desculpas para n\u00e3o fazer doa\u00e7\u00f5es, desde a seguran\u00e7a e n\u00e3o querer tornar isso p\u00fablico. \u00c9 uma quest\u00e3o complexa, falta consci\u00eancia comunit\u00e1ria mesmo<\/span><\/p>\n<\/blockquote>\n<p><strong>Por que o modelo de financial endowment, que o senhor trouxe para o Fundo Aregu\u00e1, ainda \u00e9 t\u00e3o raro no Brasil?<\/strong><br \/>O endowment \u00e9 o que traduzimos como fundo patrimonial, uma doa\u00e7\u00e3o feita para um fim espec\u00edfico, por exemplo, para um museu ou universidade, em que se usa o resultado financeiro (apenas o rendimento do fundo, e n\u00e3o o dinheiro doado em si) em prol da atividade para a qual ele foi criado. Nos Estados Unidos, o endowment \u00e9 uma figura jur\u00eddica, no Brasil, estamos lutando para que tamb\u00e9m seja. J\u00e1 existiam duas leis sobre o tema correndo, uma no Senado e outra na C\u00e2mara.<\/p>\n<p>Temer aproveitou o epis\u00f3dio triste do inc\u00eandio no Museu Nacional do Rio de Janeiro, em setembro, e fez uma medida provis\u00f3ria sobre o assunto que est\u00e1 sendo discutida no Congresso. Nos Estados Unidos e em alguns lugares da Europa, como a Inglaterra, esse fundo patrimonial cuida das universidades, museus, orquestras. Ent\u00e3o, em vez de se doar para a Lei Rouanet, doaria-se para o endowment da Osesp, do Masp, do Museu Nacional ou da USP, por exemplo.<\/p>\n<p>Ali\u00e1s, a USP j\u00e1 tem alguns endowments, como o Amigos da Poli (da Escola Polit\u00e9cnica, que ministra os cursos de engenharia), o FEA (da Faculdade de Economia). N\u00e3o precisa necessariamente de uma lei para fazer funcionar um fundo patrimonial. Mas, hoje, as doa\u00e7\u00f5es feitas para o Fundo Aregu\u00e1 s\u00e3o pass\u00edveis de cobran\u00e7a de imposto.<\/p>\n<blockquote>\n<p><span style=\"font-size: x-large;\">No Brasil existe essa anormalidade: tudo o que se doa acima de certo valor paga-se 4% de imposto<\/span><\/p>\n<\/blockquote>\n<p><strong>Recentemente o senhor investiu na startup Amparo, que criou o primeiro servi\u00e7o de atendimento m\u00e9dico por assinatura do pa\u00eds. O senhor tem investido em outras empresas?<\/strong><br \/>Diretamente s\u00f3 na Amparo, mas tenho cotas no Vox Capital e no Domo Invest, fundos de financiamento de startups. Sou muito procurado para me mostrarem produtos. \u00c0s vezes, acabo investindo, caso da Amparo. A startup tem um modelo de atendimento que pode ter muito sucesso, pois trabalha com as operadoras de sa\u00fade na preven\u00e7\u00e3o de doen\u00e7as, ajudando a conter os custos com tratamentos, que s\u00e3o altos. Um modelo que poderia, inclusive, ser usado na sa\u00fade publica.<\/p>\n<p><strong>Falando em sa\u00fade p\u00fablica, como o senhor v\u00ea a recente pol\u00eamica do programa Mais M\u00e9dicos e as pol\u00edticas brasileiras para sa\u00fade no geral?<\/strong><\/p>\n<blockquote>\n<p><span style=\"font-size: x-large;\">O Mais M\u00e9dicos \u00e9 um programa muito maior do que a presen\u00e7a dos profissionais cubanos. Houve uma precipita\u00e7\u00e3o do governo que vai entrar, mas tamb\u00e9m \u00e9 errado o que Cuba fez<\/span><\/p>\n<\/blockquote>\n<p>N\u00e3o se abandona simplesmente o programa de uma hora para outra, em uma decis\u00e3o unilateral, expondo uma popula\u00e7\u00e3o. Isso teria que ser negociado por ambas as partes. Todo o problema da sa\u00fade p\u00fablica no Brasil tem que passar por uma revis\u00e3o. Existe uma falta de governan\u00e7a do sistema que precisaria se reorganizar de modo a ter mais sinergia entre os n\u00edveis municipal, estadual e federal. H\u00e1 falta de efici\u00eancia, dinheiro mal investido. O SUS, mesmo com todas suas falhas, \u00e9 um modelo interessante, mas precisa melhorar muito.<\/p>\n<p><strong>O senhor trabalharia na gest\u00e3o de sa\u00fade p\u00fablica? Assumiria algum cargo pol\u00edtico?<\/strong><br \/>N\u00e3o tenho forma\u00e7\u00e3o nem sa\u00fade para isso. Sou um curioso do assunto. Quando estive \u00e0 frente da Santa Casa de S\u00e3o Paulo por dois anos, estudei bastante, entrei em contato com as frentes de sa\u00fade em assembleias, C\u00e2mara e Congresso. Mas diria que n\u00e3o tenho forma\u00e7\u00e3o para assumir nada em termos de sa\u00fade p\u00fablica.<\/p>\n<p><strong>O senhor j\u00e1 falou que n\u00e3o faz sentido a ideia de meritocracia em uma situa\u00e7\u00e3o em que n\u00e3o exista igualdade de oportunidades. O que diria para a parcela da popula\u00e7\u00e3o brasileira que considera isso \u201cfrescura\u201d ou \u201cmimimi\u201d?<\/strong><br \/>As pessoas com ide\u00e1rio liberal falam muito em meritocracia: \u201cTemos que escolher os melhores e os melhores s\u00e3o escolhidos pelo m\u00e9rito\u201d.<\/p>\n<blockquote>\n<p><span style=\"font-size: x-large;\">M\u00e9rito s\u00f3 existe entre iguais, entre pessoas que tiveram oportunidades semelhantes.<\/span><\/p>\n<\/blockquote>\n<p>A pol\u00edtica de cotas, a meu ver, \u00e9 interessante. N\u00e3o sei se \u00e9 aplicada da melhor maneira. Em um pa\u00eds miscigenado, talvez a cota social fosse mais importante do que a racial \u2014 sem deixar de considerar que, certamente, o preconceito racial \u00e9 algo relevante. Para mim, est\u00e3o corretas as cotas para ingresso na gradua\u00e7\u00e3o. J\u00e1 na p\u00f3s-gradua\u00e7\u00e3o ou em um concurso p\u00fablico, n\u00e3o acredito que sejam necess\u00e1rias. Quem j\u00e1 fez faculdade e vai prestar uma sele\u00e7\u00e3o para servi\u00e7o p\u00fablico j\u00e1 est\u00e1 equalizado.<\/p>\n<p><strong>Fonte:<\/strong> <a href=\"https:\/\/projetodraft.com\/as-pessoas-acham-que-so-fazer-o-bem-sem-fazer-contas-e-o-suficiente-isso-e-aflitivo\/\" target=\"_blank\" rel=\"noopener\">Projeto Draft<\/a><\/p>\n<p>[\/et_pb_text][\/et_pb_column][\/et_pb_row][\/et_pb_section]<\/p>\n","protected":false},"excerpt":{"rendered":"<p>Fonte: Projeto Draft. Jos\u00e9 Luiz Egydio Set\u00fabal, 62, carrega a habilidade de lidar com n\u00fameros no sobrenome. Apesar da facilidade com finan\u00e7as, a escolha profissional do herdeiro de uma das fam\u00edlias que controla o Ita\u00fa foi outra: formou-se m\u00e9dico pela Santa Casa de Miseric\u00f3rdia de S\u00e3o Paulo, na turma de 1981. Trabalhou em hospitais e [&hellip;]<\/p>\n","protected":false},"author":1,"featured_media":18248,"comment_status":"open","ping_status":"open","sticky":false,"template":"","format":"standard","meta":{"_acf_changed":false,"_et_pb_use_builder":"on","_et_pb_old_content":"A Funda\u00e7\u00e3o Jos\u00e9 Luiz Egydio Set\u00fabal e o Sabar\u00e1 Hospital Infantil lan\u00e7am sua Resid\u00eancia M\u00e9dica em Pediatria. No in\u00edcio de janeiro de 2019, dezenas de candidatos se inscreveram para a sele\u00e7\u00e3o da primeira turma do curso. O Instituto de Pesquisa e Ensino em Sa\u00fade Infantil (PENSI) \u2013 bra\u00e7o de ensino e pesquisa da FJLES \u2013 j\u00e1 realiza cursos presenciais, a dist\u00e2ncia, P\u00f3s-gradua\u00e7\u00e3o e, agora, tamb\u00e9m Resid\u00eancia.\r\n\r\nO Sabar\u00e1, classificado como \u201cmelhor hospital exclusivamente pedi\u00e1trico da Am\u00e9rica Latina\u201d pela revista Am\u00e9rica Economia, lan\u00e7ou o edital para o Programa de Resid\u00eancia M\u00e9dica em Pediatria no fim de 2018, oferecendo quatro vagas em Pediatria Geral (dura\u00e7\u00e3o de tr\u00eas anos) e duas vagas para Medicina Intensiva Pedi\u00e1trica (dois anos).\r\n\r\nPodem participar m\u00e9dicos formados em todo o Territ\u00f3rio Nacional, por Faculdades oficiais ou reconhecidas, bem como m\u00e9dicos formados no exterior, com diploma revalidado pelas Universidades autorizadas pelo Minist\u00e9rio da Educa\u00e7\u00e3o e Cultura (MEC), segundo a Resolu\u00e7\u00e3o CFM n\u00ba 1.832\/2008, alterada pela Resolu\u00e7\u00e3o CFM n\u00ba 2.002\/2012.\r\n\r\nA sele\u00e7\u00e3o \u00e9 realizada em apenas uma etapa, que consiste na aplica\u00e7\u00e3o de uma prova objetiva, prevista para o dia 20 de janeiro de 2019, em local disponibilizado para consulta no endere\u00e7o eletr\u00f4nico http:\/\/www.quadrix.org.br. O resultado final ser\u00e1 divulgado no dia 08 de fevereiro de 2019, no site do Instituto QUADRIX e no site do Instituto Pensi.","_et_gb_content_width":"","inline_featured_image":false,"footnotes":""},"categories":[18],"tags":[21,19,20,16,24,27,26,25,15,22,23,14],"class_list":["post-18247","post","type-post","status-publish","format-standard","has-post-thumbnail","hentry","category-entrevista","tag-draft","tag-filantropia","tag-fundo-patrimonial","tag-hospital-infantil-sabara","tag-instituto-pensi","tag-itau","tag-mais-medicos","tag-meritocracia","tag-residencia","tag-saude-publica","tag-sus","tag-vagas"],"acf":[],"yoast_head":"<!-- This site is optimized with the Yoast SEO plugin v27.5 - https:\/\/yoast.com\/product\/yoast-seo-wordpress\/ -->\n<title>\u201cAs pessoas acham que s\u00f3 fazer o bem \u2013 sem fazer contas \u2013 \u00e9 o suficiente. Isso \u00e9 aflitivo\u201d - Funda\u00e7\u00e3o Jos\u00e9 Luiz Set\u00fabal<\/title>\n<meta name=\"robots\" content=\"index, follow, max-snippet:-1, max-image-preview:large, max-video-preview:-1\" \/>\n<link rel=\"canonical\" href=\"https:\/\/fundacaojles.org.br\/biblioteca\/2019\/01\/30\/as-pessoas-acham-que-so-fazer-o-bem-sem-fazer-contas-e-o-suficiente-isso-e-aflitivo\/\" \/>\n<meta property=\"og:locale\" content=\"pt_BR\" \/>\n<meta property=\"og:type\" content=\"article\" \/>\n<meta property=\"og:title\" content=\"\u201cAs pessoas acham que s\u00f3 fazer o bem \u2013 sem fazer contas \u2013 \u00e9 o suficiente. Isso \u00e9 aflitivo\u201d - Funda\u00e7\u00e3o Jos\u00e9 Luiz Set\u00fabal\" \/>\n<meta property=\"og:description\" content=\"Fonte: Projeto Draft. Jos\u00e9 Luiz Egydio Set\u00fabal, 62, carrega a habilidade de lidar com n\u00fameros no sobrenome. Apesar da facilidade com finan\u00e7as, a escolha profissional do herdeiro de uma das fam\u00edlias que controla o Ita\u00fa foi outra: formou-se m\u00e9dico pela Santa Casa de Miseric\u00f3rdia de S\u00e3o Paulo, na turma de 1981. Trabalhou em hospitais e [&hellip;]\" \/>\n<meta property=\"og:url\" content=\"https:\/\/fundacaojles.org.br\/biblioteca\/2019\/01\/30\/as-pessoas-acham-que-so-fazer-o-bem-sem-fazer-contas-e-o-suficiente-isso-e-aflitivo\/\" \/>\n<meta property=\"og:site_name\" content=\"Funda\u00e7\u00e3o Jos\u00e9 Luiz Set\u00fabal\" \/>\n<meta property=\"article:published_time\" content=\"2019-01-31T01:33:50+00:00\" \/>\n<meta property=\"article:modified_time\" content=\"2019-02-14T12:10:42+00:00\" \/>\n<meta property=\"og:image\" content=\"https:\/\/fundacaojles.org.br\/biblioteca\/wp-content\/uploads\/2019\/01\/FotoSetubal2.jpg\" \/>\n\t<meta property=\"og:image:width\" content=\"1400\" \/>\n\t<meta property=\"og:image:height\" content=\"935\" \/>\n\t<meta property=\"og:image:type\" content=\"image\/jpeg\" \/>\n<meta name=\"author\" content=\"Equipe FJLES\" \/>\n<meta name=\"twitter:card\" content=\"summary_large_image\" \/>\n<meta name=\"twitter:label1\" content=\"Escrito por\" \/>\n\t<meta name=\"twitter:data1\" content=\"Equipe FJLES\" \/>\n\t<meta name=\"twitter:label2\" content=\"Est. tempo de leitura\" \/>\n\t<meta name=\"twitter:data2\" content=\"11 minutos\" \/>\n<script type=\"application\/ld+json\" class=\"yoast-schema-graph\">{\"@context\":\"https:\\\/\\\/schema.org\",\"@graph\":[{\"@type\":\"Article\",\"@id\":\"https:\\\/\\\/fundacaojles.org.br\\\/biblioteca\\\/2019\\\/01\\\/30\\\/as-pessoas-acham-que-so-fazer-o-bem-sem-fazer-contas-e-o-suficiente-isso-e-aflitivo\\\/#article\",\"isPartOf\":{\"@id\":\"https:\\\/\\\/fundacaojles.org.br\\\/biblioteca\\\/2019\\\/01\\\/30\\\/as-pessoas-acham-que-so-fazer-o-bem-sem-fazer-contas-e-o-suficiente-isso-e-aflitivo\\\/\"},\"author\":{\"name\":\"Equipe FJLES\",\"@id\":\"https:\\\/\\\/fundacaojles.org.br\\\/biblioteca\\\/#\\\/schema\\\/person\\\/e94ff71cb76bb9c28d581520dbd137a2\"},\"headline\":\"\u201cAs pessoas acham que s\u00f3 fazer o bem \u2013 sem fazer contas \u2013 \u00e9 o suficiente. Isso \u00e9 aflitivo\u201d\",\"datePublished\":\"2019-01-31T01:33:50+00:00\",\"dateModified\":\"2019-02-14T12:10:42+00:00\",\"mainEntityOfPage\":{\"@id\":\"https:\\\/\\\/fundacaojles.org.br\\\/biblioteca\\\/2019\\\/01\\\/30\\\/as-pessoas-acham-que-so-fazer-o-bem-sem-fazer-contas-e-o-suficiente-isso-e-aflitivo\\\/\"},\"wordCount\":2300,\"commentCount\":0,\"image\":{\"@id\":\"https:\\\/\\\/fundacaojles.org.br\\\/biblioteca\\\/2019\\\/01\\\/30\\\/as-pessoas-acham-que-so-fazer-o-bem-sem-fazer-contas-e-o-suficiente-isso-e-aflitivo\\\/#primaryimage\"},\"thumbnailUrl\":\"https:\\\/\\\/fundacaojles.org.br\\\/biblioteca\\\/wp-content\\\/uploads\\\/2019\\\/01\\\/FotoSetubal2.jpg\",\"keywords\":[\"Draft\",\"Filantropia\",\"Fundo Patrimonial\",\"Hospital Infantil Sabar\u00e1\",\"Instituto Pensi\",\"Ita\u00fa\",\"Mais M\u00e9dicos\",\"Meritocracia\",\"Resid\u00eancia\",\"Sa\u00fade P\u00fablica\",\"SUS\",\"Vagas\"],\"articleSection\":[\"Entrevista\"],\"inLanguage\":\"pt-BR\",\"potentialAction\":[{\"@type\":\"CommentAction\",\"name\":\"Comment\",\"target\":[\"https:\\\/\\\/fundacaojles.org.br\\\/biblioteca\\\/2019\\\/01\\\/30\\\/as-pessoas-acham-que-so-fazer-o-bem-sem-fazer-contas-e-o-suficiente-isso-e-aflitivo\\\/#respond\"]}]},{\"@type\":\"WebPage\",\"@id\":\"https:\\\/\\\/fundacaojles.org.br\\\/biblioteca\\\/2019\\\/01\\\/30\\\/as-pessoas-acham-que-so-fazer-o-bem-sem-fazer-contas-e-o-suficiente-isso-e-aflitivo\\\/\",\"url\":\"https:\\\/\\\/fundacaojles.org.br\\\/biblioteca\\\/2019\\\/01\\\/30\\\/as-pessoas-acham-que-so-fazer-o-bem-sem-fazer-contas-e-o-suficiente-isso-e-aflitivo\\\/\",\"name\":\"\u201cAs pessoas acham que s\u00f3 fazer o bem \u2013 sem fazer contas \u2013 \u00e9 o suficiente. Isso \u00e9 aflitivo\u201d - Funda\u00e7\u00e3o Jos\u00e9 Luiz Set\u00fabal\",\"isPartOf\":{\"@id\":\"https:\\\/\\\/fundacaojles.org.br\\\/biblioteca\\\/#website\"},\"primaryImageOfPage\":{\"@id\":\"https:\\\/\\\/fundacaojles.org.br\\\/biblioteca\\\/2019\\\/01\\\/30\\\/as-pessoas-acham-que-so-fazer-o-bem-sem-fazer-contas-e-o-suficiente-isso-e-aflitivo\\\/#primaryimage\"},\"image\":{\"@id\":\"https:\\\/\\\/fundacaojles.org.br\\\/biblioteca\\\/2019\\\/01\\\/30\\\/as-pessoas-acham-que-so-fazer-o-bem-sem-fazer-contas-e-o-suficiente-isso-e-aflitivo\\\/#primaryimage\"},\"thumbnailUrl\":\"https:\\\/\\\/fundacaojles.org.br\\\/biblioteca\\\/wp-content\\\/uploads\\\/2019\\\/01\\\/FotoSetubal2.jpg\",\"datePublished\":\"2019-01-31T01:33:50+00:00\",\"dateModified\":\"2019-02-14T12:10:42+00:00\",\"author\":{\"@id\":\"https:\\\/\\\/fundacaojles.org.br\\\/biblioteca\\\/#\\\/schema\\\/person\\\/e94ff71cb76bb9c28d581520dbd137a2\"},\"breadcrumb\":{\"@id\":\"https:\\\/\\\/fundacaojles.org.br\\\/biblioteca\\\/2019\\\/01\\\/30\\\/as-pessoas-acham-que-so-fazer-o-bem-sem-fazer-contas-e-o-suficiente-isso-e-aflitivo\\\/#breadcrumb\"},\"inLanguage\":\"pt-BR\",\"potentialAction\":[{\"@type\":\"ReadAction\",\"target\":[\"https:\\\/\\\/fundacaojles.org.br\\\/biblioteca\\\/2019\\\/01\\\/30\\\/as-pessoas-acham-que-so-fazer-o-bem-sem-fazer-contas-e-o-suficiente-isso-e-aflitivo\\\/\"]}]},{\"@type\":\"ImageObject\",\"inLanguage\":\"pt-BR\",\"@id\":\"https:\\\/\\\/fundacaojles.org.br\\\/biblioteca\\\/2019\\\/01\\\/30\\\/as-pessoas-acham-que-so-fazer-o-bem-sem-fazer-contas-e-o-suficiente-isso-e-aflitivo\\\/#primaryimage\",\"url\":\"https:\\\/\\\/fundacaojles.org.br\\\/biblioteca\\\/wp-content\\\/uploads\\\/2019\\\/01\\\/FotoSetubal2.jpg\",\"contentUrl\":\"https:\\\/\\\/fundacaojles.org.br\\\/biblioteca\\\/wp-content\\\/uploads\\\/2019\\\/01\\\/FotoSetubal2.jpg\",\"width\":1400,\"height\":935},{\"@type\":\"BreadcrumbList\",\"@id\":\"https:\\\/\\\/fundacaojles.org.br\\\/biblioteca\\\/2019\\\/01\\\/30\\\/as-pessoas-acham-que-so-fazer-o-bem-sem-fazer-contas-e-o-suficiente-isso-e-aflitivo\\\/#breadcrumb\",\"itemListElement\":[{\"@type\":\"ListItem\",\"position\":1,\"name\":\"In\u00edcio\",\"item\":\"https:\\\/\\\/fundacaojles.org.br\\\/biblioteca\\\/\"},{\"@type\":\"ListItem\",\"position\":2,\"name\":\"\u201cAs pessoas acham que s\u00f3 fazer o bem \u2013 sem fazer contas \u2013 \u00e9 o suficiente. Isso \u00e9 aflitivo\u201d\"}]},{\"@type\":\"WebSite\",\"@id\":\"https:\\\/\\\/fundacaojles.org.br\\\/biblioteca\\\/#website\",\"url\":\"https:\\\/\\\/fundacaojles.org.br\\\/biblioteca\\\/\",\"name\":\"Funda\u00e7\u00e3o Jos\u00e9 Luiz Set\u00fabal\",\"description\":\"\",\"potentialAction\":[{\"@type\":\"SearchAction\",\"target\":{\"@type\":\"EntryPoint\",\"urlTemplate\":\"https:\\\/\\\/fundacaojles.org.br\\\/biblioteca\\\/?s={search_term_string}\"},\"query-input\":{\"@type\":\"PropertyValueSpecification\",\"valueRequired\":true,\"valueName\":\"search_term_string\"}}],\"inLanguage\":\"pt-BR\"},{\"@type\":\"Person\",\"@id\":\"https:\\\/\\\/fundacaojles.org.br\\\/biblioteca\\\/#\\\/schema\\\/person\\\/e94ff71cb76bb9c28d581520dbd137a2\",\"name\":\"Equipe FJLES\",\"image\":{\"@type\":\"ImageObject\",\"inLanguage\":\"pt-BR\",\"@id\":\"https:\\\/\\\/secure.gravatar.com\\\/avatar\\\/1b2ce5b1cb60c43f8d10074e3a689d7824bf778357b559fea12a89a02835c8e8?s=96&d=mm&r=g\",\"url\":\"https:\\\/\\\/secure.gravatar.com\\\/avatar\\\/1b2ce5b1cb60c43f8d10074e3a689d7824bf778357b559fea12a89a02835c8e8?s=96&d=mm&r=g\",\"contentUrl\":\"https:\\\/\\\/secure.gravatar.com\\\/avatar\\\/1b2ce5b1cb60c43f8d10074e3a689d7824bf778357b559fea12a89a02835c8e8?s=96&d=mm&r=g\",\"caption\":\"Equipe FJLES\"}}]}<\/script>\n<!-- \/ Yoast SEO plugin. -->","yoast_head_json":{"title":"\u201cAs pessoas acham que s\u00f3 fazer o bem \u2013 sem fazer contas \u2013 \u00e9 o suficiente. Isso \u00e9 aflitivo\u201d - Funda\u00e7\u00e3o Jos\u00e9 Luiz Set\u00fabal","robots":{"index":"index","follow":"follow","max-snippet":"max-snippet:-1","max-image-preview":"max-image-preview:large","max-video-preview":"max-video-preview:-1"},"canonical":"https:\/\/fundacaojles.org.br\/biblioteca\/2019\/01\/30\/as-pessoas-acham-que-so-fazer-o-bem-sem-fazer-contas-e-o-suficiente-isso-e-aflitivo\/","og_locale":"pt_BR","og_type":"article","og_title":"\u201cAs pessoas acham que s\u00f3 fazer o bem \u2013 sem fazer contas \u2013 \u00e9 o suficiente. Isso \u00e9 aflitivo\u201d - Funda\u00e7\u00e3o Jos\u00e9 Luiz Set\u00fabal","og_description":"Fonte: Projeto Draft. Jos\u00e9 Luiz Egydio Set\u00fabal, 62, carrega a habilidade de lidar com n\u00fameros no sobrenome. Apesar da facilidade com finan\u00e7as, a escolha profissional do herdeiro de uma das fam\u00edlias que controla o Ita\u00fa foi outra: formou-se m\u00e9dico pela Santa Casa de Miseric\u00f3rdia de S\u00e3o Paulo, na turma de 1981. Trabalhou em hospitais e [&hellip;]","og_url":"https:\/\/fundacaojles.org.br\/biblioteca\/2019\/01\/30\/as-pessoas-acham-que-so-fazer-o-bem-sem-fazer-contas-e-o-suficiente-isso-e-aflitivo\/","og_site_name":"Funda\u00e7\u00e3o Jos\u00e9 Luiz Set\u00fabal","article_published_time":"2019-01-31T01:33:50+00:00","article_modified_time":"2019-02-14T12:10:42+00:00","og_image":[{"width":1400,"height":935,"url":"https:\/\/fundacaojles.org.br\/biblioteca\/wp-content\/uploads\/2019\/01\/FotoSetubal2.jpg","type":"image\/jpeg"}],"author":"Equipe FJLES","twitter_card":"summary_large_image","twitter_misc":{"Escrito por":"Equipe FJLES","Est. tempo de leitura":"11 minutos"},"schema":{"@context":"https:\/\/schema.org","@graph":[{"@type":"Article","@id":"https:\/\/fundacaojles.org.br\/biblioteca\/2019\/01\/30\/as-pessoas-acham-que-so-fazer-o-bem-sem-fazer-contas-e-o-suficiente-isso-e-aflitivo\/#article","isPartOf":{"@id":"https:\/\/fundacaojles.org.br\/biblioteca\/2019\/01\/30\/as-pessoas-acham-que-so-fazer-o-bem-sem-fazer-contas-e-o-suficiente-isso-e-aflitivo\/"},"author":{"name":"Equipe FJLES","@id":"https:\/\/fundacaojles.org.br\/biblioteca\/#\/schema\/person\/e94ff71cb76bb9c28d581520dbd137a2"},"headline":"\u201cAs pessoas acham que s\u00f3 fazer o bem \u2013 sem fazer contas \u2013 \u00e9 o suficiente. Isso \u00e9 aflitivo\u201d","datePublished":"2019-01-31T01:33:50+00:00","dateModified":"2019-02-14T12:10:42+00:00","mainEntityOfPage":{"@id":"https:\/\/fundacaojles.org.br\/biblioteca\/2019\/01\/30\/as-pessoas-acham-que-so-fazer-o-bem-sem-fazer-contas-e-o-suficiente-isso-e-aflitivo\/"},"wordCount":2300,"commentCount":0,"image":{"@id":"https:\/\/fundacaojles.org.br\/biblioteca\/2019\/01\/30\/as-pessoas-acham-que-so-fazer-o-bem-sem-fazer-contas-e-o-suficiente-isso-e-aflitivo\/#primaryimage"},"thumbnailUrl":"https:\/\/fundacaojles.org.br\/biblioteca\/wp-content\/uploads\/2019\/01\/FotoSetubal2.jpg","keywords":["Draft","Filantropia","Fundo Patrimonial","Hospital Infantil Sabar\u00e1","Instituto Pensi","Ita\u00fa","Mais M\u00e9dicos","Meritocracia","Resid\u00eancia","Sa\u00fade P\u00fablica","SUS","Vagas"],"articleSection":["Entrevista"],"inLanguage":"pt-BR","potentialAction":[{"@type":"CommentAction","name":"Comment","target":["https:\/\/fundacaojles.org.br\/biblioteca\/2019\/01\/30\/as-pessoas-acham-que-so-fazer-o-bem-sem-fazer-contas-e-o-suficiente-isso-e-aflitivo\/#respond"]}]},{"@type":"WebPage","@id":"https:\/\/fundacaojles.org.br\/biblioteca\/2019\/01\/30\/as-pessoas-acham-que-so-fazer-o-bem-sem-fazer-contas-e-o-suficiente-isso-e-aflitivo\/","url":"https:\/\/fundacaojles.org.br\/biblioteca\/2019\/01\/30\/as-pessoas-acham-que-so-fazer-o-bem-sem-fazer-contas-e-o-suficiente-isso-e-aflitivo\/","name":"\u201cAs pessoas acham que s\u00f3 fazer o bem \u2013 sem fazer contas \u2013 \u00e9 o suficiente. Isso \u00e9 aflitivo\u201d - Funda\u00e7\u00e3o Jos\u00e9 Luiz Set\u00fabal","isPartOf":{"@id":"https:\/\/fundacaojles.org.br\/biblioteca\/#website"},"primaryImageOfPage":{"@id":"https:\/\/fundacaojles.org.br\/biblioteca\/2019\/01\/30\/as-pessoas-acham-que-so-fazer-o-bem-sem-fazer-contas-e-o-suficiente-isso-e-aflitivo\/#primaryimage"},"image":{"@id":"https:\/\/fundacaojles.org.br\/biblioteca\/2019\/01\/30\/as-pessoas-acham-que-so-fazer-o-bem-sem-fazer-contas-e-o-suficiente-isso-e-aflitivo\/#primaryimage"},"thumbnailUrl":"https:\/\/fundacaojles.org.br\/biblioteca\/wp-content\/uploads\/2019\/01\/FotoSetubal2.jpg","datePublished":"2019-01-31T01:33:50+00:00","dateModified":"2019-02-14T12:10:42+00:00","author":{"@id":"https:\/\/fundacaojles.org.br\/biblioteca\/#\/schema\/person\/e94ff71cb76bb9c28d581520dbd137a2"},"breadcrumb":{"@id":"https:\/\/fundacaojles.org.br\/biblioteca\/2019\/01\/30\/as-pessoas-acham-que-so-fazer-o-bem-sem-fazer-contas-e-o-suficiente-isso-e-aflitivo\/#breadcrumb"},"inLanguage":"pt-BR","potentialAction":[{"@type":"ReadAction","target":["https:\/\/fundacaojles.org.br\/biblioteca\/2019\/01\/30\/as-pessoas-acham-que-so-fazer-o-bem-sem-fazer-contas-e-o-suficiente-isso-e-aflitivo\/"]}]},{"@type":"ImageObject","inLanguage":"pt-BR","@id":"https:\/\/fundacaojles.org.br\/biblioteca\/2019\/01\/30\/as-pessoas-acham-que-so-fazer-o-bem-sem-fazer-contas-e-o-suficiente-isso-e-aflitivo\/#primaryimage","url":"https:\/\/fundacaojles.org.br\/biblioteca\/wp-content\/uploads\/2019\/01\/FotoSetubal2.jpg","contentUrl":"https:\/\/fundacaojles.org.br\/biblioteca\/wp-content\/uploads\/2019\/01\/FotoSetubal2.jpg","width":1400,"height":935},{"@type":"BreadcrumbList","@id":"https:\/\/fundacaojles.org.br\/biblioteca\/2019\/01\/30\/as-pessoas-acham-que-so-fazer-o-bem-sem-fazer-contas-e-o-suficiente-isso-e-aflitivo\/#breadcrumb","itemListElement":[{"@type":"ListItem","position":1,"name":"In\u00edcio","item":"https:\/\/fundacaojles.org.br\/biblioteca\/"},{"@type":"ListItem","position":2,"name":"\u201cAs pessoas acham que s\u00f3 fazer o bem \u2013 sem fazer contas \u2013 \u00e9 o suficiente. Isso \u00e9 aflitivo\u201d"}]},{"@type":"WebSite","@id":"https:\/\/fundacaojles.org.br\/biblioteca\/#website","url":"https:\/\/fundacaojles.org.br\/biblioteca\/","name":"Funda\u00e7\u00e3o Jos\u00e9 Luiz Set\u00fabal","description":"","potentialAction":[{"@type":"SearchAction","target":{"@type":"EntryPoint","urlTemplate":"https:\/\/fundacaojles.org.br\/biblioteca\/?s={search_term_string}"},"query-input":{"@type":"PropertyValueSpecification","valueRequired":true,"valueName":"search_term_string"}}],"inLanguage":"pt-BR"},{"@type":"Person","@id":"https:\/\/fundacaojles.org.br\/biblioteca\/#\/schema\/person\/e94ff71cb76bb9c28d581520dbd137a2","name":"Equipe FJLES","image":{"@type":"ImageObject","inLanguage":"pt-BR","@id":"https:\/\/secure.gravatar.com\/avatar\/1b2ce5b1cb60c43f8d10074e3a689d7824bf778357b559fea12a89a02835c8e8?s=96&d=mm&r=g","url":"https:\/\/secure.gravatar.com\/avatar\/1b2ce5b1cb60c43f8d10074e3a689d7824bf778357b559fea12a89a02835c8e8?s=96&d=mm&r=g","contentUrl":"https:\/\/secure.gravatar.com\/avatar\/1b2ce5b1cb60c43f8d10074e3a689d7824bf778357b559fea12a89a02835c8e8?s=96&d=mm&r=g","caption":"Equipe FJLES"}}]}},"_links":{"self":[{"href":"https:\/\/fundacaojles.org.br\/biblioteca\/wp-json\/wp\/v2\/posts\/18247","targetHints":{"allow":["GET"]}}],"collection":[{"href":"https:\/\/fundacaojles.org.br\/biblioteca\/wp-json\/wp\/v2\/posts"}],"about":[{"href":"https:\/\/fundacaojles.org.br\/biblioteca\/wp-json\/wp\/v2\/types\/post"}],"author":[{"embeddable":true,"href":"https:\/\/fundacaojles.org.br\/biblioteca\/wp-json\/wp\/v2\/users\/1"}],"replies":[{"embeddable":true,"href":"https:\/\/fundacaojles.org.br\/biblioteca\/wp-json\/wp\/v2\/comments?post=18247"}],"version-history":[{"count":6,"href":"https:\/\/fundacaojles.org.br\/biblioteca\/wp-json\/wp\/v2\/posts\/18247\/revisions"}],"predecessor-version":[{"id":18349,"href":"https:\/\/fundacaojles.org.br\/biblioteca\/wp-json\/wp\/v2\/posts\/18247\/revisions\/18349"}],"wp:featuredmedia":[{"embeddable":true,"href":"https:\/\/fundacaojles.org.br\/biblioteca\/wp-json\/wp\/v2\/media\/18248"}],"wp:attachment":[{"href":"https:\/\/fundacaojles.org.br\/biblioteca\/wp-json\/wp\/v2\/media?parent=18247"}],"wp:term":[{"taxonomy":"category","embeddable":true,"href":"https:\/\/fundacaojles.org.br\/biblioteca\/wp-json\/wp\/v2\/categories?post=18247"},{"taxonomy":"post_tag","embeddable":true,"href":"https:\/\/fundacaojles.org.br\/biblioteca\/wp-json\/wp\/v2\/tags?post=18247"}],"curies":[{"name":"wp","href":"https:\/\/api.w.org\/{rel}","templated":true}]}}