{"id":18499,"date":"2019-05-31T13:57:52","date_gmt":"2019-05-31T16:57:52","guid":{"rendered":"http:\/\/fundacaojles.org.br\/biblioteca\/?p=18499"},"modified":"2019-05-31T14:17:16","modified_gmt":"2019-05-31T17:17:16","slug":"jose-luiz-setubal-fala-sobre-filantropia-nas-paginas-amarelas-de-veja","status":"publish","type":"post","link":"https:\/\/fundacaojles.org.br\/biblioteca\/2019\/05\/31\/jose-luiz-setubal-fala-sobre-filantropia-nas-paginas-amarelas-de-veja\/","title":{"rendered":"Jos\u00e9 Luiz Set\u00fabal fala sobre filantropia nas P\u00e1ginas Amarelas de Veja."},"content":{"rendered":"<p>[et_pb_section bb_built=&#8221;1&#8243; _builder_version=&#8221;3.0.47&#8243; custom_padding=&#8221;0|0px|54px|0px|false|false&#8221;][et_pb_row _builder_version=&#8221;3.0.48&#8243; background_size=&#8221;initial&#8221; background_position=&#8221;top_left&#8221; background_repeat=&#8221;repeat&#8221;][et_pb_column type=&#8221;4_4&#8243;][et_pb_text disabled_on=&#8221;off|off|off&#8221; _builder_version=&#8221;3.17.6&#8243; custom_margin=&#8221;0px|||&#8221;]<\/p>\n<p>O acionista do Ita\u00fa, banco que lucrou 25,7 bilh\u00f5es de reais em 2018, fala de sua batalha para engajar pessoas de alto poder aquisitivo na pr\u00e1tica da filantropia e ajudar a transformar o pa\u00eds. Confira a entrevista nas imagens:<\/p>\n<p>[\/et_pb_text][et_pb_image src=&#8221;https:\/\/fundacaojles.org.br\/biblioteca\/wp-content\/uploads\/2019\/05\/materia_paginas_amarelas_1.jpg&#8221; show_in_lightbox=&#8221;on&#8221; _builder_version=&#8221;3.17.6&#8243;]<\/p>\n<p><\/p>\n<p>[\/et_pb_image][et_pb_image src=&#8221;https:\/\/fundacaojles.org.br\/biblioteca\/wp-content\/uploads\/2019\/05\/materia_paginas_amarelas_2.jpg&#8221; show_in_lightbox=&#8221;on&#8221; _builder_version=&#8221;3.17.6&#8243;]<\/p>\n<p><\/p>\n<p>[\/et_pb_image][et_pb_image src=&#8221;https:\/\/fundacaojles.org.br\/biblioteca\/wp-content\/uploads\/2019\/05\/materia_paginas_amarelas_3.jpg&#8221; show_in_lightbox=&#8221;on&#8221; _builder_version=&#8221;3.17.6&#8243;]<\/p>\n<p><\/p>\n<p>[\/et_pb_image][\/et_pb_column][\/et_pb_row][\/et_pb_section]<\/p>\n","protected":false},"excerpt":{"rendered":"<p>O acionista do Ita\u00fa, banco que lucrou 25,7 bilh\u00f5es de reais em 2018, fala de sua batalha para engajar pessoas de alto poder aquisitivo na pr\u00e1tica da filantropia e ajudar a transformar o pa\u00eds. Confira a entrevista nas imagens.<\/p>\n","protected":false},"author":1,"featured_media":18507,"comment_status":"open","ping_status":"open","sticky":false,"template":"","format":"standard","meta":{"_acf_changed":false,"_et_pb_use_builder":"on","_et_pb_old_content":"","_et_gb_content_width":"","inline_featured_image":false,"footnotes":""},"categories":[18],"tags":[],"class_list":["post-18499","post","type-post","status-publish","format-standard","has-post-thumbnail","hentry","category-entrevista"],"acf":[],"yoast_head":"<!-- This site is optimized with the Yoast SEO plugin v27.5 - https:\/\/yoast.com\/product\/yoast-seo-wordpress\/ -->\n<title>Jos\u00e9 Luiz Set\u00fabal fala sobre filantropia nas P\u00e1ginas Amarelas de Veja. - Funda\u00e7\u00e3o Jos\u00e9 Luiz Set\u00fabal<\/title>\n<meta name=\"robots\" content=\"index, follow, max-snippet:-1, max-image-preview:large, max-video-preview:-1\" \/>\n<link rel=\"canonical\" href=\"https:\/\/fundacaojles.org.br\/biblioteca\/2019\/05\/31\/jose-luiz-setubal-fala-sobre-filantropia-nas-paginas-amarelas-de-veja\/\" \/>\n<meta property=\"og:locale\" content=\"pt_BR\" \/>\n<meta property=\"og:type\" content=\"article\" \/>\n<meta property=\"og:title\" content=\"Jos\u00e9 Luiz Set\u00fabal fala sobre filantropia nas P\u00e1ginas Amarelas de Veja. - Funda\u00e7\u00e3o Jos\u00e9 Luiz Set\u00fabal\" \/>\n<meta property=\"og:description\" content=\"O acionista do Ita\u00fa, banco que lucrou 25,7 bilh\u00f5es de reais em 2018, fala de sua batalha para engajar pessoas de alto poder aquisitivo na pr\u00e1tica da filantropia e ajudar a transformar o pa\u00eds. Confira a entrevista nas imagens.\" \/>\n<meta property=\"og:url\" content=\"https:\/\/fundacaojles.org.br\/biblioteca\/2019\/05\/31\/jose-luiz-setubal-fala-sobre-filantropia-nas-paginas-amarelas-de-veja\/\" \/>\n<meta property=\"og:site_name\" content=\"Funda\u00e7\u00e3o Jos\u00e9 Luiz Set\u00fabal\" \/>\n<meta property=\"article:published_time\" content=\"2019-05-31T16:57:52+00:00\" \/>\n<meta property=\"article:modified_time\" content=\"2019-05-31T17:17:16+00:00\" \/>\n<meta property=\"og:image\" content=\"https:\/\/fundacaojles.org.br\/biblioteca\/wp-content\/uploads\/2019\/05\/foto_dr_jose_luis_paulo_vitale.jpg\" \/>\n\t<meta property=\"og:image:width\" content=\"1000\" \/>\n\t<meta property=\"og:image:height\" content=\"642\" \/>\n\t<meta property=\"og:image:type\" content=\"image\/jpeg\" \/>\n<meta name=\"author\" content=\"Equipe FJLES\" \/>\n<meta name=\"twitter:card\" content=\"summary_large_image\" \/>\n<meta name=\"twitter:label1\" content=\"Escrito por\" \/>\n\t<meta name=\"twitter:data1\" content=\"Equipe FJLES\" \/>\n\t<meta name=\"twitter:label2\" content=\"Est. tempo de leitura\" \/>\n\t<meta name=\"twitter:data2\" content=\"1 minuto\" \/>\n<script type=\"application\/ld+json\" class=\"yoast-schema-graph\">{\"@context\":\"https:\\\/\\\/schema.org\",\"@graph\":[{\"@type\":\"Article\",\"@id\":\"https:\\\/\\\/fundacaojles.org.br\\\/biblioteca\\\/2019\\\/05\\\/31\\\/jose-luiz-setubal-fala-sobre-filantropia-nas-paginas-amarelas-de-veja\\\/#article\",\"isPartOf\":{\"@id\":\"https:\\\/\\\/fundacaojles.org.br\\\/biblioteca\\\/2019\\\/05\\\/31\\\/jose-luiz-setubal-fala-sobre-filantropia-nas-paginas-amarelas-de-veja\\\/\"},\"author\":{\"name\":\"Equipe FJLES\",\"@id\":\"https:\\\/\\\/fundacaojles.org.br\\\/biblioteca\\\/#\\\/schema\\\/person\\\/e94ff71cb76bb9c28d581520dbd137a2\"},\"headline\":\"Jos\u00e9 Luiz Set\u00fabal fala sobre filantropia nas P\u00e1ginas Amarelas de Veja.\",\"datePublished\":\"2019-05-31T16:57:52+00:00\",\"dateModified\":\"2019-05-31T17:17:16+00:00\",\"mainEntityOfPage\":{\"@id\":\"https:\\\/\\\/fundacaojles.org.br\\\/biblioteca\\\/2019\\\/05\\\/31\\\/jose-luiz-setubal-fala-sobre-filantropia-nas-paginas-amarelas-de-veja\\\/\"},\"wordCount\":183,\"commentCount\":3,\"image\":{\"@id\":\"https:\\\/\\\/fundacaojles.org.br\\\/biblioteca\\\/2019\\\/05\\\/31\\\/jose-luiz-setubal-fala-sobre-filantropia-nas-paginas-amarelas-de-veja\\\/#primaryimage\"},\"thumbnailUrl\":\"https:\\\/\\\/fundacaojles.org.br\\\/biblioteca\\\/wp-content\\\/uploads\\\/2019\\\/05\\\/foto_dr_jose_luis_paulo_vitale.jpg\",\"articleSection\":[\"Entrevista\"],\"inLanguage\":\"pt-BR\",\"potentialAction\":[{\"@type\":\"CommentAction\",\"name\":\"Comment\",\"target\":[\"https:\\\/\\\/fundacaojles.org.br\\\/biblioteca\\\/2019\\\/05\\\/31\\\/jose-luiz-setubal-fala-sobre-filantropia-nas-paginas-amarelas-de-veja\\\/#respond\"]}]},{\"@type\":\"WebPage\",\"@id\":\"https:\\\/\\\/fundacaojles.org.br\\\/biblioteca\\\/2019\\\/05\\\/31\\\/jose-luiz-setubal-fala-sobre-filantropia-nas-paginas-amarelas-de-veja\\\/\",\"url\":\"https:\\\/\\\/fundacaojles.org.br\\\/biblioteca\\\/2019\\\/05\\\/31\\\/jose-luiz-setubal-fala-sobre-filantropia-nas-paginas-amarelas-de-veja\\\/\",\"name\":\"Jos\u00e9 Luiz Set\u00fabal fala sobre filantropia nas P\u00e1ginas Amarelas de Veja. - Funda\u00e7\u00e3o Jos\u00e9 Luiz Set\u00fabal\",\"isPartOf\":{\"@id\":\"https:\\\/\\\/fundacaojles.org.br\\\/biblioteca\\\/#website\"},\"primaryImageOfPage\":{\"@id\":\"https:\\\/\\\/fundacaojles.org.br\\\/biblioteca\\\/2019\\\/05\\\/31\\\/jose-luiz-setubal-fala-sobre-filantropia-nas-paginas-amarelas-de-veja\\\/#primaryimage\"},\"image\":{\"@id\":\"https:\\\/\\\/fundacaojles.org.br\\\/biblioteca\\\/2019\\\/05\\\/31\\\/jose-luiz-setubal-fala-sobre-filantropia-nas-paginas-amarelas-de-veja\\\/#primaryimage\"},\"thumbnailUrl\":\"https:\\\/\\\/fundacaojles.org.br\\\/biblioteca\\\/wp-content\\\/uploads\\\/2019\\\/05\\\/foto_dr_jose_luis_paulo_vitale.jpg\",\"datePublished\":\"2019-05-31T16:57:52+00:00\",\"dateModified\":\"2019-05-31T17:17:16+00:00\",\"author\":{\"@id\":\"https:\\\/\\\/fundacaojles.org.br\\\/biblioteca\\\/#\\\/schema\\\/person\\\/e94ff71cb76bb9c28d581520dbd137a2\"},\"breadcrumb\":{\"@id\":\"https:\\\/\\\/fundacaojles.org.br\\\/biblioteca\\\/2019\\\/05\\\/31\\\/jose-luiz-setubal-fala-sobre-filantropia-nas-paginas-amarelas-de-veja\\\/#breadcrumb\"},\"inLanguage\":\"pt-BR\",\"potentialAction\":[{\"@type\":\"ReadAction\",\"target\":[\"https:\\\/\\\/fundacaojles.org.br\\\/biblioteca\\\/2019\\\/05\\\/31\\\/jose-luiz-setubal-fala-sobre-filantropia-nas-paginas-amarelas-de-veja\\\/\"]}]},{\"@type\":\"ImageObject\",\"inLanguage\":\"pt-BR\",\"@id\":\"https:\\\/\\\/fundacaojles.org.br\\\/biblioteca\\\/2019\\\/05\\\/31\\\/jose-luiz-setubal-fala-sobre-filantropia-nas-paginas-amarelas-de-veja\\\/#primaryimage\",\"url\":\"https:\\\/\\\/fundacaojles.org.br\\\/biblioteca\\\/wp-content\\\/uploads\\\/2019\\\/05\\\/foto_dr_jose_luis_paulo_vitale.jpg\",\"contentUrl\":\"https:\\\/\\\/fundacaojles.org.br\\\/biblioteca\\\/wp-content\\\/uploads\\\/2019\\\/05\\\/foto_dr_jose_luis_paulo_vitale.jpg\",\"width\":1000,\"height\":642},{\"@type\":\"BreadcrumbList\",\"@id\":\"https:\\\/\\\/fundacaojles.org.br\\\/biblioteca\\\/2019\\\/05\\\/31\\\/jose-luiz-setubal-fala-sobre-filantropia-nas-paginas-amarelas-de-veja\\\/#breadcrumb\",\"itemListElement\":[{\"@type\":\"ListItem\",\"position\":1,\"name\":\"In\u00edcio\",\"item\":\"https:\\\/\\\/fundacaojles.org.br\\\/biblioteca\\\/\"},{\"@type\":\"ListItem\",\"position\":2,\"name\":\"Jos\u00e9 Luiz Set\u00fabal fala sobre filantropia nas P\u00e1ginas Amarelas de Veja.\"}]},{\"@type\":\"WebSite\",\"@id\":\"https:\\\/\\\/fundacaojles.org.br\\\/biblioteca\\\/#website\",\"url\":\"https:\\\/\\\/fundacaojles.org.br\\\/biblioteca\\\/\",\"name\":\"Funda\u00e7\u00e3o Jos\u00e9 Luiz Set\u00fabal\",\"description\":\"\",\"potentialAction\":[{\"@type\":\"SearchAction\",\"target\":{\"@type\":\"EntryPoint\",\"urlTemplate\":\"https:\\\/\\\/fundacaojles.org.br\\\/biblioteca\\\/?s={search_term_string}\"},\"query-input\":{\"@type\":\"PropertyValueSpecification\",\"valueRequired\":true,\"valueName\":\"search_term_string\"}}],\"inLanguage\":\"pt-BR\"},{\"@type\":\"Person\",\"@id\":\"https:\\\/\\\/fundacaojles.org.br\\\/biblioteca\\\/#\\\/schema\\\/person\\\/e94ff71cb76bb9c28d581520dbd137a2\",\"name\":\"Equipe FJLES\",\"image\":{\"@type\":\"ImageObject\",\"inLanguage\":\"pt-BR\",\"@id\":\"https:\\\/\\\/secure.gravatar.com\\\/avatar\\\/1b2ce5b1cb60c43f8d10074e3a689d7824bf778357b559fea12a89a02835c8e8?s=96&d=mm&r=g\",\"url\":\"https:\\\/\\\/secure.gravatar.com\\\/avatar\\\/1b2ce5b1cb60c43f8d10074e3a689d7824bf778357b559fea12a89a02835c8e8?s=96&d=mm&r=g\",\"contentUrl\":\"https:\\\/\\\/secure.gravatar.com\\\/avatar\\\/1b2ce5b1cb60c43f8d10074e3a689d7824bf778357b559fea12a89a02835c8e8?s=96&d=mm&r=g\",\"caption\":\"Equipe FJLES\"}}]}<\/script>\n<!-- \/ Yoast SEO plugin. -->","yoast_head_json":{"title":"Jos\u00e9 Luiz Set\u00fabal fala sobre filantropia nas P\u00e1ginas Amarelas de Veja. - Funda\u00e7\u00e3o Jos\u00e9 Luiz Set\u00fabal","robots":{"index":"index","follow":"follow","max-snippet":"max-snippet:-1","max-image-preview":"max-image-preview:large","max-video-preview":"max-video-preview:-1"},"canonical":"https:\/\/fundacaojles.org.br\/biblioteca\/2019\/05\/31\/jose-luiz-setubal-fala-sobre-filantropia-nas-paginas-amarelas-de-veja\/","og_locale":"pt_BR","og_type":"article","og_title":"Jos\u00e9 Luiz Set\u00fabal fala sobre filantropia nas P\u00e1ginas Amarelas de Veja. - Funda\u00e7\u00e3o Jos\u00e9 Luiz Set\u00fabal","og_description":"O acionista do Ita\u00fa, banco que lucrou 25,7 bilh\u00f5es de reais em 2018, fala de sua batalha para engajar pessoas de alto poder aquisitivo na pr\u00e1tica da filantropia e ajudar a transformar o pa\u00eds. Confira a entrevista nas imagens.","og_url":"https:\/\/fundacaojles.org.br\/biblioteca\/2019\/05\/31\/jose-luiz-setubal-fala-sobre-filantropia-nas-paginas-amarelas-de-veja\/","og_site_name":"Funda\u00e7\u00e3o Jos\u00e9 Luiz Set\u00fabal","article_published_time":"2019-05-31T16:57:52+00:00","article_modified_time":"2019-05-31T17:17:16+00:00","og_image":[{"width":1000,"height":642,"url":"https:\/\/fundacaojles.org.br\/biblioteca\/wp-content\/uploads\/2019\/05\/foto_dr_jose_luis_paulo_vitale.jpg","type":"image\/jpeg"}],"author":"Equipe FJLES","twitter_card":"summary_large_image","twitter_misc":{"Escrito por":"Equipe FJLES","Est. tempo de leitura":"1 minuto"},"schema":{"@context":"https:\/\/schema.org","@graph":[{"@type":"Article","@id":"https:\/\/fundacaojles.org.br\/biblioteca\/2019\/05\/31\/jose-luiz-setubal-fala-sobre-filantropia-nas-paginas-amarelas-de-veja\/#article","isPartOf":{"@id":"https:\/\/fundacaojles.org.br\/biblioteca\/2019\/05\/31\/jose-luiz-setubal-fala-sobre-filantropia-nas-paginas-amarelas-de-veja\/"},"author":{"name":"Equipe FJLES","@id":"https:\/\/fundacaojles.org.br\/biblioteca\/#\/schema\/person\/e94ff71cb76bb9c28d581520dbd137a2"},"headline":"Jos\u00e9 Luiz Set\u00fabal fala sobre filantropia nas P\u00e1ginas Amarelas de Veja.","datePublished":"2019-05-31T16:57:52+00:00","dateModified":"2019-05-31T17:17:16+00:00","mainEntityOfPage":{"@id":"https:\/\/fundacaojles.org.br\/biblioteca\/2019\/05\/31\/jose-luiz-setubal-fala-sobre-filantropia-nas-paginas-amarelas-de-veja\/"},"wordCount":183,"commentCount":3,"image":{"@id":"https:\/\/fundacaojles.org.br\/biblioteca\/2019\/05\/31\/jose-luiz-setubal-fala-sobre-filantropia-nas-paginas-amarelas-de-veja\/#primaryimage"},"thumbnailUrl":"https:\/\/fundacaojles.org.br\/biblioteca\/wp-content\/uploads\/2019\/05\/foto_dr_jose_luis_paulo_vitale.jpg","articleSection":["Entrevista"],"inLanguage":"pt-BR","potentialAction":[{"@type":"CommentAction","name":"Comment","target":["https:\/\/fundacaojles.org.br\/biblioteca\/2019\/05\/31\/jose-luiz-setubal-fala-sobre-filantropia-nas-paginas-amarelas-de-veja\/#respond"]}]},{"@type":"WebPage","@id":"https:\/\/fundacaojles.org.br\/biblioteca\/2019\/05\/31\/jose-luiz-setubal-fala-sobre-filantropia-nas-paginas-amarelas-de-veja\/","url":"https:\/\/fundacaojles.org.br\/biblioteca\/2019\/05\/31\/jose-luiz-setubal-fala-sobre-filantropia-nas-paginas-amarelas-de-veja\/","name":"Jos\u00e9 Luiz Set\u00fabal fala sobre filantropia nas P\u00e1ginas Amarelas de Veja. - Funda\u00e7\u00e3o Jos\u00e9 Luiz Set\u00fabal","isPartOf":{"@id":"https:\/\/fundacaojles.org.br\/biblioteca\/#website"},"primaryImageOfPage":{"@id":"https:\/\/fundacaojles.org.br\/biblioteca\/2019\/05\/31\/jose-luiz-setubal-fala-sobre-filantropia-nas-paginas-amarelas-de-veja\/#primaryimage"},"image":{"@id":"https:\/\/fundacaojles.org.br\/biblioteca\/2019\/05\/31\/jose-luiz-setubal-fala-sobre-filantropia-nas-paginas-amarelas-de-veja\/#primaryimage"},"thumbnailUrl":"https:\/\/fundacaojles.org.br\/biblioteca\/wp-content\/uploads\/2019\/05\/foto_dr_jose_luis_paulo_vitale.jpg","datePublished":"2019-05-31T16:57:52+00:00","dateModified":"2019-05-31T17:17:16+00:00","author":{"@id":"https:\/\/fundacaojles.org.br\/biblioteca\/#\/schema\/person\/e94ff71cb76bb9c28d581520dbd137a2"},"breadcrumb":{"@id":"https:\/\/fundacaojles.org.br\/biblioteca\/2019\/05\/31\/jose-luiz-setubal-fala-sobre-filantropia-nas-paginas-amarelas-de-veja\/#breadcrumb"},"inLanguage":"pt-BR","potentialAction":[{"@type":"ReadAction","target":["https:\/\/fundacaojles.org.br\/biblioteca\/2019\/05\/31\/jose-luiz-setubal-fala-sobre-filantropia-nas-paginas-amarelas-de-veja\/"]}]},{"@type":"ImageObject","inLanguage":"pt-BR","@id":"https:\/\/fundacaojles.org.br\/biblioteca\/2019\/05\/31\/jose-luiz-setubal-fala-sobre-filantropia-nas-paginas-amarelas-de-veja\/#primaryimage","url":"https:\/\/fundacaojles.org.br\/biblioteca\/wp-content\/uploads\/2019\/05\/foto_dr_jose_luis_paulo_vitale.jpg","contentUrl":"https:\/\/fundacaojles.org.br\/biblioteca\/wp-content\/uploads\/2019\/05\/foto_dr_jose_luis_paulo_vitale.jpg","width":1000,"height":642},{"@type":"BreadcrumbList","@id":"https:\/\/fundacaojles.org.br\/biblioteca\/2019\/05\/31\/jose-luiz-setubal-fala-sobre-filantropia-nas-paginas-amarelas-de-veja\/#breadcrumb","itemListElement":[{"@type":"ListItem","position":1,"name":"In\u00edcio","item":"https:\/\/fundacaojles.org.br\/biblioteca\/"},{"@type":"ListItem","position":2,"name":"Jos\u00e9 Luiz Set\u00fabal fala sobre filantropia nas P\u00e1ginas Amarelas de Veja."}]},{"@type":"WebSite","@id":"https:\/\/fundacaojles.org.br\/biblioteca\/#website","url":"https:\/\/fundacaojles.org.br\/biblioteca\/","name":"Funda\u00e7\u00e3o Jos\u00e9 Luiz Set\u00fabal","description":"","potentialAction":[{"@type":"SearchAction","target":{"@type":"EntryPoint","urlTemplate":"https:\/\/fundacaojles.org.br\/biblioteca\/?s={search_term_string}"},"query-input":{"@type":"PropertyValueSpecification","valueRequired":true,"valueName":"search_term_string"}}],"inLanguage":"pt-BR"},{"@type":"Person","@id":"https:\/\/fundacaojles.org.br\/biblioteca\/#\/schema\/person\/e94ff71cb76bb9c28d581520dbd137a2","name":"Equipe FJLES","image":{"@type":"ImageObject","inLanguage":"pt-BR","@id":"https:\/\/secure.gravatar.com\/avatar\/1b2ce5b1cb60c43f8d10074e3a689d7824bf778357b559fea12a89a02835c8e8?s=96&d=mm&r=g","url":"https:\/\/secure.gravatar.com\/avatar\/1b2ce5b1cb60c43f8d10074e3a689d7824bf778357b559fea12a89a02835c8e8?s=96&d=mm&r=g","contentUrl":"https:\/\/secure.gravatar.com\/avatar\/1b2ce5b1cb60c43f8d10074e3a689d7824bf778357b559fea12a89a02835c8e8?s=96&d=mm&r=g","caption":"Equipe FJLES"}}]}},"_links":{"self":[{"href":"https:\/\/fundacaojles.org.br\/biblioteca\/wp-json\/wp\/v2\/posts\/18499","targetHints":{"allow":["GET"]}}],"collection":[{"href":"https:\/\/fundacaojles.org.br\/biblioteca\/wp-json\/wp\/v2\/posts"}],"about":[{"href":"https:\/\/fundacaojles.org.br\/biblioteca\/wp-json\/wp\/v2\/types\/post"}],"author":[{"embeddable":true,"href":"https:\/\/fundacaojles.org.br\/biblioteca\/wp-json\/wp\/v2\/users\/1"}],"replies":[{"embeddable":true,"href":"https:\/\/fundacaojles.org.br\/biblioteca\/wp-json\/wp\/v2\/comments?post=18499"}],"version-history":[{"count":10,"href":"https:\/\/fundacaojles.org.br\/biblioteca\/wp-json\/wp\/v2\/posts\/18499\/revisions"}],"predecessor-version":[{"id":18517,"href":"https:\/\/fundacaojles.org.br\/biblioteca\/wp-json\/wp\/v2\/posts\/18499\/revisions\/18517"}],"wp:featuredmedia":[{"embeddable":true,"href":"https:\/\/fundacaojles.org.br\/biblioteca\/wp-json\/wp\/v2\/media\/18507"}],"wp:attachment":[{"href":"https:\/\/fundacaojles.org.br\/biblioteca\/wp-json\/wp\/v2\/media?parent=18499"}],"wp:term":[{"taxonomy":"category","embeddable":true,"href":"https:\/\/fundacaojles.org.br\/biblioteca\/wp-json\/wp\/v2\/categories?post=18499"},{"taxonomy":"post_tag","embeddable":true,"href":"https:\/\/fundacaojles.org.br\/biblioteca\/wp-json\/wp\/v2\/tags?post=18499"}],"curies":[{"name":"wp","href":"https:\/\/api.w.org\/{rel}","templated":true}]}}