{"id":21336,"date":"2019-07-23T12:08:34","date_gmt":"2019-07-23T15:08:34","guid":{"rendered":"http:\/\/fundacaojles.org.br\/biblioteca\/?p=21336"},"modified":"2022-03-08T20:09:36","modified_gmt":"2022-03-08T23:09:36","slug":"fundacao-revitaliza-praca-em-sp","status":"publish","type":"post","link":"https:\/\/fundacaojles.org.br\/biblioteca\/2019\/07\/23\/fundacao-revitaliza-praca-em-sp\/","title":{"rendered":"Funda\u00e7\u00e3o Revitaliza Pra\u00e7a em SP"},"content":{"rendered":"<p>De acordo com a Agenda 2030 \u2013 pacto global entre na\u00e7\u00f5es que se comprometeram com o desenvolvimento sustent\u00e1vel nos pr\u00f3ximos anos \u2013\u00a0a Funda\u00e7\u00e3o Jos\u00e9 Luiz Egydio Set\u00fabal estabeleceu, entre suas metas, auxiliar na revitaliza\u00e7\u00e3o de uma pra\u00e7a de S\u00e3o Paulo por ano. Em 2018, foi reconstru\u00edda a \u00e1rea de recrea\u00e7\u00e3o infantil da Pra\u00e7a Vilaboim. O resultado foi o aumento do fluxo de mulheres e crian\u00e7as no espa\u00e7o.<\/p>\n<p>No \u00faltimo dia 19 de julho demos a largada para a constru\u00e7\u00e3o do parquinho para crian\u00e7as no Espa\u00e7o Verde da Alameda Ja\u00fa (altura do n\u00famero 69) nos Jardins. A expectativa \u00e9 que o local seja inaugurado no pr\u00f3ximo m\u00eas de outubro. <strong>Na foto, Jos\u00e9 Luiz Set\u00fabal com os integrantes da associa\u00e7\u00e3o de moradores \u201cEsverdeja\u201d oficializando o in\u00edcio dos trabalhos de revitaliza\u00e7\u00e3o.<\/strong><\/p>\n","protected":false},"excerpt":{"rendered":"<p>De acordo com a Agenda 2030 \u2013 pacto global entre na\u00e7\u00f5es que se comprometeram com o desenvolvimento sustent\u00e1vel nos pr\u00f3ximos anos \u2013\u00a0a Funda\u00e7\u00e3o Jos\u00e9 Luiz Egydio Set\u00fabal estabeleceu, entre suas metas, auxiliar na revitaliza\u00e7\u00e3o de uma pra\u00e7a de S\u00e3o Paulo por ano. Em 2018, foi reconstru\u00edda a \u00e1rea de recrea\u00e7\u00e3o infantil da Pra\u00e7a Vilaboim. O [&hellip;]<\/p>\n","protected":false},"author":1,"featured_media":21337,"comment_status":"open","ping_status":"open","sticky":false,"template":"","format":"standard","meta":{"_acf_changed":false,"_et_pb_use_builder":"","_et_pb_old_content":"","_et_gb_content_width":"","inline_featured_image":false,"footnotes":""},"categories":[8],"tags":[76],"class_list":["post-21336","post","type-post","status-publish","format-standard","has-post-thumbnail","hentry","category-parcerias","tag-pracas"],"acf":[],"yoast_head":"<!-- This site is optimized with the Yoast SEO plugin v27.5 - https:\/\/yoast.com\/product\/yoast-seo-wordpress\/ -->\n<title>Funda\u00e7\u00e3o Revitaliza Pra\u00e7a em SP - Funda\u00e7\u00e3o Jos\u00e9 Luiz Set\u00fabal<\/title>\n<meta name=\"robots\" content=\"index, follow, max-snippet:-1, max-image-preview:large, max-video-preview:-1\" \/>\n<link rel=\"canonical\" href=\"https:\/\/fundacaojles.org.br\/biblioteca\/2019\/07\/23\/fundacao-revitaliza-praca-em-sp\/\" \/>\n<meta property=\"og:locale\" content=\"pt_BR\" \/>\n<meta property=\"og:type\" content=\"article\" \/>\n<meta property=\"og:title\" content=\"Funda\u00e7\u00e3o Revitaliza Pra\u00e7a em SP - Funda\u00e7\u00e3o Jos\u00e9 Luiz Set\u00fabal\" \/>\n<meta property=\"og:description\" content=\"De acordo com a Agenda 2030 \u2013 pacto global entre na\u00e7\u00f5es que se comprometeram com o desenvolvimento sustent\u00e1vel nos pr\u00f3ximos anos \u2013\u00a0a Funda\u00e7\u00e3o Jos\u00e9 Luiz Egydio Set\u00fabal estabeleceu, entre suas metas, auxiliar na revitaliza\u00e7\u00e3o de uma pra\u00e7a de S\u00e3o Paulo por ano. Em 2018, foi reconstru\u00edda a \u00e1rea de recrea\u00e7\u00e3o infantil da Pra\u00e7a Vilaboim. O [&hellip;]\" \/>\n<meta property=\"og:url\" content=\"https:\/\/fundacaojles.org.br\/biblioteca\/2019\/07\/23\/fundacao-revitaliza-praca-em-sp\/\" \/>\n<meta property=\"og:site_name\" content=\"Funda\u00e7\u00e3o Jos\u00e9 Luiz Set\u00fabal\" \/>\n<meta property=\"article:published_time\" content=\"2019-07-23T15:08:34+00:00\" \/>\n<meta property=\"article:modified_time\" content=\"2022-03-08T23:09:36+00:00\" \/>\n<meta property=\"og:image\" content=\"https:\/\/fundacaojles.org.br\/biblioteca\/wp-content\/uploads\/2019\/07\/Pra\u00e7a-Ja\u00fa.jpg\" \/>\n\t<meta property=\"og:image:width\" content=\"1164\" \/>\n\t<meta property=\"og:image:height\" content=\"655\" \/>\n\t<meta property=\"og:image:type\" content=\"image\/jpeg\" \/>\n<meta name=\"author\" content=\"Equipe FJLES\" \/>\n<meta name=\"twitter:card\" content=\"summary_large_image\" \/>\n<meta name=\"twitter:label1\" content=\"Escrito por\" \/>\n\t<meta name=\"twitter:data1\" content=\"Equipe FJLES\" \/>\n\t<meta name=\"twitter:label2\" content=\"Est. tempo de leitura\" \/>\n\t<meta name=\"twitter:data2\" content=\"1 minuto\" \/>\n<script type=\"application\/ld+json\" class=\"yoast-schema-graph\">{\"@context\":\"https:\\\/\\\/schema.org\",\"@graph\":[{\"@type\":\"Article\",\"@id\":\"https:\\\/\\\/fundacaojles.org.br\\\/biblioteca\\\/2019\\\/07\\\/23\\\/fundacao-revitaliza-praca-em-sp\\\/#article\",\"isPartOf\":{\"@id\":\"https:\\\/\\\/fundacaojles.org.br\\\/biblioteca\\\/2019\\\/07\\\/23\\\/fundacao-revitaliza-praca-em-sp\\\/\"},\"author\":{\"name\":\"Equipe FJLES\",\"@id\":\"https:\\\/\\\/fundacaojles.org.br\\\/biblioteca\\\/#\\\/schema\\\/person\\\/e94ff71cb76bb9c28d581520dbd137a2\"},\"headline\":\"Funda\u00e7\u00e3o Revitaliza Pra\u00e7a em SP\",\"datePublished\":\"2019-07-23T15:08:34+00:00\",\"dateModified\":\"2022-03-08T23:09:36+00:00\",\"mainEntityOfPage\":{\"@id\":\"https:\\\/\\\/fundacaojles.org.br\\\/biblioteca\\\/2019\\\/07\\\/23\\\/fundacao-revitaliza-praca-em-sp\\\/\"},\"wordCount\":152,\"commentCount\":1,\"image\":{\"@id\":\"https:\\\/\\\/fundacaojles.org.br\\\/biblioteca\\\/2019\\\/07\\\/23\\\/fundacao-revitaliza-praca-em-sp\\\/#primaryimage\"},\"thumbnailUrl\":\"https:\\\/\\\/fundacaojles.org.br\\\/biblioteca\\\/wp-content\\\/uploads\\\/2019\\\/07\\\/Pra\u00e7a-Ja\u00fa.jpg\",\"keywords\":[\"Pra\u00e7as\"],\"articleSection\":[\"Parcerias\"],\"inLanguage\":\"pt-BR\",\"potentialAction\":[{\"@type\":\"CommentAction\",\"name\":\"Comment\",\"target\":[\"https:\\\/\\\/fundacaojles.org.br\\\/biblioteca\\\/2019\\\/07\\\/23\\\/fundacao-revitaliza-praca-em-sp\\\/#respond\"]}]},{\"@type\":\"WebPage\",\"@id\":\"https:\\\/\\\/fundacaojles.org.br\\\/biblioteca\\\/2019\\\/07\\\/23\\\/fundacao-revitaliza-praca-em-sp\\\/\",\"url\":\"https:\\\/\\\/fundacaojles.org.br\\\/biblioteca\\\/2019\\\/07\\\/23\\\/fundacao-revitaliza-praca-em-sp\\\/\",\"name\":\"Funda\u00e7\u00e3o Revitaliza Pra\u00e7a em SP - Funda\u00e7\u00e3o Jos\u00e9 Luiz Set\u00fabal\",\"isPartOf\":{\"@id\":\"https:\\\/\\\/fundacaojles.org.br\\\/biblioteca\\\/#website\"},\"primaryImageOfPage\":{\"@id\":\"https:\\\/\\\/fundacaojles.org.br\\\/biblioteca\\\/2019\\\/07\\\/23\\\/fundacao-revitaliza-praca-em-sp\\\/#primaryimage\"},\"image\":{\"@id\":\"https:\\\/\\\/fundacaojles.org.br\\\/biblioteca\\\/2019\\\/07\\\/23\\\/fundacao-revitaliza-praca-em-sp\\\/#primaryimage\"},\"thumbnailUrl\":\"https:\\\/\\\/fundacaojles.org.br\\\/biblioteca\\\/wp-content\\\/uploads\\\/2019\\\/07\\\/Pra\u00e7a-Ja\u00fa.jpg\",\"datePublished\":\"2019-07-23T15:08:34+00:00\",\"dateModified\":\"2022-03-08T23:09:36+00:00\",\"author\":{\"@id\":\"https:\\\/\\\/fundacaojles.org.br\\\/biblioteca\\\/#\\\/schema\\\/person\\\/e94ff71cb76bb9c28d581520dbd137a2\"},\"breadcrumb\":{\"@id\":\"https:\\\/\\\/fundacaojles.org.br\\\/biblioteca\\\/2019\\\/07\\\/23\\\/fundacao-revitaliza-praca-em-sp\\\/#breadcrumb\"},\"inLanguage\":\"pt-BR\",\"potentialAction\":[{\"@type\":\"ReadAction\",\"target\":[\"https:\\\/\\\/fundacaojles.org.br\\\/biblioteca\\\/2019\\\/07\\\/23\\\/fundacao-revitaliza-praca-em-sp\\\/\"]}]},{\"@type\":\"ImageObject\",\"inLanguage\":\"pt-BR\",\"@id\":\"https:\\\/\\\/fundacaojles.org.br\\\/biblioteca\\\/2019\\\/07\\\/23\\\/fundacao-revitaliza-praca-em-sp\\\/#primaryimage\",\"url\":\"https:\\\/\\\/fundacaojles.org.br\\\/biblioteca\\\/wp-content\\\/uploads\\\/2019\\\/07\\\/Pra\u00e7a-Ja\u00fa.jpg\",\"contentUrl\":\"https:\\\/\\\/fundacaojles.org.br\\\/biblioteca\\\/wp-content\\\/uploads\\\/2019\\\/07\\\/Pra\u00e7a-Ja\u00fa.jpg\",\"width\":1164,\"height\":655},{\"@type\":\"BreadcrumbList\",\"@id\":\"https:\\\/\\\/fundacaojles.org.br\\\/biblioteca\\\/2019\\\/07\\\/23\\\/fundacao-revitaliza-praca-em-sp\\\/#breadcrumb\",\"itemListElement\":[{\"@type\":\"ListItem\",\"position\":1,\"name\":\"In\u00edcio\",\"item\":\"https:\\\/\\\/fundacaojles.org.br\\\/biblioteca\\\/\"},{\"@type\":\"ListItem\",\"position\":2,\"name\":\"Funda\u00e7\u00e3o Revitaliza Pra\u00e7a em SP\"}]},{\"@type\":\"WebSite\",\"@id\":\"https:\\\/\\\/fundacaojles.org.br\\\/biblioteca\\\/#website\",\"url\":\"https:\\\/\\\/fundacaojles.org.br\\\/biblioteca\\\/\",\"name\":\"Funda\u00e7\u00e3o Jos\u00e9 Luiz Set\u00fabal\",\"description\":\"\",\"potentialAction\":[{\"@type\":\"SearchAction\",\"target\":{\"@type\":\"EntryPoint\",\"urlTemplate\":\"https:\\\/\\\/fundacaojles.org.br\\\/biblioteca\\\/?s={search_term_string}\"},\"query-input\":{\"@type\":\"PropertyValueSpecification\",\"valueRequired\":true,\"valueName\":\"search_term_string\"}}],\"inLanguage\":\"pt-BR\"},{\"@type\":\"Person\",\"@id\":\"https:\\\/\\\/fundacaojles.org.br\\\/biblioteca\\\/#\\\/schema\\\/person\\\/e94ff71cb76bb9c28d581520dbd137a2\",\"name\":\"Equipe FJLES\",\"image\":{\"@type\":\"ImageObject\",\"inLanguage\":\"pt-BR\",\"@id\":\"https:\\\/\\\/secure.gravatar.com\\\/avatar\\\/1b2ce5b1cb60c43f8d10074e3a689d7824bf778357b559fea12a89a02835c8e8?s=96&d=mm&r=g\",\"url\":\"https:\\\/\\\/secure.gravatar.com\\\/avatar\\\/1b2ce5b1cb60c43f8d10074e3a689d7824bf778357b559fea12a89a02835c8e8?s=96&d=mm&r=g\",\"contentUrl\":\"https:\\\/\\\/secure.gravatar.com\\\/avatar\\\/1b2ce5b1cb60c43f8d10074e3a689d7824bf778357b559fea12a89a02835c8e8?s=96&d=mm&r=g\",\"caption\":\"Equipe FJLES\"}}]}<\/script>\n<!-- \/ Yoast SEO plugin. -->","yoast_head_json":{"title":"Funda\u00e7\u00e3o Revitaliza Pra\u00e7a em SP - Funda\u00e7\u00e3o Jos\u00e9 Luiz Set\u00fabal","robots":{"index":"index","follow":"follow","max-snippet":"max-snippet:-1","max-image-preview":"max-image-preview:large","max-video-preview":"max-video-preview:-1"},"canonical":"https:\/\/fundacaojles.org.br\/biblioteca\/2019\/07\/23\/fundacao-revitaliza-praca-em-sp\/","og_locale":"pt_BR","og_type":"article","og_title":"Funda\u00e7\u00e3o Revitaliza Pra\u00e7a em SP - Funda\u00e7\u00e3o Jos\u00e9 Luiz Set\u00fabal","og_description":"De acordo com a Agenda 2030 \u2013 pacto global entre na\u00e7\u00f5es que se comprometeram com o desenvolvimento sustent\u00e1vel nos pr\u00f3ximos anos \u2013\u00a0a Funda\u00e7\u00e3o Jos\u00e9 Luiz Egydio Set\u00fabal estabeleceu, entre suas metas, auxiliar na revitaliza\u00e7\u00e3o de uma pra\u00e7a de S\u00e3o Paulo por ano. Em 2018, foi reconstru\u00edda a \u00e1rea de recrea\u00e7\u00e3o infantil da Pra\u00e7a Vilaboim. O [&hellip;]","og_url":"https:\/\/fundacaojles.org.br\/biblioteca\/2019\/07\/23\/fundacao-revitaliza-praca-em-sp\/","og_site_name":"Funda\u00e7\u00e3o Jos\u00e9 Luiz Set\u00fabal","article_published_time":"2019-07-23T15:08:34+00:00","article_modified_time":"2022-03-08T23:09:36+00:00","og_image":[{"width":1164,"height":655,"url":"https:\/\/fundacaojles.org.br\/biblioteca\/wp-content\/uploads\/2019\/07\/Pra\u00e7a-Ja\u00fa.jpg","type":"image\/jpeg"}],"author":"Equipe FJLES","twitter_card":"summary_large_image","twitter_misc":{"Escrito por":"Equipe FJLES","Est. tempo de leitura":"1 minuto"},"schema":{"@context":"https:\/\/schema.org","@graph":[{"@type":"Article","@id":"https:\/\/fundacaojles.org.br\/biblioteca\/2019\/07\/23\/fundacao-revitaliza-praca-em-sp\/#article","isPartOf":{"@id":"https:\/\/fundacaojles.org.br\/biblioteca\/2019\/07\/23\/fundacao-revitaliza-praca-em-sp\/"},"author":{"name":"Equipe FJLES","@id":"https:\/\/fundacaojles.org.br\/biblioteca\/#\/schema\/person\/e94ff71cb76bb9c28d581520dbd137a2"},"headline":"Funda\u00e7\u00e3o Revitaliza Pra\u00e7a em SP","datePublished":"2019-07-23T15:08:34+00:00","dateModified":"2022-03-08T23:09:36+00:00","mainEntityOfPage":{"@id":"https:\/\/fundacaojles.org.br\/biblioteca\/2019\/07\/23\/fundacao-revitaliza-praca-em-sp\/"},"wordCount":152,"commentCount":1,"image":{"@id":"https:\/\/fundacaojles.org.br\/biblioteca\/2019\/07\/23\/fundacao-revitaliza-praca-em-sp\/#primaryimage"},"thumbnailUrl":"https:\/\/fundacaojles.org.br\/biblioteca\/wp-content\/uploads\/2019\/07\/Pra\u00e7a-Ja\u00fa.jpg","keywords":["Pra\u00e7as"],"articleSection":["Parcerias"],"inLanguage":"pt-BR","potentialAction":[{"@type":"CommentAction","name":"Comment","target":["https:\/\/fundacaojles.org.br\/biblioteca\/2019\/07\/23\/fundacao-revitaliza-praca-em-sp\/#respond"]}]},{"@type":"WebPage","@id":"https:\/\/fundacaojles.org.br\/biblioteca\/2019\/07\/23\/fundacao-revitaliza-praca-em-sp\/","url":"https:\/\/fundacaojles.org.br\/biblioteca\/2019\/07\/23\/fundacao-revitaliza-praca-em-sp\/","name":"Funda\u00e7\u00e3o Revitaliza Pra\u00e7a em SP - Funda\u00e7\u00e3o Jos\u00e9 Luiz Set\u00fabal","isPartOf":{"@id":"https:\/\/fundacaojles.org.br\/biblioteca\/#website"},"primaryImageOfPage":{"@id":"https:\/\/fundacaojles.org.br\/biblioteca\/2019\/07\/23\/fundacao-revitaliza-praca-em-sp\/#primaryimage"},"image":{"@id":"https:\/\/fundacaojles.org.br\/biblioteca\/2019\/07\/23\/fundacao-revitaliza-praca-em-sp\/#primaryimage"},"thumbnailUrl":"https:\/\/fundacaojles.org.br\/biblioteca\/wp-content\/uploads\/2019\/07\/Pra\u00e7a-Ja\u00fa.jpg","datePublished":"2019-07-23T15:08:34+00:00","dateModified":"2022-03-08T23:09:36+00:00","author":{"@id":"https:\/\/fundacaojles.org.br\/biblioteca\/#\/schema\/person\/e94ff71cb76bb9c28d581520dbd137a2"},"breadcrumb":{"@id":"https:\/\/fundacaojles.org.br\/biblioteca\/2019\/07\/23\/fundacao-revitaliza-praca-em-sp\/#breadcrumb"},"inLanguage":"pt-BR","potentialAction":[{"@type":"ReadAction","target":["https:\/\/fundacaojles.org.br\/biblioteca\/2019\/07\/23\/fundacao-revitaliza-praca-em-sp\/"]}]},{"@type":"ImageObject","inLanguage":"pt-BR","@id":"https:\/\/fundacaojles.org.br\/biblioteca\/2019\/07\/23\/fundacao-revitaliza-praca-em-sp\/#primaryimage","url":"https:\/\/fundacaojles.org.br\/biblioteca\/wp-content\/uploads\/2019\/07\/Pra\u00e7a-Ja\u00fa.jpg","contentUrl":"https:\/\/fundacaojles.org.br\/biblioteca\/wp-content\/uploads\/2019\/07\/Pra\u00e7a-Ja\u00fa.jpg","width":1164,"height":655},{"@type":"BreadcrumbList","@id":"https:\/\/fundacaojles.org.br\/biblioteca\/2019\/07\/23\/fundacao-revitaliza-praca-em-sp\/#breadcrumb","itemListElement":[{"@type":"ListItem","position":1,"name":"In\u00edcio","item":"https:\/\/fundacaojles.org.br\/biblioteca\/"},{"@type":"ListItem","position":2,"name":"Funda\u00e7\u00e3o Revitaliza Pra\u00e7a em SP"}]},{"@type":"WebSite","@id":"https:\/\/fundacaojles.org.br\/biblioteca\/#website","url":"https:\/\/fundacaojles.org.br\/biblioteca\/","name":"Funda\u00e7\u00e3o Jos\u00e9 Luiz Set\u00fabal","description":"","potentialAction":[{"@type":"SearchAction","target":{"@type":"EntryPoint","urlTemplate":"https:\/\/fundacaojles.org.br\/biblioteca\/?s={search_term_string}"},"query-input":{"@type":"PropertyValueSpecification","valueRequired":true,"valueName":"search_term_string"}}],"inLanguage":"pt-BR"},{"@type":"Person","@id":"https:\/\/fundacaojles.org.br\/biblioteca\/#\/schema\/person\/e94ff71cb76bb9c28d581520dbd137a2","name":"Equipe FJLES","image":{"@type":"ImageObject","inLanguage":"pt-BR","@id":"https:\/\/secure.gravatar.com\/avatar\/1b2ce5b1cb60c43f8d10074e3a689d7824bf778357b559fea12a89a02835c8e8?s=96&d=mm&r=g","url":"https:\/\/secure.gravatar.com\/avatar\/1b2ce5b1cb60c43f8d10074e3a689d7824bf778357b559fea12a89a02835c8e8?s=96&d=mm&r=g","contentUrl":"https:\/\/secure.gravatar.com\/avatar\/1b2ce5b1cb60c43f8d10074e3a689d7824bf778357b559fea12a89a02835c8e8?s=96&d=mm&r=g","caption":"Equipe FJLES"}}]}},"_links":{"self":[{"href":"https:\/\/fundacaojles.org.br\/biblioteca\/wp-json\/wp\/v2\/posts\/21336","targetHints":{"allow":["GET"]}}],"collection":[{"href":"https:\/\/fundacaojles.org.br\/biblioteca\/wp-json\/wp\/v2\/posts"}],"about":[{"href":"https:\/\/fundacaojles.org.br\/biblioteca\/wp-json\/wp\/v2\/types\/post"}],"author":[{"embeddable":true,"href":"https:\/\/fundacaojles.org.br\/biblioteca\/wp-json\/wp\/v2\/users\/1"}],"replies":[{"embeddable":true,"href":"https:\/\/fundacaojles.org.br\/biblioteca\/wp-json\/wp\/v2\/comments?post=21336"}],"version-history":[{"count":2,"href":"https:\/\/fundacaojles.org.br\/biblioteca\/wp-json\/wp\/v2\/posts\/21336\/revisions"}],"predecessor-version":[{"id":21339,"href":"https:\/\/fundacaojles.org.br\/biblioteca\/wp-json\/wp\/v2\/posts\/21336\/revisions\/21339"}],"wp:featuredmedia":[{"embeddable":true,"href":"https:\/\/fundacaojles.org.br\/biblioteca\/wp-json\/wp\/v2\/media\/21337"}],"wp:attachment":[{"href":"https:\/\/fundacaojles.org.br\/biblioteca\/wp-json\/wp\/v2\/media?parent=21336"}],"wp:term":[{"taxonomy":"category","embeddable":true,"href":"https:\/\/fundacaojles.org.br\/biblioteca\/wp-json\/wp\/v2\/categories?post=21336"},{"taxonomy":"post_tag","embeddable":true,"href":"https:\/\/fundacaojles.org.br\/biblioteca\/wp-json\/wp\/v2\/tags?post=21336"}],"curies":[{"name":"wp","href":"https:\/\/api.w.org\/{rel}","templated":true}]}}