{"id":21369,"date":"2019-09-24T11:56:50","date_gmt":"2019-09-24T14:56:50","guid":{"rendered":"http:\/\/fundacaojles.org.br\/biblioteca\/?p=21369"},"modified":"2019-09-24T13:36:18","modified_gmt":"2019-09-24T16:36:18","slug":"violencia-contra-nossas-criancas","status":"publish","type":"post","link":"https:\/\/fundacaojles.org.br\/biblioteca\/2019\/09\/24\/violencia-contra-nossas-criancas\/","title":{"rendered":"VIOL\u00caNCIA CONTRA NOSSAS CRIAN\u00c7AS"},"content":{"rendered":"<p>Em um tempo onde choramos a morte de \u00c1gatha e mais 16 crian\u00e7as nas comunidades do Rio, as crian\u00e7as da favela da Mar\u00e9 enviam cartas para o Tribunal de Justi\u00e7a pedindo provid\u00eancias. Ou\u00e7am aqui algumas destas cartas:<\/p>\n<p><a href=\"https:\/\/www.youtube.com\/watch?v=3YdaQjRH-Ts&amp;app=desktop\">https:\/\/www.youtube.com\/watch?v=3YdaQjRH-Ts&amp;app=desktop<\/a><\/p>\n","protected":false},"excerpt":{"rendered":"<p>Em um tempo onde choramos a morte de \u00c1gatha e mais 16 crian\u00e7as nas comunidades do Rio, as crian\u00e7as da favela da Mar\u00e9 enviam cartas para o Tribunal de Justi\u00e7a pedindo provid\u00eancias. Ou\u00e7am aqui algumas destas cartas: https:\/\/www.youtube.com\/watch?v=3YdaQjRH-Ts&amp;app=desktop<\/p>\n","protected":false},"author":1,"featured_media":21371,"comment_status":"open","ping_status":"open","sticky":false,"template":"","format":"standard","meta":{"_acf_changed":false,"_et_pb_use_builder":"","_et_pb_old_content":"","_et_gb_content_width":"","inline_featured_image":false,"footnotes":""},"categories":[1],"tags":[],"class_list":["post-21369","post","type-post","status-publish","format-standard","has-post-thumbnail","hentry","category-nao-categorizado"],"acf":[],"yoast_head":"<!-- This site is optimized with the Yoast SEO plugin v27.5 - https:\/\/yoast.com\/product\/yoast-seo-wordpress\/ -->\n<title>VIOL\u00caNCIA CONTRA NOSSAS CRIAN\u00c7AS - Funda\u00e7\u00e3o Jos\u00e9 Luiz Set\u00fabal<\/title>\n<meta name=\"robots\" content=\"index, follow, max-snippet:-1, max-image-preview:large, max-video-preview:-1\" \/>\n<link rel=\"canonical\" href=\"https:\/\/fundacaojles.org.br\/biblioteca\/2019\/09\/24\/violencia-contra-nossas-criancas\/\" \/>\n<meta property=\"og:locale\" content=\"pt_BR\" \/>\n<meta property=\"og:type\" content=\"article\" \/>\n<meta property=\"og:title\" content=\"VIOL\u00caNCIA CONTRA NOSSAS CRIAN\u00c7AS - Funda\u00e7\u00e3o Jos\u00e9 Luiz Set\u00fabal\" \/>\n<meta property=\"og:description\" content=\"Em um tempo onde choramos a morte de \u00c1gatha e mais 16 crian\u00e7as nas comunidades do Rio, as crian\u00e7as da favela da Mar\u00e9 enviam cartas para o Tribunal de Justi\u00e7a pedindo provid\u00eancias. Ou\u00e7am aqui algumas destas cartas: https:\/\/www.youtube.com\/watch?v=3YdaQjRH-Ts&amp;app=desktop\" \/>\n<meta property=\"og:url\" content=\"https:\/\/fundacaojles.org.br\/biblioteca\/2019\/09\/24\/violencia-contra-nossas-criancas\/\" \/>\n<meta property=\"og:site_name\" content=\"Funda\u00e7\u00e3o Jos\u00e9 Luiz Set\u00fabal\" \/>\n<meta property=\"article:published_time\" content=\"2019-09-24T14:56:50+00:00\" \/>\n<meta property=\"article:modified_time\" content=\"2019-09-24T16:36:18+00:00\" \/>\n<meta property=\"og:image\" content=\"https:\/\/fundacaojles.org.br\/biblioteca\/wp-content\/uploads\/2019\/09\/Ximenes2.png\" \/>\n\t<meta property=\"og:image:width\" content=\"1916\" \/>\n\t<meta property=\"og:image:height\" content=\"1076\" \/>\n\t<meta property=\"og:image:type\" content=\"image\/png\" \/>\n<meta name=\"author\" content=\"Equipe FJLES\" \/>\n<meta name=\"twitter:card\" content=\"summary_large_image\" \/>\n<meta name=\"twitter:label1\" content=\"Escrito por\" \/>\n\t<meta name=\"twitter:data1\" content=\"Equipe FJLES\" \/>\n<script type=\"application\/ld+json\" class=\"yoast-schema-graph\">{\"@context\":\"https:\\\/\\\/schema.org\",\"@graph\":[{\"@type\":\"Article\",\"@id\":\"https:\\\/\\\/fundacaojles.org.br\\\/biblioteca\\\/2019\\\/09\\\/24\\\/violencia-contra-nossas-criancas\\\/#article\",\"isPartOf\":{\"@id\":\"https:\\\/\\\/fundacaojles.org.br\\\/biblioteca\\\/2019\\\/09\\\/24\\\/violencia-contra-nossas-criancas\\\/\"},\"author\":{\"name\":\"Equipe FJLES\",\"@id\":\"https:\\\/\\\/fundacaojles.org.br\\\/biblioteca\\\/#\\\/schema\\\/person\\\/e94ff71cb76bb9c28d581520dbd137a2\"},\"headline\":\"VIOL\u00caNCIA CONTRA NOSSAS CRIAN\u00c7AS\",\"datePublished\":\"2019-09-24T14:56:50+00:00\",\"dateModified\":\"2019-09-24T16:36:18+00:00\",\"mainEntityOfPage\":{\"@id\":\"https:\\\/\\\/fundacaojles.org.br\\\/biblioteca\\\/2019\\\/09\\\/24\\\/violencia-contra-nossas-criancas\\\/\"},\"wordCount\":57,\"commentCount\":0,\"image\":{\"@id\":\"https:\\\/\\\/fundacaojles.org.br\\\/biblioteca\\\/2019\\\/09\\\/24\\\/violencia-contra-nossas-criancas\\\/#primaryimage\"},\"thumbnailUrl\":\"https:\\\/\\\/fundacaojles.org.br\\\/biblioteca\\\/wp-content\\\/uploads\\\/2019\\\/09\\\/Ximenes2.png\",\"articleSection\":[\"N\u00e3o categorizado\"],\"inLanguage\":\"pt-BR\",\"potentialAction\":[{\"@type\":\"CommentAction\",\"name\":\"Comment\",\"target\":[\"https:\\\/\\\/fundacaojles.org.br\\\/biblioteca\\\/2019\\\/09\\\/24\\\/violencia-contra-nossas-criancas\\\/#respond\"]}]},{\"@type\":\"WebPage\",\"@id\":\"https:\\\/\\\/fundacaojles.org.br\\\/biblioteca\\\/2019\\\/09\\\/24\\\/violencia-contra-nossas-criancas\\\/\",\"url\":\"https:\\\/\\\/fundacaojles.org.br\\\/biblioteca\\\/2019\\\/09\\\/24\\\/violencia-contra-nossas-criancas\\\/\",\"name\":\"VIOL\u00caNCIA CONTRA NOSSAS CRIAN\u00c7AS - Funda\u00e7\u00e3o Jos\u00e9 Luiz Set\u00fabal\",\"isPartOf\":{\"@id\":\"https:\\\/\\\/fundacaojles.org.br\\\/biblioteca\\\/#website\"},\"primaryImageOfPage\":{\"@id\":\"https:\\\/\\\/fundacaojles.org.br\\\/biblioteca\\\/2019\\\/09\\\/24\\\/violencia-contra-nossas-criancas\\\/#primaryimage\"},\"image\":{\"@id\":\"https:\\\/\\\/fundacaojles.org.br\\\/biblioteca\\\/2019\\\/09\\\/24\\\/violencia-contra-nossas-criancas\\\/#primaryimage\"},\"thumbnailUrl\":\"https:\\\/\\\/fundacaojles.org.br\\\/biblioteca\\\/wp-content\\\/uploads\\\/2019\\\/09\\\/Ximenes2.png\",\"datePublished\":\"2019-09-24T14:56:50+00:00\",\"dateModified\":\"2019-09-24T16:36:18+00:00\",\"author\":{\"@id\":\"https:\\\/\\\/fundacaojles.org.br\\\/biblioteca\\\/#\\\/schema\\\/person\\\/e94ff71cb76bb9c28d581520dbd137a2\"},\"breadcrumb\":{\"@id\":\"https:\\\/\\\/fundacaojles.org.br\\\/biblioteca\\\/2019\\\/09\\\/24\\\/violencia-contra-nossas-criancas\\\/#breadcrumb\"},\"inLanguage\":\"pt-BR\",\"potentialAction\":[{\"@type\":\"ReadAction\",\"target\":[\"https:\\\/\\\/fundacaojles.org.br\\\/biblioteca\\\/2019\\\/09\\\/24\\\/violencia-contra-nossas-criancas\\\/\"]}]},{\"@type\":\"ImageObject\",\"inLanguage\":\"pt-BR\",\"@id\":\"https:\\\/\\\/fundacaojles.org.br\\\/biblioteca\\\/2019\\\/09\\\/24\\\/violencia-contra-nossas-criancas\\\/#primaryimage\",\"url\":\"https:\\\/\\\/fundacaojles.org.br\\\/biblioteca\\\/wp-content\\\/uploads\\\/2019\\\/09\\\/Ximenes2.png\",\"contentUrl\":\"https:\\\/\\\/fundacaojles.org.br\\\/biblioteca\\\/wp-content\\\/uploads\\\/2019\\\/09\\\/Ximenes2.png\",\"width\":1916,\"height\":1076},{\"@type\":\"BreadcrumbList\",\"@id\":\"https:\\\/\\\/fundacaojles.org.br\\\/biblioteca\\\/2019\\\/09\\\/24\\\/violencia-contra-nossas-criancas\\\/#breadcrumb\",\"itemListElement\":[{\"@type\":\"ListItem\",\"position\":1,\"name\":\"In\u00edcio\",\"item\":\"https:\\\/\\\/fundacaojles.org.br\\\/biblioteca\\\/\"},{\"@type\":\"ListItem\",\"position\":2,\"name\":\"VIOL\u00caNCIA CONTRA NOSSAS CRIAN\u00c7AS\"}]},{\"@type\":\"WebSite\",\"@id\":\"https:\\\/\\\/fundacaojles.org.br\\\/biblioteca\\\/#website\",\"url\":\"https:\\\/\\\/fundacaojles.org.br\\\/biblioteca\\\/\",\"name\":\"Funda\u00e7\u00e3o Jos\u00e9 Luiz Set\u00fabal\",\"description\":\"\",\"potentialAction\":[{\"@type\":\"SearchAction\",\"target\":{\"@type\":\"EntryPoint\",\"urlTemplate\":\"https:\\\/\\\/fundacaojles.org.br\\\/biblioteca\\\/?s={search_term_string}\"},\"query-input\":{\"@type\":\"PropertyValueSpecification\",\"valueRequired\":true,\"valueName\":\"search_term_string\"}}],\"inLanguage\":\"pt-BR\"},{\"@type\":\"Person\",\"@id\":\"https:\\\/\\\/fundacaojles.org.br\\\/biblioteca\\\/#\\\/schema\\\/person\\\/e94ff71cb76bb9c28d581520dbd137a2\",\"name\":\"Equipe FJLES\",\"image\":{\"@type\":\"ImageObject\",\"inLanguage\":\"pt-BR\",\"@id\":\"https:\\\/\\\/secure.gravatar.com\\\/avatar\\\/1b2ce5b1cb60c43f8d10074e3a689d7824bf778357b559fea12a89a02835c8e8?s=96&d=mm&r=g\",\"url\":\"https:\\\/\\\/secure.gravatar.com\\\/avatar\\\/1b2ce5b1cb60c43f8d10074e3a689d7824bf778357b559fea12a89a02835c8e8?s=96&d=mm&r=g\",\"contentUrl\":\"https:\\\/\\\/secure.gravatar.com\\\/avatar\\\/1b2ce5b1cb60c43f8d10074e3a689d7824bf778357b559fea12a89a02835c8e8?s=96&d=mm&r=g\",\"caption\":\"Equipe FJLES\"}}]}<\/script>\n<!-- \/ Yoast SEO plugin. -->","yoast_head_json":{"title":"VIOL\u00caNCIA CONTRA NOSSAS CRIAN\u00c7AS - Funda\u00e7\u00e3o Jos\u00e9 Luiz Set\u00fabal","robots":{"index":"index","follow":"follow","max-snippet":"max-snippet:-1","max-image-preview":"max-image-preview:large","max-video-preview":"max-video-preview:-1"},"canonical":"https:\/\/fundacaojles.org.br\/biblioteca\/2019\/09\/24\/violencia-contra-nossas-criancas\/","og_locale":"pt_BR","og_type":"article","og_title":"VIOL\u00caNCIA CONTRA NOSSAS CRIAN\u00c7AS - Funda\u00e7\u00e3o Jos\u00e9 Luiz Set\u00fabal","og_description":"Em um tempo onde choramos a morte de \u00c1gatha e mais 16 crian\u00e7as nas comunidades do Rio, as crian\u00e7as da favela da Mar\u00e9 enviam cartas para o Tribunal de Justi\u00e7a pedindo provid\u00eancias. Ou\u00e7am aqui algumas destas cartas: https:\/\/www.youtube.com\/watch?v=3YdaQjRH-Ts&amp;app=desktop","og_url":"https:\/\/fundacaojles.org.br\/biblioteca\/2019\/09\/24\/violencia-contra-nossas-criancas\/","og_site_name":"Funda\u00e7\u00e3o Jos\u00e9 Luiz Set\u00fabal","article_published_time":"2019-09-24T14:56:50+00:00","article_modified_time":"2019-09-24T16:36:18+00:00","og_image":[{"width":1916,"height":1076,"url":"https:\/\/fundacaojles.org.br\/biblioteca\/wp-content\/uploads\/2019\/09\/Ximenes2.png","type":"image\/png"}],"author":"Equipe FJLES","twitter_card":"summary_large_image","twitter_misc":{"Escrito por":"Equipe FJLES"},"schema":{"@context":"https:\/\/schema.org","@graph":[{"@type":"Article","@id":"https:\/\/fundacaojles.org.br\/biblioteca\/2019\/09\/24\/violencia-contra-nossas-criancas\/#article","isPartOf":{"@id":"https:\/\/fundacaojles.org.br\/biblioteca\/2019\/09\/24\/violencia-contra-nossas-criancas\/"},"author":{"name":"Equipe FJLES","@id":"https:\/\/fundacaojles.org.br\/biblioteca\/#\/schema\/person\/e94ff71cb76bb9c28d581520dbd137a2"},"headline":"VIOL\u00caNCIA CONTRA NOSSAS CRIAN\u00c7AS","datePublished":"2019-09-24T14:56:50+00:00","dateModified":"2019-09-24T16:36:18+00:00","mainEntityOfPage":{"@id":"https:\/\/fundacaojles.org.br\/biblioteca\/2019\/09\/24\/violencia-contra-nossas-criancas\/"},"wordCount":57,"commentCount":0,"image":{"@id":"https:\/\/fundacaojles.org.br\/biblioteca\/2019\/09\/24\/violencia-contra-nossas-criancas\/#primaryimage"},"thumbnailUrl":"https:\/\/fundacaojles.org.br\/biblioteca\/wp-content\/uploads\/2019\/09\/Ximenes2.png","articleSection":["N\u00e3o categorizado"],"inLanguage":"pt-BR","potentialAction":[{"@type":"CommentAction","name":"Comment","target":["https:\/\/fundacaojles.org.br\/biblioteca\/2019\/09\/24\/violencia-contra-nossas-criancas\/#respond"]}]},{"@type":"WebPage","@id":"https:\/\/fundacaojles.org.br\/biblioteca\/2019\/09\/24\/violencia-contra-nossas-criancas\/","url":"https:\/\/fundacaojles.org.br\/biblioteca\/2019\/09\/24\/violencia-contra-nossas-criancas\/","name":"VIOL\u00caNCIA CONTRA NOSSAS CRIAN\u00c7AS - Funda\u00e7\u00e3o Jos\u00e9 Luiz Set\u00fabal","isPartOf":{"@id":"https:\/\/fundacaojles.org.br\/biblioteca\/#website"},"primaryImageOfPage":{"@id":"https:\/\/fundacaojles.org.br\/biblioteca\/2019\/09\/24\/violencia-contra-nossas-criancas\/#primaryimage"},"image":{"@id":"https:\/\/fundacaojles.org.br\/biblioteca\/2019\/09\/24\/violencia-contra-nossas-criancas\/#primaryimage"},"thumbnailUrl":"https:\/\/fundacaojles.org.br\/biblioteca\/wp-content\/uploads\/2019\/09\/Ximenes2.png","datePublished":"2019-09-24T14:56:50+00:00","dateModified":"2019-09-24T16:36:18+00:00","author":{"@id":"https:\/\/fundacaojles.org.br\/biblioteca\/#\/schema\/person\/e94ff71cb76bb9c28d581520dbd137a2"},"breadcrumb":{"@id":"https:\/\/fundacaojles.org.br\/biblioteca\/2019\/09\/24\/violencia-contra-nossas-criancas\/#breadcrumb"},"inLanguage":"pt-BR","potentialAction":[{"@type":"ReadAction","target":["https:\/\/fundacaojles.org.br\/biblioteca\/2019\/09\/24\/violencia-contra-nossas-criancas\/"]}]},{"@type":"ImageObject","inLanguage":"pt-BR","@id":"https:\/\/fundacaojles.org.br\/biblioteca\/2019\/09\/24\/violencia-contra-nossas-criancas\/#primaryimage","url":"https:\/\/fundacaojles.org.br\/biblioteca\/wp-content\/uploads\/2019\/09\/Ximenes2.png","contentUrl":"https:\/\/fundacaojles.org.br\/biblioteca\/wp-content\/uploads\/2019\/09\/Ximenes2.png","width":1916,"height":1076},{"@type":"BreadcrumbList","@id":"https:\/\/fundacaojles.org.br\/biblioteca\/2019\/09\/24\/violencia-contra-nossas-criancas\/#breadcrumb","itemListElement":[{"@type":"ListItem","position":1,"name":"In\u00edcio","item":"https:\/\/fundacaojles.org.br\/biblioteca\/"},{"@type":"ListItem","position":2,"name":"VIOL\u00caNCIA CONTRA NOSSAS CRIAN\u00c7AS"}]},{"@type":"WebSite","@id":"https:\/\/fundacaojles.org.br\/biblioteca\/#website","url":"https:\/\/fundacaojles.org.br\/biblioteca\/","name":"Funda\u00e7\u00e3o Jos\u00e9 Luiz Set\u00fabal","description":"","potentialAction":[{"@type":"SearchAction","target":{"@type":"EntryPoint","urlTemplate":"https:\/\/fundacaojles.org.br\/biblioteca\/?s={search_term_string}"},"query-input":{"@type":"PropertyValueSpecification","valueRequired":true,"valueName":"search_term_string"}}],"inLanguage":"pt-BR"},{"@type":"Person","@id":"https:\/\/fundacaojles.org.br\/biblioteca\/#\/schema\/person\/e94ff71cb76bb9c28d581520dbd137a2","name":"Equipe FJLES","image":{"@type":"ImageObject","inLanguage":"pt-BR","@id":"https:\/\/secure.gravatar.com\/avatar\/1b2ce5b1cb60c43f8d10074e3a689d7824bf778357b559fea12a89a02835c8e8?s=96&d=mm&r=g","url":"https:\/\/secure.gravatar.com\/avatar\/1b2ce5b1cb60c43f8d10074e3a689d7824bf778357b559fea12a89a02835c8e8?s=96&d=mm&r=g","contentUrl":"https:\/\/secure.gravatar.com\/avatar\/1b2ce5b1cb60c43f8d10074e3a689d7824bf778357b559fea12a89a02835c8e8?s=96&d=mm&r=g","caption":"Equipe FJLES"}}]}},"_links":{"self":[{"href":"https:\/\/fundacaojles.org.br\/biblioteca\/wp-json\/wp\/v2\/posts\/21369","targetHints":{"allow":["GET"]}}],"collection":[{"href":"https:\/\/fundacaojles.org.br\/biblioteca\/wp-json\/wp\/v2\/posts"}],"about":[{"href":"https:\/\/fundacaojles.org.br\/biblioteca\/wp-json\/wp\/v2\/types\/post"}],"author":[{"embeddable":true,"href":"https:\/\/fundacaojles.org.br\/biblioteca\/wp-json\/wp\/v2\/users\/1"}],"replies":[{"embeddable":true,"href":"https:\/\/fundacaojles.org.br\/biblioteca\/wp-json\/wp\/v2\/comments?post=21369"}],"version-history":[{"count":5,"href":"https:\/\/fundacaojles.org.br\/biblioteca\/wp-json\/wp\/v2\/posts\/21369\/revisions"}],"predecessor-version":[{"id":21377,"href":"https:\/\/fundacaojles.org.br\/biblioteca\/wp-json\/wp\/v2\/posts\/21369\/revisions\/21377"}],"wp:featuredmedia":[{"embeddable":true,"href":"https:\/\/fundacaojles.org.br\/biblioteca\/wp-json\/wp\/v2\/media\/21371"}],"wp:attachment":[{"href":"https:\/\/fundacaojles.org.br\/biblioteca\/wp-json\/wp\/v2\/media?parent=21369"}],"wp:term":[{"taxonomy":"category","embeddable":true,"href":"https:\/\/fundacaojles.org.br\/biblioteca\/wp-json\/wp\/v2\/categories?post=21369"},{"taxonomy":"post_tag","embeddable":true,"href":"https:\/\/fundacaojles.org.br\/biblioteca\/wp-json\/wp\/v2\/tags?post=21369"}],"curies":[{"name":"wp","href":"https:\/\/api.w.org\/{rel}","templated":true}]}}