{"id":21388,"date":"2019-12-10T15:20:44","date_gmt":"2019-12-10T18:20:44","guid":{"rendered":"http:\/\/fundacaojles.org.br\/biblioteca\/?p=21388"},"modified":"2019-12-10T15:22:00","modified_gmt":"2019-12-10T18:22:00","slug":"child-life-specialist","status":"publish","type":"post","link":"https:\/\/fundacaojles.org.br\/biblioteca\/2019\/12\/10\/child-life-specialist\/","title":{"rendered":"CHILD LIFE SPECIALIST"},"content":{"rendered":"<p>O Hospital Sabar\u00e1 e o Instituto Pensi s\u00e3o pioneiros, no Brasil, na forma\u00e7\u00e3o deste profissional: o Child Life Specialist \u2013 que atua junto \u00e0s crian\u00e7as internadas, tornando seu tratamento mais suave e sem traumas. Algo que j\u00e1 existe nos hospitais norte-americanos e come\u00e7a a se difundir por aqui. E para discutir os desafios desta nova capacita\u00e7\u00e3o, realizamos hoje (10\/12) um caf\u00e9 da manh\u00e3 para profissionais e lideran\u00e7as da \u00e1rea da sa\u00fade.<\/p>\n<p>Houve troca de ideias, demonstra\u00e7\u00f5es de t\u00e9cnicas utilizadas junto \u00e0s crian\u00e7as, apresenta\u00e7\u00f5es e um bate-papo com Deborah Vilas, uma das mais respeitadas Child Life Specialists do mundo, que atua em Nova Iorque e \u00e9 orientadora do projeto do Sabar\u00e1. Informa\u00e7\u00f5es mais detalhadas sobre o projeto voc\u00ea encontra em:<a href=\"https:\/\/institutopensi.org.br\/wp-content\/uploads\/2019\/12\/Child_Life_Specialist.pdf\">https:\/\/institutopensi.org.br\/wp-content\/uploads\/2019\/12\/Child_Life_Specialist.pdf<\/a><\/p>\n","protected":false},"excerpt":{"rendered":"<p>O Hospital Sabar\u00e1 e o Instituto Pensi s\u00e3o pioneiros, no Brasil, na forma\u00e7\u00e3o deste profissional: o Child Life Specialist \u2013 que atua junto \u00e0s crian\u00e7as internadas, tornando seu tratamento mais suave e sem traumas. Algo que j\u00e1 existe nos hospitais norte-americanos e come\u00e7a a se difundir por aqui. E para discutir os desafios desta nova [&hellip;]<\/p>\n","protected":false},"author":1,"featured_media":21389,"comment_status":"open","ping_status":"open","sticky":false,"template":"","format":"standard","meta":{"_acf_changed":false,"_et_pb_use_builder":"","_et_pb_old_content":"","_et_gb_content_width":"","inline_featured_image":false,"footnotes":""},"categories":[28,1],"tags":[],"class_list":["post-21388","post","type-post","status-publish","format-standard","has-post-thumbnail","hentry","category-eventos","category-nao-categorizado"],"acf":[],"yoast_head":"<!-- This site is optimized with the Yoast SEO plugin v27.5 - https:\/\/yoast.com\/product\/yoast-seo-wordpress\/ -->\n<title>CHILD LIFE SPECIALIST - Funda\u00e7\u00e3o Jos\u00e9 Luiz Set\u00fabal<\/title>\n<meta name=\"robots\" content=\"index, follow, max-snippet:-1, max-image-preview:large, max-video-preview:-1\" \/>\n<link rel=\"canonical\" href=\"https:\/\/fundacaojles.org.br\/biblioteca\/2019\/12\/10\/child-life-specialist\/\" \/>\n<meta property=\"og:locale\" content=\"pt_BR\" \/>\n<meta property=\"og:type\" content=\"article\" \/>\n<meta property=\"og:title\" content=\"CHILD LIFE SPECIALIST - Funda\u00e7\u00e3o Jos\u00e9 Luiz Set\u00fabal\" \/>\n<meta property=\"og:description\" content=\"O Hospital Sabar\u00e1 e o Instituto Pensi s\u00e3o pioneiros, no Brasil, na forma\u00e7\u00e3o deste profissional: o Child Life Specialist \u2013 que atua junto \u00e0s crian\u00e7as internadas, tornando seu tratamento mais suave e sem traumas. Algo que j\u00e1 existe nos hospitais norte-americanos e come\u00e7a a se difundir por aqui. E para discutir os desafios desta nova [&hellip;]\" \/>\n<meta property=\"og:url\" content=\"https:\/\/fundacaojles.org.br\/biblioteca\/2019\/12\/10\/child-life-specialist\/\" \/>\n<meta property=\"og:site_name\" content=\"Funda\u00e7\u00e3o Jos\u00e9 Luiz Set\u00fabal\" \/>\n<meta property=\"article:published_time\" content=\"2019-12-10T18:20:44+00:00\" \/>\n<meta property=\"article:modified_time\" content=\"2019-12-10T18:22:00+00:00\" \/>\n<meta property=\"og:image\" content=\"https:\/\/fundacaojles.org.br\/biblioteca\/wp-content\/uploads\/2019\/12\/Evento-Child-Life-1024x683.jpg\" \/>\n\t<meta property=\"og:image:width\" content=\"1024\" \/>\n\t<meta property=\"og:image:height\" content=\"683\" \/>\n\t<meta property=\"og:image:type\" content=\"image\/jpeg\" \/>\n<meta name=\"author\" content=\"Equipe FJLES\" \/>\n<meta name=\"twitter:card\" content=\"summary_large_image\" \/>\n<meta name=\"twitter:label1\" content=\"Escrito por\" \/>\n\t<meta name=\"twitter:data1\" content=\"Equipe FJLES\" \/>\n\t<meta name=\"twitter:label2\" content=\"Est. tempo de leitura\" \/>\n\t<meta name=\"twitter:data2\" content=\"1 minuto\" \/>\n<script type=\"application\/ld+json\" class=\"yoast-schema-graph\">{\"@context\":\"https:\\\/\\\/schema.org\",\"@graph\":[{\"@type\":\"Article\",\"@id\":\"https:\\\/\\\/fundacaojles.org.br\\\/biblioteca\\\/2019\\\/12\\\/10\\\/child-life-specialist\\\/#article\",\"isPartOf\":{\"@id\":\"https:\\\/\\\/fundacaojles.org.br\\\/biblioteca\\\/2019\\\/12\\\/10\\\/child-life-specialist\\\/\"},\"author\":{\"name\":\"Equipe FJLES\",\"@id\":\"https:\\\/\\\/fundacaojles.org.br\\\/biblioteca\\\/#\\\/schema\\\/person\\\/e94ff71cb76bb9c28d581520dbd137a2\"},\"headline\":\"CHILD LIFE SPECIALIST\",\"datePublished\":\"2019-12-10T18:20:44+00:00\",\"dateModified\":\"2019-12-10T18:22:00+00:00\",\"mainEntityOfPage\":{\"@id\":\"https:\\\/\\\/fundacaojles.org.br\\\/biblioteca\\\/2019\\\/12\\\/10\\\/child-life-specialist\\\/\"},\"wordCount\":141,\"commentCount\":0,\"image\":{\"@id\":\"https:\\\/\\\/fundacaojles.org.br\\\/biblioteca\\\/2019\\\/12\\\/10\\\/child-life-specialist\\\/#primaryimage\"},\"thumbnailUrl\":\"https:\\\/\\\/fundacaojles.org.br\\\/biblioteca\\\/wp-content\\\/uploads\\\/2019\\\/12\\\/Evento-Child-Life.jpg\",\"articleSection\":[\"Eventos\",\"N\u00e3o categorizado\"],\"inLanguage\":\"pt-BR\",\"potentialAction\":[{\"@type\":\"CommentAction\",\"name\":\"Comment\",\"target\":[\"https:\\\/\\\/fundacaojles.org.br\\\/biblioteca\\\/2019\\\/12\\\/10\\\/child-life-specialist\\\/#respond\"]}]},{\"@type\":\"WebPage\",\"@id\":\"https:\\\/\\\/fundacaojles.org.br\\\/biblioteca\\\/2019\\\/12\\\/10\\\/child-life-specialist\\\/\",\"url\":\"https:\\\/\\\/fundacaojles.org.br\\\/biblioteca\\\/2019\\\/12\\\/10\\\/child-life-specialist\\\/\",\"name\":\"CHILD LIFE SPECIALIST - Funda\u00e7\u00e3o Jos\u00e9 Luiz Set\u00fabal\",\"isPartOf\":{\"@id\":\"https:\\\/\\\/fundacaojles.org.br\\\/biblioteca\\\/#website\"},\"primaryImageOfPage\":{\"@id\":\"https:\\\/\\\/fundacaojles.org.br\\\/biblioteca\\\/2019\\\/12\\\/10\\\/child-life-specialist\\\/#primaryimage\"},\"image\":{\"@id\":\"https:\\\/\\\/fundacaojles.org.br\\\/biblioteca\\\/2019\\\/12\\\/10\\\/child-life-specialist\\\/#primaryimage\"},\"thumbnailUrl\":\"https:\\\/\\\/fundacaojles.org.br\\\/biblioteca\\\/wp-content\\\/uploads\\\/2019\\\/12\\\/Evento-Child-Life.jpg\",\"datePublished\":\"2019-12-10T18:20:44+00:00\",\"dateModified\":\"2019-12-10T18:22:00+00:00\",\"author\":{\"@id\":\"https:\\\/\\\/fundacaojles.org.br\\\/biblioteca\\\/#\\\/schema\\\/person\\\/e94ff71cb76bb9c28d581520dbd137a2\"},\"breadcrumb\":{\"@id\":\"https:\\\/\\\/fundacaojles.org.br\\\/biblioteca\\\/2019\\\/12\\\/10\\\/child-life-specialist\\\/#breadcrumb\"},\"inLanguage\":\"pt-BR\",\"potentialAction\":[{\"@type\":\"ReadAction\",\"target\":[\"https:\\\/\\\/fundacaojles.org.br\\\/biblioteca\\\/2019\\\/12\\\/10\\\/child-life-specialist\\\/\"]}]},{\"@type\":\"ImageObject\",\"inLanguage\":\"pt-BR\",\"@id\":\"https:\\\/\\\/fundacaojles.org.br\\\/biblioteca\\\/2019\\\/12\\\/10\\\/child-life-specialist\\\/#primaryimage\",\"url\":\"https:\\\/\\\/fundacaojles.org.br\\\/biblioteca\\\/wp-content\\\/uploads\\\/2019\\\/12\\\/Evento-Child-Life.jpg\",\"contentUrl\":\"https:\\\/\\\/fundacaojles.org.br\\\/biblioteca\\\/wp-content\\\/uploads\\\/2019\\\/12\\\/Evento-Child-Life.jpg\",\"width\":5184,\"height\":3456},{\"@type\":\"BreadcrumbList\",\"@id\":\"https:\\\/\\\/fundacaojles.org.br\\\/biblioteca\\\/2019\\\/12\\\/10\\\/child-life-specialist\\\/#breadcrumb\",\"itemListElement\":[{\"@type\":\"ListItem\",\"position\":1,\"name\":\"In\u00edcio\",\"item\":\"https:\\\/\\\/fundacaojles.org.br\\\/biblioteca\\\/\"},{\"@type\":\"ListItem\",\"position\":2,\"name\":\"CHILD LIFE SPECIALIST\"}]},{\"@type\":\"WebSite\",\"@id\":\"https:\\\/\\\/fundacaojles.org.br\\\/biblioteca\\\/#website\",\"url\":\"https:\\\/\\\/fundacaojles.org.br\\\/biblioteca\\\/\",\"name\":\"Funda\u00e7\u00e3o Jos\u00e9 Luiz Set\u00fabal\",\"description\":\"\",\"potentialAction\":[{\"@type\":\"SearchAction\",\"target\":{\"@type\":\"EntryPoint\",\"urlTemplate\":\"https:\\\/\\\/fundacaojles.org.br\\\/biblioteca\\\/?s={search_term_string}\"},\"query-input\":{\"@type\":\"PropertyValueSpecification\",\"valueRequired\":true,\"valueName\":\"search_term_string\"}}],\"inLanguage\":\"pt-BR\"},{\"@type\":\"Person\",\"@id\":\"https:\\\/\\\/fundacaojles.org.br\\\/biblioteca\\\/#\\\/schema\\\/person\\\/e94ff71cb76bb9c28d581520dbd137a2\",\"name\":\"Equipe FJLES\",\"image\":{\"@type\":\"ImageObject\",\"inLanguage\":\"pt-BR\",\"@id\":\"https:\\\/\\\/secure.gravatar.com\\\/avatar\\\/1b2ce5b1cb60c43f8d10074e3a689d7824bf778357b559fea12a89a02835c8e8?s=96&d=mm&r=g\",\"url\":\"https:\\\/\\\/secure.gravatar.com\\\/avatar\\\/1b2ce5b1cb60c43f8d10074e3a689d7824bf778357b559fea12a89a02835c8e8?s=96&d=mm&r=g\",\"contentUrl\":\"https:\\\/\\\/secure.gravatar.com\\\/avatar\\\/1b2ce5b1cb60c43f8d10074e3a689d7824bf778357b559fea12a89a02835c8e8?s=96&d=mm&r=g\",\"caption\":\"Equipe FJLES\"}}]}<\/script>\n<!-- \/ Yoast SEO plugin. -->","yoast_head_json":{"title":"CHILD LIFE SPECIALIST - Funda\u00e7\u00e3o Jos\u00e9 Luiz Set\u00fabal","robots":{"index":"index","follow":"follow","max-snippet":"max-snippet:-1","max-image-preview":"max-image-preview:large","max-video-preview":"max-video-preview:-1"},"canonical":"https:\/\/fundacaojles.org.br\/biblioteca\/2019\/12\/10\/child-life-specialist\/","og_locale":"pt_BR","og_type":"article","og_title":"CHILD LIFE SPECIALIST - Funda\u00e7\u00e3o Jos\u00e9 Luiz Set\u00fabal","og_description":"O Hospital Sabar\u00e1 e o Instituto Pensi s\u00e3o pioneiros, no Brasil, na forma\u00e7\u00e3o deste profissional: o Child Life Specialist \u2013 que atua junto \u00e0s crian\u00e7as internadas, tornando seu tratamento mais suave e sem traumas. Algo que j\u00e1 existe nos hospitais norte-americanos e come\u00e7a a se difundir por aqui. E para discutir os desafios desta nova [&hellip;]","og_url":"https:\/\/fundacaojles.org.br\/biblioteca\/2019\/12\/10\/child-life-specialist\/","og_site_name":"Funda\u00e7\u00e3o Jos\u00e9 Luiz Set\u00fabal","article_published_time":"2019-12-10T18:20:44+00:00","article_modified_time":"2019-12-10T18:22:00+00:00","og_image":[{"width":1024,"height":683,"url":"https:\/\/fundacaojles.org.br\/biblioteca\/wp-content\/uploads\/2019\/12\/Evento-Child-Life-1024x683.jpg","type":"image\/jpeg"}],"author":"Equipe FJLES","twitter_card":"summary_large_image","twitter_misc":{"Escrito por":"Equipe FJLES","Est. tempo de leitura":"1 minuto"},"schema":{"@context":"https:\/\/schema.org","@graph":[{"@type":"Article","@id":"https:\/\/fundacaojles.org.br\/biblioteca\/2019\/12\/10\/child-life-specialist\/#article","isPartOf":{"@id":"https:\/\/fundacaojles.org.br\/biblioteca\/2019\/12\/10\/child-life-specialist\/"},"author":{"name":"Equipe FJLES","@id":"https:\/\/fundacaojles.org.br\/biblioteca\/#\/schema\/person\/e94ff71cb76bb9c28d581520dbd137a2"},"headline":"CHILD LIFE SPECIALIST","datePublished":"2019-12-10T18:20:44+00:00","dateModified":"2019-12-10T18:22:00+00:00","mainEntityOfPage":{"@id":"https:\/\/fundacaojles.org.br\/biblioteca\/2019\/12\/10\/child-life-specialist\/"},"wordCount":141,"commentCount":0,"image":{"@id":"https:\/\/fundacaojles.org.br\/biblioteca\/2019\/12\/10\/child-life-specialist\/#primaryimage"},"thumbnailUrl":"https:\/\/fundacaojles.org.br\/biblioteca\/wp-content\/uploads\/2019\/12\/Evento-Child-Life.jpg","articleSection":["Eventos","N\u00e3o categorizado"],"inLanguage":"pt-BR","potentialAction":[{"@type":"CommentAction","name":"Comment","target":["https:\/\/fundacaojles.org.br\/biblioteca\/2019\/12\/10\/child-life-specialist\/#respond"]}]},{"@type":"WebPage","@id":"https:\/\/fundacaojles.org.br\/biblioteca\/2019\/12\/10\/child-life-specialist\/","url":"https:\/\/fundacaojles.org.br\/biblioteca\/2019\/12\/10\/child-life-specialist\/","name":"CHILD LIFE SPECIALIST - Funda\u00e7\u00e3o Jos\u00e9 Luiz Set\u00fabal","isPartOf":{"@id":"https:\/\/fundacaojles.org.br\/biblioteca\/#website"},"primaryImageOfPage":{"@id":"https:\/\/fundacaojles.org.br\/biblioteca\/2019\/12\/10\/child-life-specialist\/#primaryimage"},"image":{"@id":"https:\/\/fundacaojles.org.br\/biblioteca\/2019\/12\/10\/child-life-specialist\/#primaryimage"},"thumbnailUrl":"https:\/\/fundacaojles.org.br\/biblioteca\/wp-content\/uploads\/2019\/12\/Evento-Child-Life.jpg","datePublished":"2019-12-10T18:20:44+00:00","dateModified":"2019-12-10T18:22:00+00:00","author":{"@id":"https:\/\/fundacaojles.org.br\/biblioteca\/#\/schema\/person\/e94ff71cb76bb9c28d581520dbd137a2"},"breadcrumb":{"@id":"https:\/\/fundacaojles.org.br\/biblioteca\/2019\/12\/10\/child-life-specialist\/#breadcrumb"},"inLanguage":"pt-BR","potentialAction":[{"@type":"ReadAction","target":["https:\/\/fundacaojles.org.br\/biblioteca\/2019\/12\/10\/child-life-specialist\/"]}]},{"@type":"ImageObject","inLanguage":"pt-BR","@id":"https:\/\/fundacaojles.org.br\/biblioteca\/2019\/12\/10\/child-life-specialist\/#primaryimage","url":"https:\/\/fundacaojles.org.br\/biblioteca\/wp-content\/uploads\/2019\/12\/Evento-Child-Life.jpg","contentUrl":"https:\/\/fundacaojles.org.br\/biblioteca\/wp-content\/uploads\/2019\/12\/Evento-Child-Life.jpg","width":5184,"height":3456},{"@type":"BreadcrumbList","@id":"https:\/\/fundacaojles.org.br\/biblioteca\/2019\/12\/10\/child-life-specialist\/#breadcrumb","itemListElement":[{"@type":"ListItem","position":1,"name":"In\u00edcio","item":"https:\/\/fundacaojles.org.br\/biblioteca\/"},{"@type":"ListItem","position":2,"name":"CHILD LIFE SPECIALIST"}]},{"@type":"WebSite","@id":"https:\/\/fundacaojles.org.br\/biblioteca\/#website","url":"https:\/\/fundacaojles.org.br\/biblioteca\/","name":"Funda\u00e7\u00e3o Jos\u00e9 Luiz Set\u00fabal","description":"","potentialAction":[{"@type":"SearchAction","target":{"@type":"EntryPoint","urlTemplate":"https:\/\/fundacaojles.org.br\/biblioteca\/?s={search_term_string}"},"query-input":{"@type":"PropertyValueSpecification","valueRequired":true,"valueName":"search_term_string"}}],"inLanguage":"pt-BR"},{"@type":"Person","@id":"https:\/\/fundacaojles.org.br\/biblioteca\/#\/schema\/person\/e94ff71cb76bb9c28d581520dbd137a2","name":"Equipe FJLES","image":{"@type":"ImageObject","inLanguage":"pt-BR","@id":"https:\/\/secure.gravatar.com\/avatar\/1b2ce5b1cb60c43f8d10074e3a689d7824bf778357b559fea12a89a02835c8e8?s=96&d=mm&r=g","url":"https:\/\/secure.gravatar.com\/avatar\/1b2ce5b1cb60c43f8d10074e3a689d7824bf778357b559fea12a89a02835c8e8?s=96&d=mm&r=g","contentUrl":"https:\/\/secure.gravatar.com\/avatar\/1b2ce5b1cb60c43f8d10074e3a689d7824bf778357b559fea12a89a02835c8e8?s=96&d=mm&r=g","caption":"Equipe FJLES"}}]}},"_links":{"self":[{"href":"https:\/\/fundacaojles.org.br\/biblioteca\/wp-json\/wp\/v2\/posts\/21388","targetHints":{"allow":["GET"]}}],"collection":[{"href":"https:\/\/fundacaojles.org.br\/biblioteca\/wp-json\/wp\/v2\/posts"}],"about":[{"href":"https:\/\/fundacaojles.org.br\/biblioteca\/wp-json\/wp\/v2\/types\/post"}],"author":[{"embeddable":true,"href":"https:\/\/fundacaojles.org.br\/biblioteca\/wp-json\/wp\/v2\/users\/1"}],"replies":[{"embeddable":true,"href":"https:\/\/fundacaojles.org.br\/biblioteca\/wp-json\/wp\/v2\/comments?post=21388"}],"version-history":[{"count":1,"href":"https:\/\/fundacaojles.org.br\/biblioteca\/wp-json\/wp\/v2\/posts\/21388\/revisions"}],"predecessor-version":[{"id":21390,"href":"https:\/\/fundacaojles.org.br\/biblioteca\/wp-json\/wp\/v2\/posts\/21388\/revisions\/21390"}],"wp:featuredmedia":[{"embeddable":true,"href":"https:\/\/fundacaojles.org.br\/biblioteca\/wp-json\/wp\/v2\/media\/21389"}],"wp:attachment":[{"href":"https:\/\/fundacaojles.org.br\/biblioteca\/wp-json\/wp\/v2\/media?parent=21388"}],"wp:term":[{"taxonomy":"category","embeddable":true,"href":"https:\/\/fundacaojles.org.br\/biblioteca\/wp-json\/wp\/v2\/categories?post=21388"},{"taxonomy":"post_tag","embeddable":true,"href":"https:\/\/fundacaojles.org.br\/biblioteca\/wp-json\/wp\/v2\/tags?post=21388"}],"curies":[{"name":"wp","href":"https:\/\/api.w.org\/{rel}","templated":true}]}}