{"id":21482,"date":"2020-07-21T11:29:59","date_gmt":"2020-07-21T14:29:59","guid":{"rendered":"http:\/\/fundacaojles.org.br\/biblioteca\/?p=21482"},"modified":"2020-07-21T11:29:59","modified_gmt":"2020-07-21T14:29:59","slug":"fundacao-doa-mascaras-para-hospital-publico","status":"publish","type":"post","link":"https:\/\/fundacaojles.org.br\/biblioteca\/2020\/07\/21\/fundacao-doa-mascaras-para-hospital-publico\/","title":{"rendered":"FUNDA\u00c7\u00c3O DOA M\u00c1SCARAS PARA HOSPITAL P\u00daBLICO"},"content":{"rendered":"<p>A Funda\u00e7\u00e3o Jos\u00e9 Luiz Egydio Set\u00fabal fez a doa\u00e7\u00e3o de 9 mil m\u00e1scaras cir\u00fargicas para o Hospital Tide Set\u00fabal, na Zona Leste de S\u00e3o Paulo.\u00a0 O repasse faz parte de um mutir\u00e3o, que contou com mat\u00e9ria-prima fornecida pela SOBECC \u2013Associa\u00e7\u00e3o Brasileira de Enfermeiros de Centro Cir\u00fargico, Recupera\u00e7\u00e3o Anest\u00e9sica e Centro de Material e Esteriliza\u00e7\u00e3o \u2013 e o talento das costureiras de uma cooperativa liderada pela ONG Gerando Falc\u00f5es.<\/p>\n<p>A a\u00e7\u00e3o faz parte de uma s\u00e9rie de doa\u00e7\u00f5es que a FJLES vem realizando desde o in\u00edcio da pandemia, com o objetivo de minimizar os efeitos que a crise do Coronav\u00edrus causou, tanto para a popula\u00e7\u00e3o, como aos profissionais de sa\u00fade da linha de frente.<\/p>\n","protected":false},"excerpt":{"rendered":"<p>A Funda\u00e7\u00e3o Jos\u00e9 Luiz Egydio Set\u00fabal fez a doa\u00e7\u00e3o de 9 mil m\u00e1scaras cir\u00fargicas para o Hospital Tide Set\u00fabal, na Zona Leste de S\u00e3o Paulo.\u00a0 O repasse faz parte de um mutir\u00e3o, que contou com mat\u00e9ria-prima fornecida pela SOBECC \u2013Associa\u00e7\u00e3o Brasileira de Enfermeiros de Centro Cir\u00fargico, Recupera\u00e7\u00e3o Anest\u00e9sica e Centro de Material e Esteriliza\u00e7\u00e3o \u2013 [&hellip;]<\/p>\n","protected":false},"author":1,"featured_media":21474,"comment_status":"open","ping_status":"open","sticky":false,"template":"","format":"standard","meta":{"_acf_changed":false,"_et_pb_use_builder":"","_et_pb_old_content":"","_et_gb_content_width":"","inline_featured_image":false,"footnotes":""},"categories":[35],"tags":[],"class_list":["post-21482","post","type-post","status-publish","format-standard","has-post-thumbnail","hentry","category-doacoes"],"acf":[],"yoast_head":"<!-- This site is optimized with the Yoast SEO plugin v27.5 - https:\/\/yoast.com\/product\/yoast-seo-wordpress\/ -->\n<title>FUNDA\u00c7\u00c3O DOA M\u00c1SCARAS PARA HOSPITAL P\u00daBLICO - Funda\u00e7\u00e3o Jos\u00e9 Luiz Set\u00fabal<\/title>\n<meta name=\"robots\" content=\"index, follow, max-snippet:-1, max-image-preview:large, max-video-preview:-1\" \/>\n<link rel=\"canonical\" href=\"https:\/\/fundacaojles.org.br\/biblioteca\/2020\/07\/21\/fundacao-doa-mascaras-para-hospital-publico\/\" \/>\n<meta property=\"og:locale\" content=\"pt_BR\" \/>\n<meta property=\"og:type\" content=\"article\" \/>\n<meta property=\"og:title\" content=\"FUNDA\u00c7\u00c3O DOA M\u00c1SCARAS PARA HOSPITAL P\u00daBLICO - Funda\u00e7\u00e3o Jos\u00e9 Luiz Set\u00fabal\" \/>\n<meta property=\"og:description\" content=\"A Funda\u00e7\u00e3o Jos\u00e9 Luiz Egydio Set\u00fabal fez a doa\u00e7\u00e3o de 9 mil m\u00e1scaras cir\u00fargicas para o Hospital Tide Set\u00fabal, na Zona Leste de S\u00e3o Paulo.\u00a0 O repasse faz parte de um mutir\u00e3o, que contou com mat\u00e9ria-prima fornecida pela SOBECC \u2013Associa\u00e7\u00e3o Brasileira de Enfermeiros de Centro Cir\u00fargico, Recupera\u00e7\u00e3o Anest\u00e9sica e Centro de Material e Esteriliza\u00e7\u00e3o \u2013 [&hellip;]\" \/>\n<meta property=\"og:url\" content=\"https:\/\/fundacaojles.org.br\/biblioteca\/2020\/07\/21\/fundacao-doa-mascaras-para-hospital-publico\/\" \/>\n<meta property=\"og:site_name\" content=\"Funda\u00e7\u00e3o Jos\u00e9 Luiz Set\u00fabal\" \/>\n<meta property=\"article:published_time\" content=\"2020-07-21T14:29:59+00:00\" \/>\n<meta property=\"og:image\" content=\"https:\/\/fundacaojles.org.br\/biblioteca\/wp-content\/uploads\/2020\/07\/doa\u00e7\u00e3o-mascaras.jpg\" \/>\n\t<meta property=\"og:image:width\" content=\"1280\" \/>\n\t<meta property=\"og:image:height\" content=\"842\" \/>\n\t<meta property=\"og:image:type\" content=\"image\/jpeg\" \/>\n<meta name=\"author\" content=\"Equipe FJLES\" \/>\n<meta name=\"twitter:card\" content=\"summary_large_image\" \/>\n<meta name=\"twitter:label1\" content=\"Escrito por\" \/>\n\t<meta name=\"twitter:data1\" content=\"Equipe FJLES\" \/>\n\t<meta name=\"twitter:label2\" content=\"Est. tempo de leitura\" \/>\n\t<meta name=\"twitter:data2\" content=\"1 minuto\" \/>\n<script type=\"application\/ld+json\" class=\"yoast-schema-graph\">{\"@context\":\"https:\\\/\\\/schema.org\",\"@graph\":[{\"@type\":\"Article\",\"@id\":\"https:\\\/\\\/fundacaojles.org.br\\\/biblioteca\\\/2020\\\/07\\\/21\\\/fundacao-doa-mascaras-para-hospital-publico\\\/#article\",\"isPartOf\":{\"@id\":\"https:\\\/\\\/fundacaojles.org.br\\\/biblioteca\\\/2020\\\/07\\\/21\\\/fundacao-doa-mascaras-para-hospital-publico\\\/\"},\"author\":{\"name\":\"Equipe FJLES\",\"@id\":\"https:\\\/\\\/fundacaojles.org.br\\\/biblioteca\\\/#\\\/schema\\\/person\\\/e94ff71cb76bb9c28d581520dbd137a2\"},\"headline\":\"FUNDA\u00c7\u00c3O DOA M\u00c1SCARAS PARA HOSPITAL P\u00daBLICO\",\"datePublished\":\"2020-07-21T14:29:59+00:00\",\"mainEntityOfPage\":{\"@id\":\"https:\\\/\\\/fundacaojles.org.br\\\/biblioteca\\\/2020\\\/07\\\/21\\\/fundacao-doa-mascaras-para-hospital-publico\\\/\"},\"wordCount\":142,\"commentCount\":0,\"image\":{\"@id\":\"https:\\\/\\\/fundacaojles.org.br\\\/biblioteca\\\/2020\\\/07\\\/21\\\/fundacao-doa-mascaras-para-hospital-publico\\\/#primaryimage\"},\"thumbnailUrl\":\"https:\\\/\\\/fundacaojles.org.br\\\/biblioteca\\\/wp-content\\\/uploads\\\/2020\\\/07\\\/doa\u00e7\u00e3o-mascaras.jpg\",\"articleSection\":[\"Doa\u00e7\u00f5es\"],\"inLanguage\":\"pt-BR\",\"potentialAction\":[{\"@type\":\"CommentAction\",\"name\":\"Comment\",\"target\":[\"https:\\\/\\\/fundacaojles.org.br\\\/biblioteca\\\/2020\\\/07\\\/21\\\/fundacao-doa-mascaras-para-hospital-publico\\\/#respond\"]}]},{\"@type\":\"WebPage\",\"@id\":\"https:\\\/\\\/fundacaojles.org.br\\\/biblioteca\\\/2020\\\/07\\\/21\\\/fundacao-doa-mascaras-para-hospital-publico\\\/\",\"url\":\"https:\\\/\\\/fundacaojles.org.br\\\/biblioteca\\\/2020\\\/07\\\/21\\\/fundacao-doa-mascaras-para-hospital-publico\\\/\",\"name\":\"FUNDA\u00c7\u00c3O DOA M\u00c1SCARAS PARA HOSPITAL P\u00daBLICO - Funda\u00e7\u00e3o Jos\u00e9 Luiz Set\u00fabal\",\"isPartOf\":{\"@id\":\"https:\\\/\\\/fundacaojles.org.br\\\/biblioteca\\\/#website\"},\"primaryImageOfPage\":{\"@id\":\"https:\\\/\\\/fundacaojles.org.br\\\/biblioteca\\\/2020\\\/07\\\/21\\\/fundacao-doa-mascaras-para-hospital-publico\\\/#primaryimage\"},\"image\":{\"@id\":\"https:\\\/\\\/fundacaojles.org.br\\\/biblioteca\\\/2020\\\/07\\\/21\\\/fundacao-doa-mascaras-para-hospital-publico\\\/#primaryimage\"},\"thumbnailUrl\":\"https:\\\/\\\/fundacaojles.org.br\\\/biblioteca\\\/wp-content\\\/uploads\\\/2020\\\/07\\\/doa\u00e7\u00e3o-mascaras.jpg\",\"datePublished\":\"2020-07-21T14:29:59+00:00\",\"author\":{\"@id\":\"https:\\\/\\\/fundacaojles.org.br\\\/biblioteca\\\/#\\\/schema\\\/person\\\/e94ff71cb76bb9c28d581520dbd137a2\"},\"breadcrumb\":{\"@id\":\"https:\\\/\\\/fundacaojles.org.br\\\/biblioteca\\\/2020\\\/07\\\/21\\\/fundacao-doa-mascaras-para-hospital-publico\\\/#breadcrumb\"},\"inLanguage\":\"pt-BR\",\"potentialAction\":[{\"@type\":\"ReadAction\",\"target\":[\"https:\\\/\\\/fundacaojles.org.br\\\/biblioteca\\\/2020\\\/07\\\/21\\\/fundacao-doa-mascaras-para-hospital-publico\\\/\"]}]},{\"@type\":\"ImageObject\",\"inLanguage\":\"pt-BR\",\"@id\":\"https:\\\/\\\/fundacaojles.org.br\\\/biblioteca\\\/2020\\\/07\\\/21\\\/fundacao-doa-mascaras-para-hospital-publico\\\/#primaryimage\",\"url\":\"https:\\\/\\\/fundacaojles.org.br\\\/biblioteca\\\/wp-content\\\/uploads\\\/2020\\\/07\\\/doa\u00e7\u00e3o-mascaras.jpg\",\"contentUrl\":\"https:\\\/\\\/fundacaojles.org.br\\\/biblioteca\\\/wp-content\\\/uploads\\\/2020\\\/07\\\/doa\u00e7\u00e3o-mascaras.jpg\",\"width\":1280,\"height\":842},{\"@type\":\"BreadcrumbList\",\"@id\":\"https:\\\/\\\/fundacaojles.org.br\\\/biblioteca\\\/2020\\\/07\\\/21\\\/fundacao-doa-mascaras-para-hospital-publico\\\/#breadcrumb\",\"itemListElement\":[{\"@type\":\"ListItem\",\"position\":1,\"name\":\"In\u00edcio\",\"item\":\"https:\\\/\\\/fundacaojles.org.br\\\/biblioteca\\\/\"},{\"@type\":\"ListItem\",\"position\":2,\"name\":\"FUNDA\u00c7\u00c3O DOA M\u00c1SCARAS PARA HOSPITAL P\u00daBLICO\"}]},{\"@type\":\"WebSite\",\"@id\":\"https:\\\/\\\/fundacaojles.org.br\\\/biblioteca\\\/#website\",\"url\":\"https:\\\/\\\/fundacaojles.org.br\\\/biblioteca\\\/\",\"name\":\"Funda\u00e7\u00e3o Jos\u00e9 Luiz Set\u00fabal\",\"description\":\"\",\"potentialAction\":[{\"@type\":\"SearchAction\",\"target\":{\"@type\":\"EntryPoint\",\"urlTemplate\":\"https:\\\/\\\/fundacaojles.org.br\\\/biblioteca\\\/?s={search_term_string}\"},\"query-input\":{\"@type\":\"PropertyValueSpecification\",\"valueRequired\":true,\"valueName\":\"search_term_string\"}}],\"inLanguage\":\"pt-BR\"},{\"@type\":\"Person\",\"@id\":\"https:\\\/\\\/fundacaojles.org.br\\\/biblioteca\\\/#\\\/schema\\\/person\\\/e94ff71cb76bb9c28d581520dbd137a2\",\"name\":\"Equipe FJLES\",\"image\":{\"@type\":\"ImageObject\",\"inLanguage\":\"pt-BR\",\"@id\":\"https:\\\/\\\/secure.gravatar.com\\\/avatar\\\/1b2ce5b1cb60c43f8d10074e3a689d7824bf778357b559fea12a89a02835c8e8?s=96&d=mm&r=g\",\"url\":\"https:\\\/\\\/secure.gravatar.com\\\/avatar\\\/1b2ce5b1cb60c43f8d10074e3a689d7824bf778357b559fea12a89a02835c8e8?s=96&d=mm&r=g\",\"contentUrl\":\"https:\\\/\\\/secure.gravatar.com\\\/avatar\\\/1b2ce5b1cb60c43f8d10074e3a689d7824bf778357b559fea12a89a02835c8e8?s=96&d=mm&r=g\",\"caption\":\"Equipe FJLES\"}}]}<\/script>\n<!-- \/ Yoast SEO plugin. -->","yoast_head_json":{"title":"FUNDA\u00c7\u00c3O DOA M\u00c1SCARAS PARA HOSPITAL P\u00daBLICO - Funda\u00e7\u00e3o Jos\u00e9 Luiz Set\u00fabal","robots":{"index":"index","follow":"follow","max-snippet":"max-snippet:-1","max-image-preview":"max-image-preview:large","max-video-preview":"max-video-preview:-1"},"canonical":"https:\/\/fundacaojles.org.br\/biblioteca\/2020\/07\/21\/fundacao-doa-mascaras-para-hospital-publico\/","og_locale":"pt_BR","og_type":"article","og_title":"FUNDA\u00c7\u00c3O DOA M\u00c1SCARAS PARA HOSPITAL P\u00daBLICO - Funda\u00e7\u00e3o Jos\u00e9 Luiz Set\u00fabal","og_description":"A Funda\u00e7\u00e3o Jos\u00e9 Luiz Egydio Set\u00fabal fez a doa\u00e7\u00e3o de 9 mil m\u00e1scaras cir\u00fargicas para o Hospital Tide Set\u00fabal, na Zona Leste de S\u00e3o Paulo.\u00a0 O repasse faz parte de um mutir\u00e3o, que contou com mat\u00e9ria-prima fornecida pela SOBECC \u2013Associa\u00e7\u00e3o Brasileira de Enfermeiros de Centro Cir\u00fargico, Recupera\u00e7\u00e3o Anest\u00e9sica e Centro de Material e Esteriliza\u00e7\u00e3o \u2013 [&hellip;]","og_url":"https:\/\/fundacaojles.org.br\/biblioteca\/2020\/07\/21\/fundacao-doa-mascaras-para-hospital-publico\/","og_site_name":"Funda\u00e7\u00e3o Jos\u00e9 Luiz Set\u00fabal","article_published_time":"2020-07-21T14:29:59+00:00","og_image":[{"width":1280,"height":842,"url":"https:\/\/fundacaojles.org.br\/biblioteca\/wp-content\/uploads\/2020\/07\/doa\u00e7\u00e3o-mascaras.jpg","type":"image\/jpeg"}],"author":"Equipe FJLES","twitter_card":"summary_large_image","twitter_misc":{"Escrito por":"Equipe FJLES","Est. tempo de leitura":"1 minuto"},"schema":{"@context":"https:\/\/schema.org","@graph":[{"@type":"Article","@id":"https:\/\/fundacaojles.org.br\/biblioteca\/2020\/07\/21\/fundacao-doa-mascaras-para-hospital-publico\/#article","isPartOf":{"@id":"https:\/\/fundacaojles.org.br\/biblioteca\/2020\/07\/21\/fundacao-doa-mascaras-para-hospital-publico\/"},"author":{"name":"Equipe FJLES","@id":"https:\/\/fundacaojles.org.br\/biblioteca\/#\/schema\/person\/e94ff71cb76bb9c28d581520dbd137a2"},"headline":"FUNDA\u00c7\u00c3O DOA M\u00c1SCARAS PARA HOSPITAL P\u00daBLICO","datePublished":"2020-07-21T14:29:59+00:00","mainEntityOfPage":{"@id":"https:\/\/fundacaojles.org.br\/biblioteca\/2020\/07\/21\/fundacao-doa-mascaras-para-hospital-publico\/"},"wordCount":142,"commentCount":0,"image":{"@id":"https:\/\/fundacaojles.org.br\/biblioteca\/2020\/07\/21\/fundacao-doa-mascaras-para-hospital-publico\/#primaryimage"},"thumbnailUrl":"https:\/\/fundacaojles.org.br\/biblioteca\/wp-content\/uploads\/2020\/07\/doa\u00e7\u00e3o-mascaras.jpg","articleSection":["Doa\u00e7\u00f5es"],"inLanguage":"pt-BR","potentialAction":[{"@type":"CommentAction","name":"Comment","target":["https:\/\/fundacaojles.org.br\/biblioteca\/2020\/07\/21\/fundacao-doa-mascaras-para-hospital-publico\/#respond"]}]},{"@type":"WebPage","@id":"https:\/\/fundacaojles.org.br\/biblioteca\/2020\/07\/21\/fundacao-doa-mascaras-para-hospital-publico\/","url":"https:\/\/fundacaojles.org.br\/biblioteca\/2020\/07\/21\/fundacao-doa-mascaras-para-hospital-publico\/","name":"FUNDA\u00c7\u00c3O DOA M\u00c1SCARAS PARA HOSPITAL P\u00daBLICO - Funda\u00e7\u00e3o Jos\u00e9 Luiz Set\u00fabal","isPartOf":{"@id":"https:\/\/fundacaojles.org.br\/biblioteca\/#website"},"primaryImageOfPage":{"@id":"https:\/\/fundacaojles.org.br\/biblioteca\/2020\/07\/21\/fundacao-doa-mascaras-para-hospital-publico\/#primaryimage"},"image":{"@id":"https:\/\/fundacaojles.org.br\/biblioteca\/2020\/07\/21\/fundacao-doa-mascaras-para-hospital-publico\/#primaryimage"},"thumbnailUrl":"https:\/\/fundacaojles.org.br\/biblioteca\/wp-content\/uploads\/2020\/07\/doa\u00e7\u00e3o-mascaras.jpg","datePublished":"2020-07-21T14:29:59+00:00","author":{"@id":"https:\/\/fundacaojles.org.br\/biblioteca\/#\/schema\/person\/e94ff71cb76bb9c28d581520dbd137a2"},"breadcrumb":{"@id":"https:\/\/fundacaojles.org.br\/biblioteca\/2020\/07\/21\/fundacao-doa-mascaras-para-hospital-publico\/#breadcrumb"},"inLanguage":"pt-BR","potentialAction":[{"@type":"ReadAction","target":["https:\/\/fundacaojles.org.br\/biblioteca\/2020\/07\/21\/fundacao-doa-mascaras-para-hospital-publico\/"]}]},{"@type":"ImageObject","inLanguage":"pt-BR","@id":"https:\/\/fundacaojles.org.br\/biblioteca\/2020\/07\/21\/fundacao-doa-mascaras-para-hospital-publico\/#primaryimage","url":"https:\/\/fundacaojles.org.br\/biblioteca\/wp-content\/uploads\/2020\/07\/doa\u00e7\u00e3o-mascaras.jpg","contentUrl":"https:\/\/fundacaojles.org.br\/biblioteca\/wp-content\/uploads\/2020\/07\/doa\u00e7\u00e3o-mascaras.jpg","width":1280,"height":842},{"@type":"BreadcrumbList","@id":"https:\/\/fundacaojles.org.br\/biblioteca\/2020\/07\/21\/fundacao-doa-mascaras-para-hospital-publico\/#breadcrumb","itemListElement":[{"@type":"ListItem","position":1,"name":"In\u00edcio","item":"https:\/\/fundacaojles.org.br\/biblioteca\/"},{"@type":"ListItem","position":2,"name":"FUNDA\u00c7\u00c3O DOA M\u00c1SCARAS PARA HOSPITAL P\u00daBLICO"}]},{"@type":"WebSite","@id":"https:\/\/fundacaojles.org.br\/biblioteca\/#website","url":"https:\/\/fundacaojles.org.br\/biblioteca\/","name":"Funda\u00e7\u00e3o Jos\u00e9 Luiz Set\u00fabal","description":"","potentialAction":[{"@type":"SearchAction","target":{"@type":"EntryPoint","urlTemplate":"https:\/\/fundacaojles.org.br\/biblioteca\/?s={search_term_string}"},"query-input":{"@type":"PropertyValueSpecification","valueRequired":true,"valueName":"search_term_string"}}],"inLanguage":"pt-BR"},{"@type":"Person","@id":"https:\/\/fundacaojles.org.br\/biblioteca\/#\/schema\/person\/e94ff71cb76bb9c28d581520dbd137a2","name":"Equipe FJLES","image":{"@type":"ImageObject","inLanguage":"pt-BR","@id":"https:\/\/secure.gravatar.com\/avatar\/1b2ce5b1cb60c43f8d10074e3a689d7824bf778357b559fea12a89a02835c8e8?s=96&d=mm&r=g","url":"https:\/\/secure.gravatar.com\/avatar\/1b2ce5b1cb60c43f8d10074e3a689d7824bf778357b559fea12a89a02835c8e8?s=96&d=mm&r=g","contentUrl":"https:\/\/secure.gravatar.com\/avatar\/1b2ce5b1cb60c43f8d10074e3a689d7824bf778357b559fea12a89a02835c8e8?s=96&d=mm&r=g","caption":"Equipe FJLES"}}]}},"_links":{"self":[{"href":"https:\/\/fundacaojles.org.br\/biblioteca\/wp-json\/wp\/v2\/posts\/21482","targetHints":{"allow":["GET"]}}],"collection":[{"href":"https:\/\/fundacaojles.org.br\/biblioteca\/wp-json\/wp\/v2\/posts"}],"about":[{"href":"https:\/\/fundacaojles.org.br\/biblioteca\/wp-json\/wp\/v2\/types\/post"}],"author":[{"embeddable":true,"href":"https:\/\/fundacaojles.org.br\/biblioteca\/wp-json\/wp\/v2\/users\/1"}],"replies":[{"embeddable":true,"href":"https:\/\/fundacaojles.org.br\/biblioteca\/wp-json\/wp\/v2\/comments?post=21482"}],"version-history":[{"count":1,"href":"https:\/\/fundacaojles.org.br\/biblioteca\/wp-json\/wp\/v2\/posts\/21482\/revisions"}],"predecessor-version":[{"id":21483,"href":"https:\/\/fundacaojles.org.br\/biblioteca\/wp-json\/wp\/v2\/posts\/21482\/revisions\/21483"}],"wp:featuredmedia":[{"embeddable":true,"href":"https:\/\/fundacaojles.org.br\/biblioteca\/wp-json\/wp\/v2\/media\/21474"}],"wp:attachment":[{"href":"https:\/\/fundacaojles.org.br\/biblioteca\/wp-json\/wp\/v2\/media?parent=21482"}],"wp:term":[{"taxonomy":"category","embeddable":true,"href":"https:\/\/fundacaojles.org.br\/biblioteca\/wp-json\/wp\/v2\/categories?post=21482"},{"taxonomy":"post_tag","embeddable":true,"href":"https:\/\/fundacaojles.org.br\/biblioteca\/wp-json\/wp\/v2\/tags?post=21482"}],"curies":[{"name":"wp","href":"https:\/\/api.w.org\/{rel}","templated":true}]}}