{"id":24873,"date":"2021-02-25T19:24:53","date_gmt":"2021-02-25T22:24:53","guid":{"rendered":"http:\/\/fundacaojles.org.br\/biblioteca\/?p=24873"},"modified":"2021-02-25T19:24:53","modified_gmt":"2021-02-25T22:24:53","slug":"o-investimento-social-privado-em-saude-veio-para-ficar","status":"publish","type":"post","link":"https:\/\/fundacaojles.org.br\/biblioteca\/2021\/02\/25\/o-investimento-social-privado-em-saude-veio-para-ficar\/","title":{"rendered":"O INVESTIMENTO SOCIAL PRIVADO EM SA\u00daDE VEIO PARA FICAR?"},"content":{"rendered":"<p><em>A FJLES est\u00e1 no Especial redeGIFE<\/em>\u00a0 que faz um balan\u00e7o dos aprendizados trazidos com a Pandemia, avan\u00e7os e perspectivas. Marcia Woods, desta Funda\u00e7\u00e3o, e outros nomes que est\u00e3o na linha de frente do enfrentamento \u00e0 crise transmitem suas impress\u00f5es num v\u00eddeo que \u00e9 o \u2018aquecimento\u2019 para o \u00faltimo painel da s\u00e9rie Di\u00e1logos Contempor\u00e2neos, que acontece no dia 02 de mar\u00e7o pr\u00f3ximo.<\/p>\n<p>Assista ao v\u00eddeo: <a href=\"https:\/\/youtu.be\/olz7TR5Rau4\">https:\/\/youtu.be\/olz7TR5Rau4<\/a><\/p>\n","protected":false},"excerpt":{"rendered":"<p>A FJLES est\u00e1 no Especial redeGIFE\u00a0 que faz um balan\u00e7o dos aprendizados trazidos com a Pandemia, avan\u00e7os e perspectivas. Marcia Woods, desta Funda\u00e7\u00e3o, e outros nomes que est\u00e3o na linha de frente do enfrentamento \u00e0 crise transmitem suas impress\u00f5es num v\u00eddeo que \u00e9 o \u2018aquecimento\u2019 para o \u00faltimo painel da s\u00e9rie Di\u00e1logos Contempor\u00e2neos, que acontece [&hellip;]<\/p>\n","protected":false},"author":1,"featured_media":24875,"comment_status":"open","ping_status":"open","sticky":false,"template":"","format":"standard","meta":{"_acf_changed":false,"_et_pb_use_builder":"","_et_pb_old_content":"","_et_gb_content_width":"","inline_featured_image":false,"footnotes":""},"categories":[8],"tags":[],"class_list":["post-24873","post","type-post","status-publish","format-standard","has-post-thumbnail","hentry","category-parcerias"],"acf":[],"yoast_head":"<!-- This site is optimized with the Yoast SEO plugin v27.5 - https:\/\/yoast.com\/product\/yoast-seo-wordpress\/ -->\n<title>O INVESTIMENTO SOCIAL PRIVADO EM SA\u00daDE VEIO PARA FICAR? - Funda\u00e7\u00e3o Jos\u00e9 Luiz Set\u00fabal<\/title>\n<meta name=\"robots\" content=\"index, follow, max-snippet:-1, max-image-preview:large, max-video-preview:-1\" \/>\n<link rel=\"canonical\" href=\"https:\/\/fundacaojles.org.br\/biblioteca\/2021\/02\/25\/o-investimento-social-privado-em-saude-veio-para-ficar\/\" \/>\n<meta property=\"og:locale\" content=\"pt_BR\" \/>\n<meta property=\"og:type\" content=\"article\" \/>\n<meta property=\"og:title\" content=\"O INVESTIMENTO SOCIAL PRIVADO EM SA\u00daDE VEIO PARA FICAR? - Funda\u00e7\u00e3o Jos\u00e9 Luiz Set\u00fabal\" \/>\n<meta property=\"og:description\" content=\"A FJLES est\u00e1 no Especial redeGIFE\u00a0 que faz um balan\u00e7o dos aprendizados trazidos com a Pandemia, avan\u00e7os e perspectivas. Marcia Woods, desta Funda\u00e7\u00e3o, e outros nomes que est\u00e3o na linha de frente do enfrentamento \u00e0 crise transmitem suas impress\u00f5es num v\u00eddeo que \u00e9 o \u2018aquecimento\u2019 para o \u00faltimo painel da s\u00e9rie Di\u00e1logos Contempor\u00e2neos, que acontece [&hellip;]\" \/>\n<meta property=\"og:url\" content=\"https:\/\/fundacaojles.org.br\/biblioteca\/2021\/02\/25\/o-investimento-social-privado-em-saude-veio-para-ficar\/\" \/>\n<meta property=\"og:site_name\" content=\"Funda\u00e7\u00e3o Jos\u00e9 Luiz Set\u00fabal\" \/>\n<meta property=\"article:published_time\" content=\"2021-02-25T22:24:53+00:00\" \/>\n<meta property=\"og:image\" content=\"https:\/\/fundacaojles.org.br\/biblioteca\/wp-content\/uploads\/2021\/02\/GIFE-1.png\" \/>\n\t<meta property=\"og:image:width\" content=\"418\" \/>\n\t<meta property=\"og:image:height\" content=\"418\" \/>\n\t<meta property=\"og:image:type\" content=\"image\/png\" \/>\n<meta name=\"author\" content=\"Equipe FJLES\" \/>\n<meta name=\"twitter:card\" content=\"summary_large_image\" \/>\n<meta name=\"twitter:label1\" content=\"Escrito por\" \/>\n\t<meta name=\"twitter:data1\" content=\"Equipe FJLES\" \/>\n<script type=\"application\/ld+json\" class=\"yoast-schema-graph\">{\"@context\":\"https:\\\/\\\/schema.org\",\"@graph\":[{\"@type\":\"Article\",\"@id\":\"https:\\\/\\\/fundacaojles.org.br\\\/biblioteca\\\/2021\\\/02\\\/25\\\/o-investimento-social-privado-em-saude-veio-para-ficar\\\/#article\",\"isPartOf\":{\"@id\":\"https:\\\/\\\/fundacaojles.org.br\\\/biblioteca\\\/2021\\\/02\\\/25\\\/o-investimento-social-privado-em-saude-veio-para-ficar\\\/\"},\"author\":{\"name\":\"Equipe FJLES\",\"@id\":\"https:\\\/\\\/fundacaojles.org.br\\\/biblioteca\\\/#\\\/schema\\\/person\\\/e94ff71cb76bb9c28d581520dbd137a2\"},\"headline\":\"O INVESTIMENTO SOCIAL PRIVADO EM SA\u00daDE VEIO PARA FICAR?\",\"datePublished\":\"2021-02-25T22:24:53+00:00\",\"mainEntityOfPage\":{\"@id\":\"https:\\\/\\\/fundacaojles.org.br\\\/biblioteca\\\/2021\\\/02\\\/25\\\/o-investimento-social-privado-em-saude-veio-para-ficar\\\/\"},\"wordCount\":89,\"commentCount\":0,\"image\":{\"@id\":\"https:\\\/\\\/fundacaojles.org.br\\\/biblioteca\\\/2021\\\/02\\\/25\\\/o-investimento-social-privado-em-saude-veio-para-ficar\\\/#primaryimage\"},\"thumbnailUrl\":\"https:\\\/\\\/fundacaojles.org.br\\\/biblioteca\\\/wp-content\\\/uploads\\\/2021\\\/02\\\/GIFE-1.png\",\"articleSection\":[\"Parcerias\"],\"inLanguage\":\"pt-BR\",\"potentialAction\":[{\"@type\":\"CommentAction\",\"name\":\"Comment\",\"target\":[\"https:\\\/\\\/fundacaojles.org.br\\\/biblioteca\\\/2021\\\/02\\\/25\\\/o-investimento-social-privado-em-saude-veio-para-ficar\\\/#respond\"]}]},{\"@type\":\"WebPage\",\"@id\":\"https:\\\/\\\/fundacaojles.org.br\\\/biblioteca\\\/2021\\\/02\\\/25\\\/o-investimento-social-privado-em-saude-veio-para-ficar\\\/\",\"url\":\"https:\\\/\\\/fundacaojles.org.br\\\/biblioteca\\\/2021\\\/02\\\/25\\\/o-investimento-social-privado-em-saude-veio-para-ficar\\\/\",\"name\":\"O INVESTIMENTO SOCIAL PRIVADO EM SA\u00daDE VEIO PARA FICAR? - Funda\u00e7\u00e3o Jos\u00e9 Luiz Set\u00fabal\",\"isPartOf\":{\"@id\":\"https:\\\/\\\/fundacaojles.org.br\\\/biblioteca\\\/#website\"},\"primaryImageOfPage\":{\"@id\":\"https:\\\/\\\/fundacaojles.org.br\\\/biblioteca\\\/2021\\\/02\\\/25\\\/o-investimento-social-privado-em-saude-veio-para-ficar\\\/#primaryimage\"},\"image\":{\"@id\":\"https:\\\/\\\/fundacaojles.org.br\\\/biblioteca\\\/2021\\\/02\\\/25\\\/o-investimento-social-privado-em-saude-veio-para-ficar\\\/#primaryimage\"},\"thumbnailUrl\":\"https:\\\/\\\/fundacaojles.org.br\\\/biblioteca\\\/wp-content\\\/uploads\\\/2021\\\/02\\\/GIFE-1.png\",\"datePublished\":\"2021-02-25T22:24:53+00:00\",\"author\":{\"@id\":\"https:\\\/\\\/fundacaojles.org.br\\\/biblioteca\\\/#\\\/schema\\\/person\\\/e94ff71cb76bb9c28d581520dbd137a2\"},\"breadcrumb\":{\"@id\":\"https:\\\/\\\/fundacaojles.org.br\\\/biblioteca\\\/2021\\\/02\\\/25\\\/o-investimento-social-privado-em-saude-veio-para-ficar\\\/#breadcrumb\"},\"inLanguage\":\"pt-BR\",\"potentialAction\":[{\"@type\":\"ReadAction\",\"target\":[\"https:\\\/\\\/fundacaojles.org.br\\\/biblioteca\\\/2021\\\/02\\\/25\\\/o-investimento-social-privado-em-saude-veio-para-ficar\\\/\"]}]},{\"@type\":\"ImageObject\",\"inLanguage\":\"pt-BR\",\"@id\":\"https:\\\/\\\/fundacaojles.org.br\\\/biblioteca\\\/2021\\\/02\\\/25\\\/o-investimento-social-privado-em-saude-veio-para-ficar\\\/#primaryimage\",\"url\":\"https:\\\/\\\/fundacaojles.org.br\\\/biblioteca\\\/wp-content\\\/uploads\\\/2021\\\/02\\\/GIFE-1.png\",\"contentUrl\":\"https:\\\/\\\/fundacaojles.org.br\\\/biblioteca\\\/wp-content\\\/uploads\\\/2021\\\/02\\\/GIFE-1.png\",\"width\":418,\"height\":418},{\"@type\":\"BreadcrumbList\",\"@id\":\"https:\\\/\\\/fundacaojles.org.br\\\/biblioteca\\\/2021\\\/02\\\/25\\\/o-investimento-social-privado-em-saude-veio-para-ficar\\\/#breadcrumb\",\"itemListElement\":[{\"@type\":\"ListItem\",\"position\":1,\"name\":\"In\u00edcio\",\"item\":\"https:\\\/\\\/fundacaojles.org.br\\\/biblioteca\\\/\"},{\"@type\":\"ListItem\",\"position\":2,\"name\":\"O INVESTIMENTO SOCIAL PRIVADO EM SA\u00daDE VEIO PARA FICAR?\"}]},{\"@type\":\"WebSite\",\"@id\":\"https:\\\/\\\/fundacaojles.org.br\\\/biblioteca\\\/#website\",\"url\":\"https:\\\/\\\/fundacaojles.org.br\\\/biblioteca\\\/\",\"name\":\"Funda\u00e7\u00e3o Jos\u00e9 Luiz Set\u00fabal\",\"description\":\"\",\"potentialAction\":[{\"@type\":\"SearchAction\",\"target\":{\"@type\":\"EntryPoint\",\"urlTemplate\":\"https:\\\/\\\/fundacaojles.org.br\\\/biblioteca\\\/?s={search_term_string}\"},\"query-input\":{\"@type\":\"PropertyValueSpecification\",\"valueRequired\":true,\"valueName\":\"search_term_string\"}}],\"inLanguage\":\"pt-BR\"},{\"@type\":\"Person\",\"@id\":\"https:\\\/\\\/fundacaojles.org.br\\\/biblioteca\\\/#\\\/schema\\\/person\\\/e94ff71cb76bb9c28d581520dbd137a2\",\"name\":\"Equipe FJLES\",\"image\":{\"@type\":\"ImageObject\",\"inLanguage\":\"pt-BR\",\"@id\":\"https:\\\/\\\/secure.gravatar.com\\\/avatar\\\/1b2ce5b1cb60c43f8d10074e3a689d7824bf778357b559fea12a89a02835c8e8?s=96&d=mm&r=g\",\"url\":\"https:\\\/\\\/secure.gravatar.com\\\/avatar\\\/1b2ce5b1cb60c43f8d10074e3a689d7824bf778357b559fea12a89a02835c8e8?s=96&d=mm&r=g\",\"contentUrl\":\"https:\\\/\\\/secure.gravatar.com\\\/avatar\\\/1b2ce5b1cb60c43f8d10074e3a689d7824bf778357b559fea12a89a02835c8e8?s=96&d=mm&r=g\",\"caption\":\"Equipe FJLES\"}}]}<\/script>\n<!-- \/ Yoast SEO plugin. -->","yoast_head_json":{"title":"O INVESTIMENTO SOCIAL PRIVADO EM SA\u00daDE VEIO PARA FICAR? - Funda\u00e7\u00e3o Jos\u00e9 Luiz Set\u00fabal","robots":{"index":"index","follow":"follow","max-snippet":"max-snippet:-1","max-image-preview":"max-image-preview:large","max-video-preview":"max-video-preview:-1"},"canonical":"https:\/\/fundacaojles.org.br\/biblioteca\/2021\/02\/25\/o-investimento-social-privado-em-saude-veio-para-ficar\/","og_locale":"pt_BR","og_type":"article","og_title":"O INVESTIMENTO SOCIAL PRIVADO EM SA\u00daDE VEIO PARA FICAR? - Funda\u00e7\u00e3o Jos\u00e9 Luiz Set\u00fabal","og_description":"A FJLES est\u00e1 no Especial redeGIFE\u00a0 que faz um balan\u00e7o dos aprendizados trazidos com a Pandemia, avan\u00e7os e perspectivas. Marcia Woods, desta Funda\u00e7\u00e3o, e outros nomes que est\u00e3o na linha de frente do enfrentamento \u00e0 crise transmitem suas impress\u00f5es num v\u00eddeo que \u00e9 o \u2018aquecimento\u2019 para o \u00faltimo painel da s\u00e9rie Di\u00e1logos Contempor\u00e2neos, que acontece [&hellip;]","og_url":"https:\/\/fundacaojles.org.br\/biblioteca\/2021\/02\/25\/o-investimento-social-privado-em-saude-veio-para-ficar\/","og_site_name":"Funda\u00e7\u00e3o Jos\u00e9 Luiz Set\u00fabal","article_published_time":"2021-02-25T22:24:53+00:00","og_image":[{"width":418,"height":418,"url":"https:\/\/fundacaojles.org.br\/biblioteca\/wp-content\/uploads\/2021\/02\/GIFE-1.png","type":"image\/png"}],"author":"Equipe FJLES","twitter_card":"summary_large_image","twitter_misc":{"Escrito por":"Equipe FJLES"},"schema":{"@context":"https:\/\/schema.org","@graph":[{"@type":"Article","@id":"https:\/\/fundacaojles.org.br\/biblioteca\/2021\/02\/25\/o-investimento-social-privado-em-saude-veio-para-ficar\/#article","isPartOf":{"@id":"https:\/\/fundacaojles.org.br\/biblioteca\/2021\/02\/25\/o-investimento-social-privado-em-saude-veio-para-ficar\/"},"author":{"name":"Equipe FJLES","@id":"https:\/\/fundacaojles.org.br\/biblioteca\/#\/schema\/person\/e94ff71cb76bb9c28d581520dbd137a2"},"headline":"O INVESTIMENTO SOCIAL PRIVADO EM SA\u00daDE VEIO PARA FICAR?","datePublished":"2021-02-25T22:24:53+00:00","mainEntityOfPage":{"@id":"https:\/\/fundacaojles.org.br\/biblioteca\/2021\/02\/25\/o-investimento-social-privado-em-saude-veio-para-ficar\/"},"wordCount":89,"commentCount":0,"image":{"@id":"https:\/\/fundacaojles.org.br\/biblioteca\/2021\/02\/25\/o-investimento-social-privado-em-saude-veio-para-ficar\/#primaryimage"},"thumbnailUrl":"https:\/\/fundacaojles.org.br\/biblioteca\/wp-content\/uploads\/2021\/02\/GIFE-1.png","articleSection":["Parcerias"],"inLanguage":"pt-BR","potentialAction":[{"@type":"CommentAction","name":"Comment","target":["https:\/\/fundacaojles.org.br\/biblioteca\/2021\/02\/25\/o-investimento-social-privado-em-saude-veio-para-ficar\/#respond"]}]},{"@type":"WebPage","@id":"https:\/\/fundacaojles.org.br\/biblioteca\/2021\/02\/25\/o-investimento-social-privado-em-saude-veio-para-ficar\/","url":"https:\/\/fundacaojles.org.br\/biblioteca\/2021\/02\/25\/o-investimento-social-privado-em-saude-veio-para-ficar\/","name":"O INVESTIMENTO SOCIAL PRIVADO EM SA\u00daDE VEIO PARA FICAR? - Funda\u00e7\u00e3o Jos\u00e9 Luiz Set\u00fabal","isPartOf":{"@id":"https:\/\/fundacaojles.org.br\/biblioteca\/#website"},"primaryImageOfPage":{"@id":"https:\/\/fundacaojles.org.br\/biblioteca\/2021\/02\/25\/o-investimento-social-privado-em-saude-veio-para-ficar\/#primaryimage"},"image":{"@id":"https:\/\/fundacaojles.org.br\/biblioteca\/2021\/02\/25\/o-investimento-social-privado-em-saude-veio-para-ficar\/#primaryimage"},"thumbnailUrl":"https:\/\/fundacaojles.org.br\/biblioteca\/wp-content\/uploads\/2021\/02\/GIFE-1.png","datePublished":"2021-02-25T22:24:53+00:00","author":{"@id":"https:\/\/fundacaojles.org.br\/biblioteca\/#\/schema\/person\/e94ff71cb76bb9c28d581520dbd137a2"},"breadcrumb":{"@id":"https:\/\/fundacaojles.org.br\/biblioteca\/2021\/02\/25\/o-investimento-social-privado-em-saude-veio-para-ficar\/#breadcrumb"},"inLanguage":"pt-BR","potentialAction":[{"@type":"ReadAction","target":["https:\/\/fundacaojles.org.br\/biblioteca\/2021\/02\/25\/o-investimento-social-privado-em-saude-veio-para-ficar\/"]}]},{"@type":"ImageObject","inLanguage":"pt-BR","@id":"https:\/\/fundacaojles.org.br\/biblioteca\/2021\/02\/25\/o-investimento-social-privado-em-saude-veio-para-ficar\/#primaryimage","url":"https:\/\/fundacaojles.org.br\/biblioteca\/wp-content\/uploads\/2021\/02\/GIFE-1.png","contentUrl":"https:\/\/fundacaojles.org.br\/biblioteca\/wp-content\/uploads\/2021\/02\/GIFE-1.png","width":418,"height":418},{"@type":"BreadcrumbList","@id":"https:\/\/fundacaojles.org.br\/biblioteca\/2021\/02\/25\/o-investimento-social-privado-em-saude-veio-para-ficar\/#breadcrumb","itemListElement":[{"@type":"ListItem","position":1,"name":"In\u00edcio","item":"https:\/\/fundacaojles.org.br\/biblioteca\/"},{"@type":"ListItem","position":2,"name":"O INVESTIMENTO SOCIAL PRIVADO EM SA\u00daDE VEIO PARA FICAR?"}]},{"@type":"WebSite","@id":"https:\/\/fundacaojles.org.br\/biblioteca\/#website","url":"https:\/\/fundacaojles.org.br\/biblioteca\/","name":"Funda\u00e7\u00e3o Jos\u00e9 Luiz Set\u00fabal","description":"","potentialAction":[{"@type":"SearchAction","target":{"@type":"EntryPoint","urlTemplate":"https:\/\/fundacaojles.org.br\/biblioteca\/?s={search_term_string}"},"query-input":{"@type":"PropertyValueSpecification","valueRequired":true,"valueName":"search_term_string"}}],"inLanguage":"pt-BR"},{"@type":"Person","@id":"https:\/\/fundacaojles.org.br\/biblioteca\/#\/schema\/person\/e94ff71cb76bb9c28d581520dbd137a2","name":"Equipe FJLES","image":{"@type":"ImageObject","inLanguage":"pt-BR","@id":"https:\/\/secure.gravatar.com\/avatar\/1b2ce5b1cb60c43f8d10074e3a689d7824bf778357b559fea12a89a02835c8e8?s=96&d=mm&r=g","url":"https:\/\/secure.gravatar.com\/avatar\/1b2ce5b1cb60c43f8d10074e3a689d7824bf778357b559fea12a89a02835c8e8?s=96&d=mm&r=g","contentUrl":"https:\/\/secure.gravatar.com\/avatar\/1b2ce5b1cb60c43f8d10074e3a689d7824bf778357b559fea12a89a02835c8e8?s=96&d=mm&r=g","caption":"Equipe FJLES"}}]}},"_links":{"self":[{"href":"https:\/\/fundacaojles.org.br\/biblioteca\/wp-json\/wp\/v2\/posts\/24873","targetHints":{"allow":["GET"]}}],"collection":[{"href":"https:\/\/fundacaojles.org.br\/biblioteca\/wp-json\/wp\/v2\/posts"}],"about":[{"href":"https:\/\/fundacaojles.org.br\/biblioteca\/wp-json\/wp\/v2\/types\/post"}],"author":[{"embeddable":true,"href":"https:\/\/fundacaojles.org.br\/biblioteca\/wp-json\/wp\/v2\/users\/1"}],"replies":[{"embeddable":true,"href":"https:\/\/fundacaojles.org.br\/biblioteca\/wp-json\/wp\/v2\/comments?post=24873"}],"version-history":[{"count":1,"href":"https:\/\/fundacaojles.org.br\/biblioteca\/wp-json\/wp\/v2\/posts\/24873\/revisions"}],"predecessor-version":[{"id":24876,"href":"https:\/\/fundacaojles.org.br\/biblioteca\/wp-json\/wp\/v2\/posts\/24873\/revisions\/24876"}],"wp:featuredmedia":[{"embeddable":true,"href":"https:\/\/fundacaojles.org.br\/biblioteca\/wp-json\/wp\/v2\/media\/24875"}],"wp:attachment":[{"href":"https:\/\/fundacaojles.org.br\/biblioteca\/wp-json\/wp\/v2\/media?parent=24873"}],"wp:term":[{"taxonomy":"category","embeddable":true,"href":"https:\/\/fundacaojles.org.br\/biblioteca\/wp-json\/wp\/v2\/categories?post=24873"},{"taxonomy":"post_tag","embeddable":true,"href":"https:\/\/fundacaojles.org.br\/biblioteca\/wp-json\/wp\/v2\/tags?post=24873"}],"curies":[{"name":"wp","href":"https:\/\/api.w.org\/{rel}","templated":true}]}}