{"id":49919,"date":"2021-03-23T14:55:05","date_gmt":"2021-03-23T17:55:05","guid":{"rendered":"http:\/\/fundacaojles.org.br\/biblioteca\/?p=49919"},"modified":"2021-03-23T14:55:05","modified_gmt":"2021-03-23T17:55:05","slug":"marcia-woods-presidente-da-abcr-e-assessora-da-nossa-fundacao-participa-do-podcast-fronteiras-coletivas-do-gife","status":"publish","type":"post","link":"https:\/\/fundacaojles.org.br\/biblioteca\/2021\/03\/23\/marcia-woods-presidente-da-abcr-e-assessora-da-nossa-fundacao-participa-do-podcast-fronteiras-coletivas-do-gife\/","title":{"rendered":"M\u00e1rcia Woods, presidente da\u00a0ABCR\u00a0e assessora da nossa Funda\u00e7\u00e3o, participa do podcast Fronteiras Coletivas, do Gife."},"content":{"rendered":"<p>Tema: as pr\u00e1ticas e as maneiras de se pensar a filantropia com olhar estrat\u00e9gico, buscando mais impacto e transforma\u00e7\u00e3o positiva independente do foco de atua\u00e7\u00e3o.<\/p>\n<p>Ou\u00e7a em\u00a0<b><a href=\"https:\/\/lnkd.in\/dfyrjPP\" data-attribute-index=\"15\">https:\/\/lnkd.in\/dfyrjPP<\/a><\/b><\/p>\n","protected":false},"excerpt":{"rendered":"<p>Tema: as pr\u00e1ticas e as maneiras de se pensar a filantropia com olhar estrat\u00e9gico, buscando mais impacto e transforma\u00e7\u00e3o positiva independente do foco de atua\u00e7\u00e3o. Ou\u00e7a em\u00a0https:\/\/lnkd.in\/dfyrjPP<\/p>\n","protected":false},"author":1,"featured_media":49920,"comment_status":"open","ping_status":"open","sticky":false,"template":"","format":"standard","meta":{"_acf_changed":false,"_et_pb_use_builder":"","_et_pb_old_content":"","_et_gb_content_width":"","inline_featured_image":false,"footnotes":""},"categories":[18],"tags":[],"class_list":["post-49919","post","type-post","status-publish","format-standard","has-post-thumbnail","hentry","category-entrevista"],"acf":[],"yoast_head":"<!-- This site is optimized with the Yoast SEO plugin v27.5 - https:\/\/yoast.com\/product\/yoast-seo-wordpress\/ -->\n<title>M\u00e1rcia Woods, presidente da\u00a0ABCR\u00a0e assessora da nossa Funda\u00e7\u00e3o, participa do podcast Fronteiras Coletivas, do Gife. - Funda\u00e7\u00e3o Jos\u00e9 Luiz Set\u00fabal<\/title>\n<meta name=\"robots\" content=\"index, follow, max-snippet:-1, max-image-preview:large, max-video-preview:-1\" \/>\n<link rel=\"canonical\" href=\"https:\/\/fundacaojles.org.br\/biblioteca\/2021\/03\/23\/marcia-woods-presidente-da-abcr-e-assessora-da-nossa-fundacao-participa-do-podcast-fronteiras-coletivas-do-gife\/\" \/>\n<meta property=\"og:locale\" content=\"pt_BR\" \/>\n<meta property=\"og:type\" content=\"article\" \/>\n<meta property=\"og:title\" content=\"M\u00e1rcia Woods, presidente da\u00a0ABCR\u00a0e assessora da nossa Funda\u00e7\u00e3o, participa do podcast Fronteiras Coletivas, do Gife. - Funda\u00e7\u00e3o Jos\u00e9 Luiz Set\u00fabal\" \/>\n<meta property=\"og:description\" content=\"Tema: as pr\u00e1ticas e as maneiras de se pensar a filantropia com olhar estrat\u00e9gico, buscando mais impacto e transforma\u00e7\u00e3o positiva independente do foco de atua\u00e7\u00e3o. Ou\u00e7a em\u00a0https:\/\/lnkd.in\/dfyrjPP\" \/>\n<meta property=\"og:url\" content=\"https:\/\/fundacaojles.org.br\/biblioteca\/2021\/03\/23\/marcia-woods-presidente-da-abcr-e-assessora-da-nossa-fundacao-participa-do-podcast-fronteiras-coletivas-do-gife\/\" \/>\n<meta property=\"og:site_name\" content=\"Funda\u00e7\u00e3o Jos\u00e9 Luiz Set\u00fabal\" \/>\n<meta property=\"article:published_time\" content=\"2021-03-23T17:55:05+00:00\" \/>\n<meta property=\"og:image\" content=\"https:\/\/fundacaojles.org.br\/biblioteca\/wp-content\/uploads\/2021\/03\/gife-podcast.jpg\" \/>\n\t<meta property=\"og:image:width\" content=\"800\" \/>\n\t<meta property=\"og:image:height\" content=\"800\" \/>\n\t<meta property=\"og:image:type\" content=\"image\/jpeg\" \/>\n<meta name=\"author\" content=\"Equipe FJLES\" \/>\n<meta name=\"twitter:card\" content=\"summary_large_image\" \/>\n<meta name=\"twitter:label1\" content=\"Escrito por\" \/>\n\t<meta name=\"twitter:data1\" content=\"Equipe FJLES\" \/>\n<script type=\"application\/ld+json\" class=\"yoast-schema-graph\">{\"@context\":\"https:\\\/\\\/schema.org\",\"@graph\":[{\"@type\":\"Article\",\"@id\":\"https:\\\/\\\/fundacaojles.org.br\\\/biblioteca\\\/2021\\\/03\\\/23\\\/marcia-woods-presidente-da-abcr-e-assessora-da-nossa-fundacao-participa-do-podcast-fronteiras-coletivas-do-gife\\\/#article\",\"isPartOf\":{\"@id\":\"https:\\\/\\\/fundacaojles.org.br\\\/biblioteca\\\/2021\\\/03\\\/23\\\/marcia-woods-presidente-da-abcr-e-assessora-da-nossa-fundacao-participa-do-podcast-fronteiras-coletivas-do-gife\\\/\"},\"author\":{\"name\":\"Equipe FJLES\",\"@id\":\"https:\\\/\\\/fundacaojles.org.br\\\/biblioteca\\\/#\\\/schema\\\/person\\\/e94ff71cb76bb9c28d581520dbd137a2\"},\"headline\":\"M\u00e1rcia Woods, presidente da\u00a0ABCR\u00a0e assessora da nossa Funda\u00e7\u00e3o, participa do podcast Fronteiras Coletivas, do Gife.\",\"datePublished\":\"2021-03-23T17:55:05+00:00\",\"mainEntityOfPage\":{\"@id\":\"https:\\\/\\\/fundacaojles.org.br\\\/biblioteca\\\/2021\\\/03\\\/23\\\/marcia-woods-presidente-da-abcr-e-assessora-da-nossa-fundacao-participa-do-podcast-fronteiras-coletivas-do-gife\\\/\"},\"wordCount\":55,\"commentCount\":0,\"image\":{\"@id\":\"https:\\\/\\\/fundacaojles.org.br\\\/biblioteca\\\/2021\\\/03\\\/23\\\/marcia-woods-presidente-da-abcr-e-assessora-da-nossa-fundacao-participa-do-podcast-fronteiras-coletivas-do-gife\\\/#primaryimage\"},\"thumbnailUrl\":\"https:\\\/\\\/fundacaojles.org.br\\\/biblioteca\\\/wp-content\\\/uploads\\\/2021\\\/03\\\/gife-podcast.jpg\",\"articleSection\":[\"Entrevista\"],\"inLanguage\":\"pt-BR\",\"potentialAction\":[{\"@type\":\"CommentAction\",\"name\":\"Comment\",\"target\":[\"https:\\\/\\\/fundacaojles.org.br\\\/biblioteca\\\/2021\\\/03\\\/23\\\/marcia-woods-presidente-da-abcr-e-assessora-da-nossa-fundacao-participa-do-podcast-fronteiras-coletivas-do-gife\\\/#respond\"]}]},{\"@type\":\"WebPage\",\"@id\":\"https:\\\/\\\/fundacaojles.org.br\\\/biblioteca\\\/2021\\\/03\\\/23\\\/marcia-woods-presidente-da-abcr-e-assessora-da-nossa-fundacao-participa-do-podcast-fronteiras-coletivas-do-gife\\\/\",\"url\":\"https:\\\/\\\/fundacaojles.org.br\\\/biblioteca\\\/2021\\\/03\\\/23\\\/marcia-woods-presidente-da-abcr-e-assessora-da-nossa-fundacao-participa-do-podcast-fronteiras-coletivas-do-gife\\\/\",\"name\":\"M\u00e1rcia Woods, presidente da\u00a0ABCR\u00a0e assessora da nossa Funda\u00e7\u00e3o, participa do podcast Fronteiras Coletivas, do Gife. - Funda\u00e7\u00e3o Jos\u00e9 Luiz Set\u00fabal\",\"isPartOf\":{\"@id\":\"https:\\\/\\\/fundacaojles.org.br\\\/biblioteca\\\/#website\"},\"primaryImageOfPage\":{\"@id\":\"https:\\\/\\\/fundacaojles.org.br\\\/biblioteca\\\/2021\\\/03\\\/23\\\/marcia-woods-presidente-da-abcr-e-assessora-da-nossa-fundacao-participa-do-podcast-fronteiras-coletivas-do-gife\\\/#primaryimage\"},\"image\":{\"@id\":\"https:\\\/\\\/fundacaojles.org.br\\\/biblioteca\\\/2021\\\/03\\\/23\\\/marcia-woods-presidente-da-abcr-e-assessora-da-nossa-fundacao-participa-do-podcast-fronteiras-coletivas-do-gife\\\/#primaryimage\"},\"thumbnailUrl\":\"https:\\\/\\\/fundacaojles.org.br\\\/biblioteca\\\/wp-content\\\/uploads\\\/2021\\\/03\\\/gife-podcast.jpg\",\"datePublished\":\"2021-03-23T17:55:05+00:00\",\"author\":{\"@id\":\"https:\\\/\\\/fundacaojles.org.br\\\/biblioteca\\\/#\\\/schema\\\/person\\\/e94ff71cb76bb9c28d581520dbd137a2\"},\"breadcrumb\":{\"@id\":\"https:\\\/\\\/fundacaojles.org.br\\\/biblioteca\\\/2021\\\/03\\\/23\\\/marcia-woods-presidente-da-abcr-e-assessora-da-nossa-fundacao-participa-do-podcast-fronteiras-coletivas-do-gife\\\/#breadcrumb\"},\"inLanguage\":\"pt-BR\",\"potentialAction\":[{\"@type\":\"ReadAction\",\"target\":[\"https:\\\/\\\/fundacaojles.org.br\\\/biblioteca\\\/2021\\\/03\\\/23\\\/marcia-woods-presidente-da-abcr-e-assessora-da-nossa-fundacao-participa-do-podcast-fronteiras-coletivas-do-gife\\\/\"]}]},{\"@type\":\"ImageObject\",\"inLanguage\":\"pt-BR\",\"@id\":\"https:\\\/\\\/fundacaojles.org.br\\\/biblioteca\\\/2021\\\/03\\\/23\\\/marcia-woods-presidente-da-abcr-e-assessora-da-nossa-fundacao-participa-do-podcast-fronteiras-coletivas-do-gife\\\/#primaryimage\",\"url\":\"https:\\\/\\\/fundacaojles.org.br\\\/biblioteca\\\/wp-content\\\/uploads\\\/2021\\\/03\\\/gife-podcast.jpg\",\"contentUrl\":\"https:\\\/\\\/fundacaojles.org.br\\\/biblioteca\\\/wp-content\\\/uploads\\\/2021\\\/03\\\/gife-podcast.jpg\",\"width\":800,\"height\":800},{\"@type\":\"BreadcrumbList\",\"@id\":\"https:\\\/\\\/fundacaojles.org.br\\\/biblioteca\\\/2021\\\/03\\\/23\\\/marcia-woods-presidente-da-abcr-e-assessora-da-nossa-fundacao-participa-do-podcast-fronteiras-coletivas-do-gife\\\/#breadcrumb\",\"itemListElement\":[{\"@type\":\"ListItem\",\"position\":1,\"name\":\"In\u00edcio\",\"item\":\"https:\\\/\\\/fundacaojles.org.br\\\/biblioteca\\\/\"},{\"@type\":\"ListItem\",\"position\":2,\"name\":\"M\u00e1rcia Woods, presidente da\u00a0ABCR\u00a0e assessora da nossa Funda\u00e7\u00e3o, participa do podcast Fronteiras Coletivas, do Gife.\"}]},{\"@type\":\"WebSite\",\"@id\":\"https:\\\/\\\/fundacaojles.org.br\\\/biblioteca\\\/#website\",\"url\":\"https:\\\/\\\/fundacaojles.org.br\\\/biblioteca\\\/\",\"name\":\"Funda\u00e7\u00e3o Jos\u00e9 Luiz Set\u00fabal\",\"description\":\"\",\"potentialAction\":[{\"@type\":\"SearchAction\",\"target\":{\"@type\":\"EntryPoint\",\"urlTemplate\":\"https:\\\/\\\/fundacaojles.org.br\\\/biblioteca\\\/?s={search_term_string}\"},\"query-input\":{\"@type\":\"PropertyValueSpecification\",\"valueRequired\":true,\"valueName\":\"search_term_string\"}}],\"inLanguage\":\"pt-BR\"},{\"@type\":\"Person\",\"@id\":\"https:\\\/\\\/fundacaojles.org.br\\\/biblioteca\\\/#\\\/schema\\\/person\\\/e94ff71cb76bb9c28d581520dbd137a2\",\"name\":\"Equipe FJLES\",\"image\":{\"@type\":\"ImageObject\",\"inLanguage\":\"pt-BR\",\"@id\":\"https:\\\/\\\/secure.gravatar.com\\\/avatar\\\/1b2ce5b1cb60c43f8d10074e3a689d7824bf778357b559fea12a89a02835c8e8?s=96&d=mm&r=g\",\"url\":\"https:\\\/\\\/secure.gravatar.com\\\/avatar\\\/1b2ce5b1cb60c43f8d10074e3a689d7824bf778357b559fea12a89a02835c8e8?s=96&d=mm&r=g\",\"contentUrl\":\"https:\\\/\\\/secure.gravatar.com\\\/avatar\\\/1b2ce5b1cb60c43f8d10074e3a689d7824bf778357b559fea12a89a02835c8e8?s=96&d=mm&r=g\",\"caption\":\"Equipe FJLES\"}}]}<\/script>\n<!-- \/ Yoast SEO plugin. -->","yoast_head_json":{"title":"M\u00e1rcia Woods, presidente da\u00a0ABCR\u00a0e assessora da nossa Funda\u00e7\u00e3o, participa do podcast Fronteiras Coletivas, do Gife. - Funda\u00e7\u00e3o Jos\u00e9 Luiz Set\u00fabal","robots":{"index":"index","follow":"follow","max-snippet":"max-snippet:-1","max-image-preview":"max-image-preview:large","max-video-preview":"max-video-preview:-1"},"canonical":"https:\/\/fundacaojles.org.br\/biblioteca\/2021\/03\/23\/marcia-woods-presidente-da-abcr-e-assessora-da-nossa-fundacao-participa-do-podcast-fronteiras-coletivas-do-gife\/","og_locale":"pt_BR","og_type":"article","og_title":"M\u00e1rcia Woods, presidente da\u00a0ABCR\u00a0e assessora da nossa Funda\u00e7\u00e3o, participa do podcast Fronteiras Coletivas, do Gife. - Funda\u00e7\u00e3o Jos\u00e9 Luiz Set\u00fabal","og_description":"Tema: as pr\u00e1ticas e as maneiras de se pensar a filantropia com olhar estrat\u00e9gico, buscando mais impacto e transforma\u00e7\u00e3o positiva independente do foco de atua\u00e7\u00e3o. Ou\u00e7a em\u00a0https:\/\/lnkd.in\/dfyrjPP","og_url":"https:\/\/fundacaojles.org.br\/biblioteca\/2021\/03\/23\/marcia-woods-presidente-da-abcr-e-assessora-da-nossa-fundacao-participa-do-podcast-fronteiras-coletivas-do-gife\/","og_site_name":"Funda\u00e7\u00e3o Jos\u00e9 Luiz Set\u00fabal","article_published_time":"2021-03-23T17:55:05+00:00","og_image":[{"width":800,"height":800,"url":"https:\/\/fundacaojles.org.br\/biblioteca\/wp-content\/uploads\/2021\/03\/gife-podcast.jpg","type":"image\/jpeg"}],"author":"Equipe FJLES","twitter_card":"summary_large_image","twitter_misc":{"Escrito por":"Equipe FJLES"},"schema":{"@context":"https:\/\/schema.org","@graph":[{"@type":"Article","@id":"https:\/\/fundacaojles.org.br\/biblioteca\/2021\/03\/23\/marcia-woods-presidente-da-abcr-e-assessora-da-nossa-fundacao-participa-do-podcast-fronteiras-coletivas-do-gife\/#article","isPartOf":{"@id":"https:\/\/fundacaojles.org.br\/biblioteca\/2021\/03\/23\/marcia-woods-presidente-da-abcr-e-assessora-da-nossa-fundacao-participa-do-podcast-fronteiras-coletivas-do-gife\/"},"author":{"name":"Equipe FJLES","@id":"https:\/\/fundacaojles.org.br\/biblioteca\/#\/schema\/person\/e94ff71cb76bb9c28d581520dbd137a2"},"headline":"M\u00e1rcia Woods, presidente da\u00a0ABCR\u00a0e assessora da nossa Funda\u00e7\u00e3o, participa do podcast Fronteiras Coletivas, do Gife.","datePublished":"2021-03-23T17:55:05+00:00","mainEntityOfPage":{"@id":"https:\/\/fundacaojles.org.br\/biblioteca\/2021\/03\/23\/marcia-woods-presidente-da-abcr-e-assessora-da-nossa-fundacao-participa-do-podcast-fronteiras-coletivas-do-gife\/"},"wordCount":55,"commentCount":0,"image":{"@id":"https:\/\/fundacaojles.org.br\/biblioteca\/2021\/03\/23\/marcia-woods-presidente-da-abcr-e-assessora-da-nossa-fundacao-participa-do-podcast-fronteiras-coletivas-do-gife\/#primaryimage"},"thumbnailUrl":"https:\/\/fundacaojles.org.br\/biblioteca\/wp-content\/uploads\/2021\/03\/gife-podcast.jpg","articleSection":["Entrevista"],"inLanguage":"pt-BR","potentialAction":[{"@type":"CommentAction","name":"Comment","target":["https:\/\/fundacaojles.org.br\/biblioteca\/2021\/03\/23\/marcia-woods-presidente-da-abcr-e-assessora-da-nossa-fundacao-participa-do-podcast-fronteiras-coletivas-do-gife\/#respond"]}]},{"@type":"WebPage","@id":"https:\/\/fundacaojles.org.br\/biblioteca\/2021\/03\/23\/marcia-woods-presidente-da-abcr-e-assessora-da-nossa-fundacao-participa-do-podcast-fronteiras-coletivas-do-gife\/","url":"https:\/\/fundacaojles.org.br\/biblioteca\/2021\/03\/23\/marcia-woods-presidente-da-abcr-e-assessora-da-nossa-fundacao-participa-do-podcast-fronteiras-coletivas-do-gife\/","name":"M\u00e1rcia Woods, presidente da\u00a0ABCR\u00a0e assessora da nossa Funda\u00e7\u00e3o, participa do podcast Fronteiras Coletivas, do Gife. - Funda\u00e7\u00e3o Jos\u00e9 Luiz Set\u00fabal","isPartOf":{"@id":"https:\/\/fundacaojles.org.br\/biblioteca\/#website"},"primaryImageOfPage":{"@id":"https:\/\/fundacaojles.org.br\/biblioteca\/2021\/03\/23\/marcia-woods-presidente-da-abcr-e-assessora-da-nossa-fundacao-participa-do-podcast-fronteiras-coletivas-do-gife\/#primaryimage"},"image":{"@id":"https:\/\/fundacaojles.org.br\/biblioteca\/2021\/03\/23\/marcia-woods-presidente-da-abcr-e-assessora-da-nossa-fundacao-participa-do-podcast-fronteiras-coletivas-do-gife\/#primaryimage"},"thumbnailUrl":"https:\/\/fundacaojles.org.br\/biblioteca\/wp-content\/uploads\/2021\/03\/gife-podcast.jpg","datePublished":"2021-03-23T17:55:05+00:00","author":{"@id":"https:\/\/fundacaojles.org.br\/biblioteca\/#\/schema\/person\/e94ff71cb76bb9c28d581520dbd137a2"},"breadcrumb":{"@id":"https:\/\/fundacaojles.org.br\/biblioteca\/2021\/03\/23\/marcia-woods-presidente-da-abcr-e-assessora-da-nossa-fundacao-participa-do-podcast-fronteiras-coletivas-do-gife\/#breadcrumb"},"inLanguage":"pt-BR","potentialAction":[{"@type":"ReadAction","target":["https:\/\/fundacaojles.org.br\/biblioteca\/2021\/03\/23\/marcia-woods-presidente-da-abcr-e-assessora-da-nossa-fundacao-participa-do-podcast-fronteiras-coletivas-do-gife\/"]}]},{"@type":"ImageObject","inLanguage":"pt-BR","@id":"https:\/\/fundacaojles.org.br\/biblioteca\/2021\/03\/23\/marcia-woods-presidente-da-abcr-e-assessora-da-nossa-fundacao-participa-do-podcast-fronteiras-coletivas-do-gife\/#primaryimage","url":"https:\/\/fundacaojles.org.br\/biblioteca\/wp-content\/uploads\/2021\/03\/gife-podcast.jpg","contentUrl":"https:\/\/fundacaojles.org.br\/biblioteca\/wp-content\/uploads\/2021\/03\/gife-podcast.jpg","width":800,"height":800},{"@type":"BreadcrumbList","@id":"https:\/\/fundacaojles.org.br\/biblioteca\/2021\/03\/23\/marcia-woods-presidente-da-abcr-e-assessora-da-nossa-fundacao-participa-do-podcast-fronteiras-coletivas-do-gife\/#breadcrumb","itemListElement":[{"@type":"ListItem","position":1,"name":"In\u00edcio","item":"https:\/\/fundacaojles.org.br\/biblioteca\/"},{"@type":"ListItem","position":2,"name":"M\u00e1rcia Woods, presidente da\u00a0ABCR\u00a0e assessora da nossa Funda\u00e7\u00e3o, participa do podcast Fronteiras Coletivas, do Gife."}]},{"@type":"WebSite","@id":"https:\/\/fundacaojles.org.br\/biblioteca\/#website","url":"https:\/\/fundacaojles.org.br\/biblioteca\/","name":"Funda\u00e7\u00e3o Jos\u00e9 Luiz Set\u00fabal","description":"","potentialAction":[{"@type":"SearchAction","target":{"@type":"EntryPoint","urlTemplate":"https:\/\/fundacaojles.org.br\/biblioteca\/?s={search_term_string}"},"query-input":{"@type":"PropertyValueSpecification","valueRequired":true,"valueName":"search_term_string"}}],"inLanguage":"pt-BR"},{"@type":"Person","@id":"https:\/\/fundacaojles.org.br\/biblioteca\/#\/schema\/person\/e94ff71cb76bb9c28d581520dbd137a2","name":"Equipe FJLES","image":{"@type":"ImageObject","inLanguage":"pt-BR","@id":"https:\/\/secure.gravatar.com\/avatar\/1b2ce5b1cb60c43f8d10074e3a689d7824bf778357b559fea12a89a02835c8e8?s=96&d=mm&r=g","url":"https:\/\/secure.gravatar.com\/avatar\/1b2ce5b1cb60c43f8d10074e3a689d7824bf778357b559fea12a89a02835c8e8?s=96&d=mm&r=g","contentUrl":"https:\/\/secure.gravatar.com\/avatar\/1b2ce5b1cb60c43f8d10074e3a689d7824bf778357b559fea12a89a02835c8e8?s=96&d=mm&r=g","caption":"Equipe FJLES"}}]}},"_links":{"self":[{"href":"https:\/\/fundacaojles.org.br\/biblioteca\/wp-json\/wp\/v2\/posts\/49919","targetHints":{"allow":["GET"]}}],"collection":[{"href":"https:\/\/fundacaojles.org.br\/biblioteca\/wp-json\/wp\/v2\/posts"}],"about":[{"href":"https:\/\/fundacaojles.org.br\/biblioteca\/wp-json\/wp\/v2\/types\/post"}],"author":[{"embeddable":true,"href":"https:\/\/fundacaojles.org.br\/biblioteca\/wp-json\/wp\/v2\/users\/1"}],"replies":[{"embeddable":true,"href":"https:\/\/fundacaojles.org.br\/biblioteca\/wp-json\/wp\/v2\/comments?post=49919"}],"version-history":[{"count":1,"href":"https:\/\/fundacaojles.org.br\/biblioteca\/wp-json\/wp\/v2\/posts\/49919\/revisions"}],"predecessor-version":[{"id":49921,"href":"https:\/\/fundacaojles.org.br\/biblioteca\/wp-json\/wp\/v2\/posts\/49919\/revisions\/49921"}],"wp:featuredmedia":[{"embeddable":true,"href":"https:\/\/fundacaojles.org.br\/biblioteca\/wp-json\/wp\/v2\/media\/49920"}],"wp:attachment":[{"href":"https:\/\/fundacaojles.org.br\/biblioteca\/wp-json\/wp\/v2\/media?parent=49919"}],"wp:term":[{"taxonomy":"category","embeddable":true,"href":"https:\/\/fundacaojles.org.br\/biblioteca\/wp-json\/wp\/v2\/categories?post=49919"},{"taxonomy":"post_tag","embeddable":true,"href":"https:\/\/fundacaojles.org.br\/biblioteca\/wp-json\/wp\/v2\/tags?post=49919"}],"curies":[{"name":"wp","href":"https:\/\/api.w.org\/{rel}","templated":true}]}}