{"id":49922,"date":"2021-03-25T16:02:52","date_gmt":"2021-03-25T19:02:52","guid":{"rendered":"http:\/\/fundacaojles.org.br\/biblioteca\/?p=49922"},"modified":"2021-03-25T16:02:52","modified_gmt":"2021-03-25T19:02:52","slug":"reconhecimento-internacional-2","status":"publish","type":"post","link":"https:\/\/fundacaojles.org.br\/biblioteca\/2021\/03\/25\/reconhecimento-internacional-2\/","title":{"rendered":"Reconhecimento Internacional"},"content":{"rendered":"<p>Estamos muito felizes pelo reconhecimento concedido ao doutor Jos\u00e9 Luiz Set\u00fabal, um dos cinco finalistas do <strong>Pr\u00eamio Internacional Catalyst 2030 de Mudan\u00e7a Social Sist\u00eamica<\/strong>, categoria filantropo individual. De acordo com os organizadores, a defer\u00eancia ao doutor Set\u00fabal se d\u00e1 <em>em \u201creconhecimento a sua parceria em investimento social por mudan\u00e7as no Brasil\u201d<\/em>.<\/p>\n<p>Lan\u00e7ado em janeiro do ano passado, no <strong>F\u00f3rum Econ\u00f4mico Mundial<\/strong>, o Catalyst 2030 re\u00fane uma comunidade global de mais de 500 empreendedores sociais, em 180 pa\u00edses, e que atingem diretamente cerca de 2 bilh\u00f5es de pessoas. O grupo, assim como toda a a\u00e7\u00e3o filantr\u00f3pica comandada pelo doutor Jos\u00e9 Luiz, acredita na a\u00e7\u00e3o coletiva para alcan\u00e7ar os objetivos de desenvolvimento sustent\u00e1vel da <strong>ONU <\/strong>at\u00e9<strong> 2030<\/strong>.<\/p>\n","protected":false},"excerpt":{"rendered":"<p>Estamos muito felizes pelo reconhecimento concedido ao doutor Jos\u00e9 Luiz Set\u00fabal, um dos cinco finalistas do Pr\u00eamio Internacional Catalyst 2030 de Mudan\u00e7a Social Sist\u00eamica, categoria filantropo individual. De acordo com os organizadores, a defer\u00eancia ao doutor Set\u00fabal se d\u00e1 em \u201creconhecimento a sua parceria em investimento social por mudan\u00e7as no Brasil\u201d. Lan\u00e7ado em janeiro do [&hellip;]<\/p>\n","protected":false},"author":1,"featured_media":49923,"comment_status":"open","ping_status":"open","sticky":false,"template":"","format":"standard","meta":{"_acf_changed":false,"_et_pb_use_builder":"","_et_pb_old_content":"","_et_gb_content_width":"","inline_featured_image":false,"footnotes":""},"categories":[1],"tags":[],"class_list":["post-49922","post","type-post","status-publish","format-standard","has-post-thumbnail","hentry","category-nao-categorizado"],"acf":[],"yoast_head":"<!-- This site is optimized with the Yoast SEO plugin v27.5 - https:\/\/yoast.com\/product\/yoast-seo-wordpress\/ -->\n<title>Reconhecimento Internacional - Funda\u00e7\u00e3o Jos\u00e9 Luiz Set\u00fabal<\/title>\n<meta name=\"robots\" content=\"index, follow, max-snippet:-1, max-image-preview:large, max-video-preview:-1\" \/>\n<link rel=\"canonical\" href=\"https:\/\/fundacaojles.org.br\/biblioteca\/2021\/03\/25\/reconhecimento-internacional-2\/\" \/>\n<meta property=\"og:locale\" content=\"pt_BR\" \/>\n<meta property=\"og:type\" content=\"article\" \/>\n<meta property=\"og:title\" content=\"Reconhecimento Internacional - Funda\u00e7\u00e3o Jos\u00e9 Luiz Set\u00fabal\" \/>\n<meta property=\"og:description\" content=\"Estamos muito felizes pelo reconhecimento concedido ao doutor Jos\u00e9 Luiz Set\u00fabal, um dos cinco finalistas do Pr\u00eamio Internacional Catalyst 2030 de Mudan\u00e7a Social Sist\u00eamica, categoria filantropo individual. De acordo com os organizadores, a defer\u00eancia ao doutor Set\u00fabal se d\u00e1 em \u201creconhecimento a sua parceria em investimento social por mudan\u00e7as no Brasil\u201d. Lan\u00e7ado em janeiro do [&hellip;]\" \/>\n<meta property=\"og:url\" content=\"https:\/\/fundacaojles.org.br\/biblioteca\/2021\/03\/25\/reconhecimento-internacional-2\/\" \/>\n<meta property=\"og:site_name\" content=\"Funda\u00e7\u00e3o Jos\u00e9 Luiz Set\u00fabal\" \/>\n<meta property=\"article:published_time\" content=\"2021-03-25T19:02:52+00:00\" \/>\n<meta property=\"og:image\" content=\"https:\/\/fundacaojles.org.br\/biblioteca\/wp-content\/uploads\/2021\/03\/Catalyst-2.jpg\" \/>\n\t<meta property=\"og:image:width\" content=\"400\" \/>\n\t<meta property=\"og:image:height\" content=\"400\" \/>\n\t<meta property=\"og:image:type\" content=\"image\/jpeg\" \/>\n<meta name=\"author\" content=\"Equipe FJLES\" \/>\n<meta name=\"twitter:card\" content=\"summary_large_image\" \/>\n<meta name=\"twitter:label1\" content=\"Escrito por\" \/>\n\t<meta name=\"twitter:data1\" content=\"Equipe FJLES\" \/>\n\t<meta name=\"twitter:label2\" content=\"Est. tempo de leitura\" \/>\n\t<meta name=\"twitter:data2\" content=\"1 minuto\" \/>\n<script type=\"application\/ld+json\" class=\"yoast-schema-graph\">{\"@context\":\"https:\\\/\\\/schema.org\",\"@graph\":[{\"@type\":\"Article\",\"@id\":\"https:\\\/\\\/fundacaojles.org.br\\\/biblioteca\\\/2021\\\/03\\\/25\\\/reconhecimento-internacional-2\\\/#article\",\"isPartOf\":{\"@id\":\"https:\\\/\\\/fundacaojles.org.br\\\/biblioteca\\\/2021\\\/03\\\/25\\\/reconhecimento-internacional-2\\\/\"},\"author\":{\"name\":\"Equipe FJLES\",\"@id\":\"https:\\\/\\\/fundacaojles.org.br\\\/biblioteca\\\/#\\\/schema\\\/person\\\/e94ff71cb76bb9c28d581520dbd137a2\"},\"headline\":\"Reconhecimento Internacional\",\"datePublished\":\"2021-03-25T19:02:52+00:00\",\"mainEntityOfPage\":{\"@id\":\"https:\\\/\\\/fundacaojles.org.br\\\/biblioteca\\\/2021\\\/03\\\/25\\\/reconhecimento-internacional-2\\\/\"},\"wordCount\":129,\"commentCount\":0,\"image\":{\"@id\":\"https:\\\/\\\/fundacaojles.org.br\\\/biblioteca\\\/2021\\\/03\\\/25\\\/reconhecimento-internacional-2\\\/#primaryimage\"},\"thumbnailUrl\":\"https:\\\/\\\/fundacaojles.org.br\\\/biblioteca\\\/wp-content\\\/uploads\\\/2021\\\/03\\\/Catalyst-2.jpg\",\"articleSection\":[\"N\u00e3o categorizado\"],\"inLanguage\":\"pt-BR\",\"potentialAction\":[{\"@type\":\"CommentAction\",\"name\":\"Comment\",\"target\":[\"https:\\\/\\\/fundacaojles.org.br\\\/biblioteca\\\/2021\\\/03\\\/25\\\/reconhecimento-internacional-2\\\/#respond\"]}]},{\"@type\":\"WebPage\",\"@id\":\"https:\\\/\\\/fundacaojles.org.br\\\/biblioteca\\\/2021\\\/03\\\/25\\\/reconhecimento-internacional-2\\\/\",\"url\":\"https:\\\/\\\/fundacaojles.org.br\\\/biblioteca\\\/2021\\\/03\\\/25\\\/reconhecimento-internacional-2\\\/\",\"name\":\"Reconhecimento Internacional - Funda\u00e7\u00e3o Jos\u00e9 Luiz Set\u00fabal\",\"isPartOf\":{\"@id\":\"https:\\\/\\\/fundacaojles.org.br\\\/biblioteca\\\/#website\"},\"primaryImageOfPage\":{\"@id\":\"https:\\\/\\\/fundacaojles.org.br\\\/biblioteca\\\/2021\\\/03\\\/25\\\/reconhecimento-internacional-2\\\/#primaryimage\"},\"image\":{\"@id\":\"https:\\\/\\\/fundacaojles.org.br\\\/biblioteca\\\/2021\\\/03\\\/25\\\/reconhecimento-internacional-2\\\/#primaryimage\"},\"thumbnailUrl\":\"https:\\\/\\\/fundacaojles.org.br\\\/biblioteca\\\/wp-content\\\/uploads\\\/2021\\\/03\\\/Catalyst-2.jpg\",\"datePublished\":\"2021-03-25T19:02:52+00:00\",\"author\":{\"@id\":\"https:\\\/\\\/fundacaojles.org.br\\\/biblioteca\\\/#\\\/schema\\\/person\\\/e94ff71cb76bb9c28d581520dbd137a2\"},\"breadcrumb\":{\"@id\":\"https:\\\/\\\/fundacaojles.org.br\\\/biblioteca\\\/2021\\\/03\\\/25\\\/reconhecimento-internacional-2\\\/#breadcrumb\"},\"inLanguage\":\"pt-BR\",\"potentialAction\":[{\"@type\":\"ReadAction\",\"target\":[\"https:\\\/\\\/fundacaojles.org.br\\\/biblioteca\\\/2021\\\/03\\\/25\\\/reconhecimento-internacional-2\\\/\"]}]},{\"@type\":\"ImageObject\",\"inLanguage\":\"pt-BR\",\"@id\":\"https:\\\/\\\/fundacaojles.org.br\\\/biblioteca\\\/2021\\\/03\\\/25\\\/reconhecimento-internacional-2\\\/#primaryimage\",\"url\":\"https:\\\/\\\/fundacaojles.org.br\\\/biblioteca\\\/wp-content\\\/uploads\\\/2021\\\/03\\\/Catalyst-2.jpg\",\"contentUrl\":\"https:\\\/\\\/fundacaojles.org.br\\\/biblioteca\\\/wp-content\\\/uploads\\\/2021\\\/03\\\/Catalyst-2.jpg\",\"width\":400,\"height\":400},{\"@type\":\"BreadcrumbList\",\"@id\":\"https:\\\/\\\/fundacaojles.org.br\\\/biblioteca\\\/2021\\\/03\\\/25\\\/reconhecimento-internacional-2\\\/#breadcrumb\",\"itemListElement\":[{\"@type\":\"ListItem\",\"position\":1,\"name\":\"In\u00edcio\",\"item\":\"https:\\\/\\\/fundacaojles.org.br\\\/biblioteca\\\/\"},{\"@type\":\"ListItem\",\"position\":2,\"name\":\"Reconhecimento Internacional\"}]},{\"@type\":\"WebSite\",\"@id\":\"https:\\\/\\\/fundacaojles.org.br\\\/biblioteca\\\/#website\",\"url\":\"https:\\\/\\\/fundacaojles.org.br\\\/biblioteca\\\/\",\"name\":\"Funda\u00e7\u00e3o Jos\u00e9 Luiz Set\u00fabal\",\"description\":\"\",\"potentialAction\":[{\"@type\":\"SearchAction\",\"target\":{\"@type\":\"EntryPoint\",\"urlTemplate\":\"https:\\\/\\\/fundacaojles.org.br\\\/biblioteca\\\/?s={search_term_string}\"},\"query-input\":{\"@type\":\"PropertyValueSpecification\",\"valueRequired\":true,\"valueName\":\"search_term_string\"}}],\"inLanguage\":\"pt-BR\"},{\"@type\":\"Person\",\"@id\":\"https:\\\/\\\/fundacaojles.org.br\\\/biblioteca\\\/#\\\/schema\\\/person\\\/e94ff71cb76bb9c28d581520dbd137a2\",\"name\":\"Equipe FJLES\",\"image\":{\"@type\":\"ImageObject\",\"inLanguage\":\"pt-BR\",\"@id\":\"https:\\\/\\\/secure.gravatar.com\\\/avatar\\\/1b2ce5b1cb60c43f8d10074e3a689d7824bf778357b559fea12a89a02835c8e8?s=96&d=mm&r=g\",\"url\":\"https:\\\/\\\/secure.gravatar.com\\\/avatar\\\/1b2ce5b1cb60c43f8d10074e3a689d7824bf778357b559fea12a89a02835c8e8?s=96&d=mm&r=g\",\"contentUrl\":\"https:\\\/\\\/secure.gravatar.com\\\/avatar\\\/1b2ce5b1cb60c43f8d10074e3a689d7824bf778357b559fea12a89a02835c8e8?s=96&d=mm&r=g\",\"caption\":\"Equipe FJLES\"}}]}<\/script>\n<!-- \/ Yoast SEO plugin. -->","yoast_head_json":{"title":"Reconhecimento Internacional - Funda\u00e7\u00e3o Jos\u00e9 Luiz Set\u00fabal","robots":{"index":"index","follow":"follow","max-snippet":"max-snippet:-1","max-image-preview":"max-image-preview:large","max-video-preview":"max-video-preview:-1"},"canonical":"https:\/\/fundacaojles.org.br\/biblioteca\/2021\/03\/25\/reconhecimento-internacional-2\/","og_locale":"pt_BR","og_type":"article","og_title":"Reconhecimento Internacional - Funda\u00e7\u00e3o Jos\u00e9 Luiz Set\u00fabal","og_description":"Estamos muito felizes pelo reconhecimento concedido ao doutor Jos\u00e9 Luiz Set\u00fabal, um dos cinco finalistas do Pr\u00eamio Internacional Catalyst 2030 de Mudan\u00e7a Social Sist\u00eamica, categoria filantropo individual. De acordo com os organizadores, a defer\u00eancia ao doutor Set\u00fabal se d\u00e1 em \u201creconhecimento a sua parceria em investimento social por mudan\u00e7as no Brasil\u201d. Lan\u00e7ado em janeiro do [&hellip;]","og_url":"https:\/\/fundacaojles.org.br\/biblioteca\/2021\/03\/25\/reconhecimento-internacional-2\/","og_site_name":"Funda\u00e7\u00e3o Jos\u00e9 Luiz Set\u00fabal","article_published_time":"2021-03-25T19:02:52+00:00","og_image":[{"width":400,"height":400,"url":"https:\/\/fundacaojles.org.br\/biblioteca\/wp-content\/uploads\/2021\/03\/Catalyst-2.jpg","type":"image\/jpeg"}],"author":"Equipe FJLES","twitter_card":"summary_large_image","twitter_misc":{"Escrito por":"Equipe FJLES","Est. tempo de leitura":"1 minuto"},"schema":{"@context":"https:\/\/schema.org","@graph":[{"@type":"Article","@id":"https:\/\/fundacaojles.org.br\/biblioteca\/2021\/03\/25\/reconhecimento-internacional-2\/#article","isPartOf":{"@id":"https:\/\/fundacaojles.org.br\/biblioteca\/2021\/03\/25\/reconhecimento-internacional-2\/"},"author":{"name":"Equipe FJLES","@id":"https:\/\/fundacaojles.org.br\/biblioteca\/#\/schema\/person\/e94ff71cb76bb9c28d581520dbd137a2"},"headline":"Reconhecimento Internacional","datePublished":"2021-03-25T19:02:52+00:00","mainEntityOfPage":{"@id":"https:\/\/fundacaojles.org.br\/biblioteca\/2021\/03\/25\/reconhecimento-internacional-2\/"},"wordCount":129,"commentCount":0,"image":{"@id":"https:\/\/fundacaojles.org.br\/biblioteca\/2021\/03\/25\/reconhecimento-internacional-2\/#primaryimage"},"thumbnailUrl":"https:\/\/fundacaojles.org.br\/biblioteca\/wp-content\/uploads\/2021\/03\/Catalyst-2.jpg","articleSection":["N\u00e3o categorizado"],"inLanguage":"pt-BR","potentialAction":[{"@type":"CommentAction","name":"Comment","target":["https:\/\/fundacaojles.org.br\/biblioteca\/2021\/03\/25\/reconhecimento-internacional-2\/#respond"]}]},{"@type":"WebPage","@id":"https:\/\/fundacaojles.org.br\/biblioteca\/2021\/03\/25\/reconhecimento-internacional-2\/","url":"https:\/\/fundacaojles.org.br\/biblioteca\/2021\/03\/25\/reconhecimento-internacional-2\/","name":"Reconhecimento Internacional - Funda\u00e7\u00e3o Jos\u00e9 Luiz Set\u00fabal","isPartOf":{"@id":"https:\/\/fundacaojles.org.br\/biblioteca\/#website"},"primaryImageOfPage":{"@id":"https:\/\/fundacaojles.org.br\/biblioteca\/2021\/03\/25\/reconhecimento-internacional-2\/#primaryimage"},"image":{"@id":"https:\/\/fundacaojles.org.br\/biblioteca\/2021\/03\/25\/reconhecimento-internacional-2\/#primaryimage"},"thumbnailUrl":"https:\/\/fundacaojles.org.br\/biblioteca\/wp-content\/uploads\/2021\/03\/Catalyst-2.jpg","datePublished":"2021-03-25T19:02:52+00:00","author":{"@id":"https:\/\/fundacaojles.org.br\/biblioteca\/#\/schema\/person\/e94ff71cb76bb9c28d581520dbd137a2"},"breadcrumb":{"@id":"https:\/\/fundacaojles.org.br\/biblioteca\/2021\/03\/25\/reconhecimento-internacional-2\/#breadcrumb"},"inLanguage":"pt-BR","potentialAction":[{"@type":"ReadAction","target":["https:\/\/fundacaojles.org.br\/biblioteca\/2021\/03\/25\/reconhecimento-internacional-2\/"]}]},{"@type":"ImageObject","inLanguage":"pt-BR","@id":"https:\/\/fundacaojles.org.br\/biblioteca\/2021\/03\/25\/reconhecimento-internacional-2\/#primaryimage","url":"https:\/\/fundacaojles.org.br\/biblioteca\/wp-content\/uploads\/2021\/03\/Catalyst-2.jpg","contentUrl":"https:\/\/fundacaojles.org.br\/biblioteca\/wp-content\/uploads\/2021\/03\/Catalyst-2.jpg","width":400,"height":400},{"@type":"BreadcrumbList","@id":"https:\/\/fundacaojles.org.br\/biblioteca\/2021\/03\/25\/reconhecimento-internacional-2\/#breadcrumb","itemListElement":[{"@type":"ListItem","position":1,"name":"In\u00edcio","item":"https:\/\/fundacaojles.org.br\/biblioteca\/"},{"@type":"ListItem","position":2,"name":"Reconhecimento Internacional"}]},{"@type":"WebSite","@id":"https:\/\/fundacaojles.org.br\/biblioteca\/#website","url":"https:\/\/fundacaojles.org.br\/biblioteca\/","name":"Funda\u00e7\u00e3o Jos\u00e9 Luiz Set\u00fabal","description":"","potentialAction":[{"@type":"SearchAction","target":{"@type":"EntryPoint","urlTemplate":"https:\/\/fundacaojles.org.br\/biblioteca\/?s={search_term_string}"},"query-input":{"@type":"PropertyValueSpecification","valueRequired":true,"valueName":"search_term_string"}}],"inLanguage":"pt-BR"},{"@type":"Person","@id":"https:\/\/fundacaojles.org.br\/biblioteca\/#\/schema\/person\/e94ff71cb76bb9c28d581520dbd137a2","name":"Equipe FJLES","image":{"@type":"ImageObject","inLanguage":"pt-BR","@id":"https:\/\/secure.gravatar.com\/avatar\/1b2ce5b1cb60c43f8d10074e3a689d7824bf778357b559fea12a89a02835c8e8?s=96&d=mm&r=g","url":"https:\/\/secure.gravatar.com\/avatar\/1b2ce5b1cb60c43f8d10074e3a689d7824bf778357b559fea12a89a02835c8e8?s=96&d=mm&r=g","contentUrl":"https:\/\/secure.gravatar.com\/avatar\/1b2ce5b1cb60c43f8d10074e3a689d7824bf778357b559fea12a89a02835c8e8?s=96&d=mm&r=g","caption":"Equipe FJLES"}}]}},"_links":{"self":[{"href":"https:\/\/fundacaojles.org.br\/biblioteca\/wp-json\/wp\/v2\/posts\/49922","targetHints":{"allow":["GET"]}}],"collection":[{"href":"https:\/\/fundacaojles.org.br\/biblioteca\/wp-json\/wp\/v2\/posts"}],"about":[{"href":"https:\/\/fundacaojles.org.br\/biblioteca\/wp-json\/wp\/v2\/types\/post"}],"author":[{"embeddable":true,"href":"https:\/\/fundacaojles.org.br\/biblioteca\/wp-json\/wp\/v2\/users\/1"}],"replies":[{"embeddable":true,"href":"https:\/\/fundacaojles.org.br\/biblioteca\/wp-json\/wp\/v2\/comments?post=49922"}],"version-history":[{"count":1,"href":"https:\/\/fundacaojles.org.br\/biblioteca\/wp-json\/wp\/v2\/posts\/49922\/revisions"}],"predecessor-version":[{"id":49924,"href":"https:\/\/fundacaojles.org.br\/biblioteca\/wp-json\/wp\/v2\/posts\/49922\/revisions\/49924"}],"wp:featuredmedia":[{"embeddable":true,"href":"https:\/\/fundacaojles.org.br\/biblioteca\/wp-json\/wp\/v2\/media\/49923"}],"wp:attachment":[{"href":"https:\/\/fundacaojles.org.br\/biblioteca\/wp-json\/wp\/v2\/media?parent=49922"}],"wp:term":[{"taxonomy":"category","embeddable":true,"href":"https:\/\/fundacaojles.org.br\/biblioteca\/wp-json\/wp\/v2\/categories?post=49922"},{"taxonomy":"post_tag","embeddable":true,"href":"https:\/\/fundacaojles.org.br\/biblioteca\/wp-json\/wp\/v2\/tags?post=49922"}],"curies":[{"name":"wp","href":"https:\/\/api.w.org\/{rel}","templated":true}]}}