{"id":50508,"date":"2021-11-29T23:22:30","date_gmt":"2021-11-30T02:22:30","guid":{"rendered":"http:\/\/fundacaojles.org.br\/biblioteca\/?p=50508"},"modified":"2022-02-13T11:50:57","modified_gmt":"2022-02-13T14:50:57","slug":"3-forum-de-politicas-publicas-da-saude-na-infancia-da-fundacao-jose-luiz-egydio-setubal","status":"publish","type":"post","link":"https:\/\/fundacaojles.org.br\/biblioteca\/2021\/11\/29\/3-forum-de-politicas-publicas-da-saude-na-infancia-da-fundacao-jose-luiz-egydio-setubal\/","title":{"rendered":"3\u00b0 F\u00f3rum de Pol\u00edticas P\u00fablicas da Sa\u00fade na Inf\u00e2ncia da FJLES"},"content":{"rendered":"<p>[et_pb_section fb_built=&#8221;1&#8243; _builder_version=&#8221;4.12.1&#8243; _module_preset=&#8221;default&#8221; custom_padding=&#8221;0px|||||&#8221; global_colors_info=&#8221;{}&#8221;][et_pb_row _builder_version=&#8221;4.14.2&#8243; _module_preset=&#8221;default&#8221; width=&#8221;100%&#8221; global_colors_info=&#8221;{}&#8221;][et_pb_column type=&#8221;4_4&#8243; _builder_version=&#8221;4.12.1&#8243; _module_preset=&#8221;default&#8221; global_colors_info=&#8221;{}&#8221;][et_pb_text _builder_version=&#8221;4.14.7&#8243; _module_preset=&#8221;default&#8221; text_font=&#8221;Sua Regular||||||||&#8221; text_font_size=&#8221;16px&#8221; header_2_font=&#8221;Sua Bold||||||||&#8221; header_2_text_color=&#8221;gcid-ef2f9fb1-83ce-4acc-9e4e-cdb40edbbdc5&#8243; header_2_font_size=&#8221;28px&#8221; hover_enabled=&#8221;0&#8243; global_colors_info=&#8221;{%22gcid-ef2f9fb1-83ce-4acc-9e4e-cdb40edbbdc5%22:%91%22header_2_text_color%22%93}&#8221; sticky_enabled=&#8221;0&#8243;]<\/p>\n<h2>Viol\u00eancia e maus-tratos contra crian\u00e7as e adolescentes, e o papel da preven\u00e7\u00e3o, s\u00e3o tema do encontro virtual<\/h2>\n<p>Nos dias 2, 6 e 8 de dezembro acontece o 3\u00ba F\u00f3rum de Pol\u00edticas P\u00fablicas da Sa\u00fade na Inf\u00e2ncia, promovido pela Funda\u00e7\u00e3o Jos\u00e9 Luiz Egydio Set\u00fabal, sob o tema \u201cviol\u00eancia e maus-tratos contra crian\u00e7as e adolescentes &#8211; o papel da preven\u00e7\u00e3o\u201d. Haver\u00e1 mesas tem\u00e1ticas para debater o assunto com base no contexto brasileiro dos casos, a percep\u00e7\u00e3o nacional sobre esse tipo de agress\u00e3o e as maneiras de enfrentar e prevenir que crian\u00e7as e adolescentes sofram abusos.<\/p>\n<p>Em formato virtual, o evento ser\u00e1 realizado em parceria com o Nexo e transmitido ao vivo no canal do YouTube\u00a0<a href=\"https:\/\/youtube.com\/nexojornalbr\" target=\"_blank\" rel=\"noopener\">youtube.com\/nexojornalbr<\/a>. Tamb\u00e9m haver\u00e1 publica\u00e7\u00e3o de conte\u00fados exclusivos sobre o tema, em diversos formatos \u2013 gr\u00e1ficos, pesquisas, entrevistas, artigos de opini\u00e3o, entre outros.\u00a0O F\u00f3rum Brasileiro de Seguran\u00e7a P\u00fablica, o Instituto Galo da Manh\u00e3 e a Coaliz\u00e3o Brasileira Pelo Fim da Viol\u00eancia contra Crian\u00e7as e Adolescentes\u00a0s\u00e3o parceiros da iniciativa.<\/p>\n<h2>A viol\u00eancia contra crian\u00e7as e adolescentes no Brasil<\/h2>\n<p>A\u00e7\u00f5es que resultem em danos potenciais para a sa\u00fade, sua sobreviv\u00eancia, o desenvolvimento ou a dignidade de uma crian\u00e7a, podem ser consideradas como abuso ou maus-tratos, segundo defini\u00e7\u00e3o da Organiza\u00e7\u00e3o Mundial da Sa\u00fade. No Brasil, a prote\u00e7\u00e3o integral das crian\u00e7as e adolescentes passou a ser amparada pela Constitui\u00e7\u00e3o a partir de 1988, delegando essa responsabilidade \u00e0 fam\u00edlia, \u00e0 sociedade e ao Estado. Dois anos depois, em 1990, outro passo importante para a defini\u00e7\u00e3o de normas referentes a esse grupo social foi dado, com a cria\u00e7\u00e3o do ECA (Estatuto da Crian\u00e7a e do Adolescente).<\/p>\n<p>Embora esses direitos existam no papel, entre 2016 e 2020 a viol\u00eancia intencional foi o motivo da morte de quase 35 mil crian\u00e7as e adolescentes no pa\u00eds. Esses dados foram apurados pela Unicef (Fundo das Na\u00e7\u00f5es Unidas para a Inf\u00e2ncia) e pelo F\u00f3rum Brasileiro de Seguran\u00e7a P\u00fablica. Tamb\u00e9m segundo estas entidades, de 2017 a 2020 aproximadamente 180 mil pessoas desse grupo et\u00e1rio foram v\u00edtimas de viol\u00eancia sexual.<\/p>\n<p>Para Jos\u00e9 Luiz Egydio Set\u00fabal \u201cA viol\u00eancia contra a crian\u00e7a e o adolescente \u00e9 um fen\u00f4meno mundial. No Brasil, ela atinge n\u00edveis muito altos, e trazer esse assunto para discuss\u00e3o num F\u00f3rum de Pol\u00edticas P\u00fablicas, com parceiros como a Coaliz\u00e3o Brasileira, o F\u00f3rum Brasileiro de Seguran\u00e7a P\u00fablica, o Instituto Galo da Manh\u00e3, o Nexo, entre outros, al\u00e9m de mostrar pesquisas e solu\u00e7\u00f5es que j\u00e1 deram certo, \u00e9 muito importante para construirmos uma sociedade melhor\u201d.<\/p>\n<p>O evento \u201cViol\u00eancia e maus-tratos contra crian\u00e7as e adolescentes &#8211; o papel da preven\u00e7\u00e3o\u201d, busca contribuir com discuss\u00f5es e informa\u00e7\u00f5es que possam alimentar a constru\u00e7\u00e3o do Plano Nacional de Preven\u00e7\u00e3o da Viol\u00eancia contra a Crian\u00e7a, que \u00e9 o objetivo da Coaliz\u00e3o Brasileira pelo fim da Viol\u00eancia contra Crian\u00e7as e Adolescentes.<\/p>\n<h2>Programa\u00e7\u00e3o do 3\u00ba F\u00f3rum de Pol\u00edticas P\u00fablicas da Sa\u00fade na Inf\u00e2ncia &#8211; \u201cViol\u00eancia e maus-tratos contra crian\u00e7as e adolescentes &#8211; o papel da preven\u00e7\u00e3o\u201d<\/h2>\n<h3><strong>Mesa 1 &#8211;\u00a0Viol\u00eancia e maus-tratos contra crian\u00e7as e adolescentes &#8211; dados do contexto brasileiro.<br \/>Dia 2\/12 das 17h \u00e0s 18h30<\/strong><\/h3>\n<p>Esta sess\u00e3o tem como objetivo debater este fen\u00f4meno no Brasil, bem como o papel do Estado e da sociedade em sua preven\u00e7\u00e3o.\u00a0Ser\u00e3o apresentados os primeiros resultados de um levantamento realizado pelo F\u00f3rum Brasileiro de Seguran\u00e7a P\u00fablica\u00a0dos registros de ocorr\u00eancia sobre maus-tratos e viol\u00eancia dom\u00e9stica, al\u00e9m das viol\u00eancias letais e sexuais, em 12 Unidades da Federa\u00e7\u00e3o das cinco regi\u00f5es do pa\u00eds para o per\u00edodo de janeiro de 2019 ate\u0301 junho de 2021.<\/p>\n<p><strong>Debatedores:<\/strong><\/p>\n<ul>\n<li>Cassia Carvalho, Global Partnership to End Violence (ONU\/ UNICEF)<\/li>\n<li>Sofia Reinach, F\u00f3rum Brasileiro de Seguran\u00e7a P\u00fablica<\/li>\n<li>Luciana Temer, Instituto Liberta<\/li>\n<li>\u00c9rika Kokay, Deputada Federal (PT\/DF)<\/li>\n<li>Media\u00e7\u00e3o:\u00a0Paula Miraglia, Nexo Jornal<\/li>\n<\/ul>\n<h3><strong>Mesa 2 &#8211;\u00a0Viol\u00eancia e maus-tratos contra crian\u00e7as e adolescentes &#8211; a percep\u00e7\u00e3o dos brasileiros.<br \/><\/strong><strong>Dia 6\/12 das 17h \u00e0s 18h30<\/strong><\/h3>\n<p>Nesta sess\u00e3o ser\u00e3o debatidos os achados de uma pesquisa nacional, encomendada pela FJLES e Instituto Galo da Manh\u00e3, que busca capturar a percep\u00e7\u00e3o das atitudes e comportamentos da popula\u00e7\u00e3o brasileira em rela\u00e7\u00e3o a viol\u00eancia e maus-tratos contra crian\u00e7a e adolescentes. Entender e debater os valores e pr\u00e1ticas na cria\u00e7\u00e3o de crian\u00e7as e adolescentes \u00e9 fundamental para proteg\u00ea-las, garantir direitos e zelar pelo seu desenvolvimento saud\u00e1vel.<\/p>\n<p><strong>Debatedores:<\/strong><\/p>\n<ul>\n<li>Fabiana da Silva, Apadrinhe um Sorriso<\/li>\n<li>Luci Pfiffer, Sociedade Brasileira de Pediatria (a confirmar)<\/li>\n<li>Rodrigo Sinott, UNIFESP \u2013 PROVE (Programa de Atendimento e Pesquisa em Viol\u00eancia)<\/li>\n<li>Media\u00e7\u00e3o:\u00a0Jos\u00e9 Luiz Egydio Set\u00fabal, FJLES<\/li>\n<\/ul>\n<h3><strong>Mesa 3 &#8211;\u00a0Viol\u00eancia e maus-tratos contra crian\u00e7as e adolescentes &#8211; como enfrentar e prevenir?<br \/><\/strong><strong>Dia 8\/12 das 17h \u00e0s 18h30<\/strong><\/h3>\n<p>Gestores de iniciativas que buscam prevenir a viol\u00eancia e apoiar crian\u00e7as, adolescentes e suas fam\u00edlias na supera\u00e7\u00e3o de traumas ir\u00e3o compartilhar suas experi\u00eancias, acertos e desafios de suas pr\u00e1ticas. Estas iniciativas integram o estudo que est\u00e1 sendo realizado pela parceria da FJLES com a Coaliz\u00e3o Brasileira pelo Fim da Viol\u00eancia contra Crian\u00e7as e Adolescentes para o\u00a0mapeamento e sistematiza\u00e7\u00e3o em estudos de casos de dez pr\u00e1ticas de preven\u00e7\u00e3o e enfrentamento da viol\u00eancia contra crian\u00e7a e adolescentes no Brasil.<\/p>\n<p><strong>Debatedores:<\/strong><\/p>\n<ul>\n<li>Ana Paula Lima, Anai,\u00a0Projeto Cunhatai\u0301 Ikha\u0303<\/li>\n<li>Glorialuz Lanz, Associa\u00e7\u00e3o Santa F\u00e9<\/li>\n<li>Gabriela Peixinho, Luta pela Paz<\/li>\n<li>Michael Farias Alencar Lima, Secretaria de Desenvolvimento Social de Vit\u00f3ria da Conquista<\/li>\n<li>Media\u00e7\u00e3o:\u00a0Renata Rivitti, Centro de Apoio Operacional da Inf\u00e2ncia e Juventude do Minist\u00e9rio P\u00fablico do Estado de S\u00e3o Paulo.<\/li>\n<\/ul>\n<h2>Sobre a Funda\u00e7\u00e3o Jos\u00e9 Luiz Egydio Set\u00fabal (FJLES)<\/h2>\n<p>A Funda\u00e7\u00e3o Jos\u00e9 Luiz Egydio Set\u00fabal, \u00e9 uma funda\u00e7\u00e3o familiar que atua em iniciativas sociais dedicadas \u00e0 melhoria da qualidade de vida na inf\u00e2ncia, ao conhecimento cient\u00edfico sobre a sa\u00fade infantil e \u00e0 assist\u00eancia m\u00e9dica infanto-juvenil. Comp\u00f5em o grupo da FJLES o Hospital Infantil Sabar\u00e1 e Instituto Pensi, que compartilham do mesmo prop\u00f3sito\u00a0\u201cInf\u00e2ncia Saud\u00e1vel para uma sociedade melhor\u201d.<\/p>\n<p>Para a Funda\u00e7\u00e3o a sa\u00fade infantil \u00e9 um estado de bem-estar f\u00edsico, mental, intelectual, social e emocional e n\u00e3o apenas a aus\u00eancia de doen\u00e7a ou enfermidade. Crian\u00e7as saud\u00e1veis vivem em fam\u00edlias, ambientes e comunidades que lhes proporcionam a oportunidade de alcan\u00e7ar plenamente seu potencial de desenvolvimento. E entendemos a inf\u00e2ncia em sua abrang\u00eancia at\u00e9 a fase adulta, do zero aos dezoito anos.<\/p>\n<p>Norteados pelos Objetivos do Desenvolvimento Sustent\u00e1vel e an\u00e1lise criteriosa do contexto brasileiro atual, definimos como focos priorit\u00e1rios desta d\u00e9cada os temas da\u00a0sa\u00fade mental, imuniza\u00e7\u00e3o e seguran\u00e7a alimentar.<\/p>\n<h2>Sobre o F\u00f3rum de Pol\u00edticas P\u00fablicas da Sa\u00fade na Inf\u00e2ncia<\/h2>\n<p>O F\u00f3rum de Pol\u00edticas P\u00fablicas da Sa\u00fade na Inf\u00e2ncia \u00e9 uma iniciativa do programa de advocacy que tem como objetivo a gera\u00e7\u00e3o e dissemina\u00e7\u00e3o de conhecimento t\u00e9cnico-cient\u00edfico para contribuir com a formula\u00e7\u00e3o e a efetividade de normas e pol\u00edticas p\u00fablicas com impacto relevante na ado\u00e7\u00e3o de boas pr\u00e1ticas para promo\u00e7\u00e3o da sa\u00fade na inf\u00e2ncia e adolesc\u00eancia. Para sua realiza\u00e7\u00e3o, a FJLES apoia outras organiza\u00e7\u00f5es da sociedade civil e colabora com os setores p\u00fablico e privado.<\/p>\n<h2>Hist\u00f3rico<\/h2>\n<p>O 1\u00ba F\u00f3rum de Pol\u00edticas P\u00fablicas da Sa\u00fade na Inf\u00e2ncia foi ocorreu em 2018 e antecedeu o 4\u00ba Congresso Internacional Sabar\u00e1 de Sa\u00fade Infantil. As v\u00e9speras da elei\u00e7\u00e3o presidencial, o F\u00f3rum contou em sua programa\u00e7\u00e3o com o debate dos representantes dos candidatos a Presid\u00eancia da Rep\u00fablica sobre seus programas de governo para a Sa\u00fade na Inf\u00e2ncia. Al\u00e9m disso, especialistas apresentaram os desafios para as pol\u00edticas p\u00fablicas para a sa\u00fade na inf\u00e2ncia, mortalidade infantil, obesidade e viol\u00eancia.<\/p>\n<p>A segunda edi\u00e7\u00e3o do F\u00f3rum foi realizada em 2020, e marcou o in\u00edcio da jornada da FJLES nos seus tr\u00eas temas priorit\u00e1rios para est\u00e1 d\u00e9cada, com a encomenda de\u00a0white-papers\u00a0para especialistas sobre imuniza\u00e7\u00f5es, sa\u00fade mental e seguran\u00e7a alimentar. Por conta da pandemia, ele foi realizado no formato h\u00edbrido e os v\u00eddeos das sess\u00f5es podem ser acessadas pelo canal do YouTube Sa\u00fade da Inf\u00e2ncia. (<a href=\"https:\/\/www.youtube.com\/c\/Sa%C3%BAdedaInf%C3%A2ncia\" target=\"_blank\" rel=\"noopener\">www.youtube.com\/c\/Sa\u00fadedaInf\u00e2ncia<\/a>)<\/p>\n<p>[\/et_pb_text][et_pb_button button_url=&#8221;https:\/\/fundacaojles.org.br\/biblioteca\/wp-content\/uploads\/2021\/11\/Raizes_e_Asas_Livro_Pag_Simples_FJLES.pdf&#8221; url_new_window=&#8221;on&#8221; button_text=&#8221;Baixar Livro Ra\u00edzes e Asas&#8221; disabled_on=&#8221;on|on|on&#8221; _builder_version=&#8221;4.14.1&#8243; _module_preset=&#8221;default&#8221; custom_button=&#8221;on&#8221; button_text_color=&#8221;#FFFFFF&#8221; button_use_icon=&#8221;off&#8221; custom_padding=&#8221;10px|25px|10px|25px|true|true&#8221; disabled=&#8221;on&#8221; global_colors_info=&#8221;{}&#8221;][\/et_pb_button][\/et_pb_column][\/et_pb_row][\/et_pb_section]<\/p>\n","protected":false},"excerpt":{"rendered":"<p>Viol\u00eancia e maus-tratos contra crian\u00e7as e adolescentes, e o papel da preven\u00e7\u00e3o, s\u00e3o tema do encontro virtual Nos dias 2, 6 e 8 de dezembro acontece o 3\u00ba F\u00f3rum de Pol\u00edticas P\u00fablicas da Sa\u00fade na Inf\u00e2ncia, promovido pela Funda\u00e7\u00e3o Jos\u00e9 Luiz Egydio Set\u00fabal, sob o tema \u201cviol\u00eancia e maus-tratos contra crian\u00e7as e adolescentes &#8211; o [&hellip;]<\/p>\n","protected":false},"author":1,"featured_media":50514,"comment_status":"open","ping_status":"open","sticky":false,"template":"","format":"standard","meta":{"_acf_changed":false,"_et_pb_use_builder":"on","_et_pb_old_content":"<h2>A maior funda\u00e7\u00e3o especializada em sa\u00fade infantil do Brasil chega aos dez anos como refer\u00eancia no ensino e na pesquisa em pediatria<\/h2>\r\nEste livro conta a hist\u00f3ria da forma\u00e7\u00e3o e dos primeiros dez anos da Funda\u00e7\u00e3o Jos\u00e9 Luiz Egydio Set\u00fabal (FJLES). Ra\u00edzes e asas narra como foi criada a maior institui\u00e7\u00e3o focada em sa\u00fade infantil no pa\u00eds. Registra seu aprendizado e atua\u00e7\u00e3o em iniciativas sociais dedicadas \u00e0 melhoria da qualidade de vida na inf\u00e2ncia; na pesquisa e ensino de conhecimento cient\u00edfico com foco em sa\u00fade infantil; e na assist\u00eancia m\u00e9dica infantojuvenil. Pelo que tem de universal e pelo que tem de \u00fanico, esse \u00e9 tamb\u00e9m o retrato do per\u00edodo de gesta\u00e7\u00e3o, nascimento, primeiros passos e inf\u00e2ncia de uma organiza\u00e7\u00e3o do ecossistema de filantropia e investimento social privado no Brasil contempor\u00e2neo.\r\n\r\nFa\u00e7a o download do livro <a href=\"http:\/\/fundacaojles.org.br\/biblioteca\/wp-content\/uploads\/2021\/11\/Raizes_e_Asas_Livro_Pag_Simples_FJLES.pdf\" target=\"_blank\" rel=\"noopener\">clicando aqui<\/a>.","_et_gb_content_width":"","inline_featured_image":false,"footnotes":""},"categories":[28],"tags":[19,44,45,46],"class_list":["post-50508","post","type-post","status-publish","format-standard","has-post-thumbnail","hentry","category-eventos","tag-filantropia","tag-livro","tag-publicacao","tag-saude-da-infancia"],"acf":[],"yoast_head":"<!-- This site is optimized with the Yoast SEO plugin v27.5 - https:\/\/yoast.com\/product\/yoast-seo-wordpress\/ -->\n<title>3\u00b0 F\u00f3rum de Pol\u00edticas P\u00fablicas da Sa\u00fade na Inf\u00e2ncia da FJLES - Funda\u00e7\u00e3o Jos\u00e9 Luiz Set\u00fabal<\/title>\n<meta name=\"description\" content=\"A hist\u00f3ria da maior funda\u00e7\u00e3o especializada em sa\u00fade infantil do Brasil chega aos dez anos como refer\u00eancia e vira livro. Leia mais.\" \/>\n<meta name=\"robots\" content=\"index, follow, max-snippet:-1, max-image-preview:large, max-video-preview:-1\" \/>\n<link rel=\"canonical\" href=\"https:\/\/fundacaojles.org.br\/biblioteca\/2021\/11\/29\/3-forum-de-politicas-publicas-da-saude-na-infancia-da-fundacao-jose-luiz-egydio-setubal\/\" \/>\n<meta property=\"og:locale\" content=\"pt_BR\" \/>\n<meta property=\"og:type\" content=\"article\" \/>\n<meta property=\"og:title\" content=\"3\u00b0 F\u00f3rum de Pol\u00edticas P\u00fablicas da Sa\u00fade na Inf\u00e2ncia da FJLES - Funda\u00e7\u00e3o Jos\u00e9 Luiz Set\u00fabal\" \/>\n<meta property=\"og:description\" content=\"A hist\u00f3ria da maior funda\u00e7\u00e3o especializada em sa\u00fade infantil do Brasil chega aos dez anos como refer\u00eancia e vira livro. Leia mais.\" \/>\n<meta property=\"og:url\" content=\"https:\/\/fundacaojles.org.br\/biblioteca\/2021\/11\/29\/3-forum-de-politicas-publicas-da-saude-na-infancia-da-fundacao-jose-luiz-egydio-setubal\/\" \/>\n<meta property=\"og:site_name\" content=\"Funda\u00e7\u00e3o Jos\u00e9 Luiz Set\u00fabal\" \/>\n<meta property=\"article:published_time\" content=\"2021-11-30T02:22:30+00:00\" \/>\n<meta property=\"article:modified_time\" content=\"2022-02-13T14:50:57+00:00\" \/>\n<meta property=\"og:image\" content=\"https:\/\/fundacaojles.org.br\/biblioteca\/wp-content\/uploads\/2021\/11\/banner-3-forum-post-1.jpg\" \/>\n\t<meta property=\"og:image:width\" content=\"1500\" \/>\n\t<meta property=\"og:image:height\" content=\"1000\" \/>\n\t<meta property=\"og:image:type\" content=\"image\/jpeg\" \/>\n<meta name=\"author\" content=\"Equipe FJLES\" \/>\n<meta name=\"twitter:card\" content=\"summary_large_image\" \/>\n<meta name=\"twitter:label1\" content=\"Escrito por\" \/>\n\t<meta name=\"twitter:data1\" content=\"Equipe FJLES\" \/>\n\t<meta name=\"twitter:label2\" content=\"Est. tempo de leitura\" \/>\n\t<meta name=\"twitter:data2\" content=\"1 minuto\" \/>\n<script type=\"application\/ld+json\" class=\"yoast-schema-graph\">{\"@context\":\"https:\\\/\\\/schema.org\",\"@graph\":[{\"@type\":\"Article\",\"@id\":\"https:\\\/\\\/fundacaojles.org.br\\\/biblioteca\\\/2021\\\/11\\\/29\\\/3-forum-de-politicas-publicas-da-saude-na-infancia-da-fundacao-jose-luiz-egydio-setubal\\\/#article\",\"isPartOf\":{\"@id\":\"https:\\\/\\\/fundacaojles.org.br\\\/biblioteca\\\/2021\\\/11\\\/29\\\/3-forum-de-politicas-publicas-da-saude-na-infancia-da-fundacao-jose-luiz-egydio-setubal\\\/\"},\"author\":{\"name\":\"Equipe FJLES\",\"@id\":\"https:\\\/\\\/fundacaojles.org.br\\\/biblioteca\\\/#\\\/schema\\\/person\\\/e94ff71cb76bb9c28d581520dbd137a2\"},\"headline\":\"3\u00b0 F\u00f3rum de Pol\u00edticas P\u00fablicas da Sa\u00fade na Inf\u00e2ncia da FJLES\",\"datePublished\":\"2021-11-30T02:22:30+00:00\",\"dateModified\":\"2022-02-13T14:50:57+00:00\",\"mainEntityOfPage\":{\"@id\":\"https:\\\/\\\/fundacaojles.org.br\\\/biblioteca\\\/2021\\\/11\\\/29\\\/3-forum-de-politicas-publicas-da-saude-na-infancia-da-fundacao-jose-luiz-egydio-setubal\\\/\"},\"wordCount\":1667,\"commentCount\":0,\"image\":{\"@id\":\"https:\\\/\\\/fundacaojles.org.br\\\/biblioteca\\\/2021\\\/11\\\/29\\\/3-forum-de-politicas-publicas-da-saude-na-infancia-da-fundacao-jose-luiz-egydio-setubal\\\/#primaryimage\"},\"thumbnailUrl\":\"https:\\\/\\\/fundacaojles.org.br\\\/biblioteca\\\/wp-content\\\/uploads\\\/2021\\\/11\\\/banner-3-forum-post-1.jpg\",\"keywords\":[\"Filantropia\",\"Livro\",\"Publica\u00e7\u00e3o\",\"Sa\u00fade da Inf\u00e2ncia\"],\"articleSection\":[\"Eventos\"],\"inLanguage\":\"pt-BR\",\"potentialAction\":[{\"@type\":\"CommentAction\",\"name\":\"Comment\",\"target\":[\"https:\\\/\\\/fundacaojles.org.br\\\/biblioteca\\\/2021\\\/11\\\/29\\\/3-forum-de-politicas-publicas-da-saude-na-infancia-da-fundacao-jose-luiz-egydio-setubal\\\/#respond\"]}]},{\"@type\":\"WebPage\",\"@id\":\"https:\\\/\\\/fundacaojles.org.br\\\/biblioteca\\\/2021\\\/11\\\/29\\\/3-forum-de-politicas-publicas-da-saude-na-infancia-da-fundacao-jose-luiz-egydio-setubal\\\/\",\"url\":\"https:\\\/\\\/fundacaojles.org.br\\\/biblioteca\\\/2021\\\/11\\\/29\\\/3-forum-de-politicas-publicas-da-saude-na-infancia-da-fundacao-jose-luiz-egydio-setubal\\\/\",\"name\":\"3\u00b0 F\u00f3rum de Pol\u00edticas P\u00fablicas da Sa\u00fade na Inf\u00e2ncia da FJLES - Funda\u00e7\u00e3o Jos\u00e9 Luiz Set\u00fabal\",\"isPartOf\":{\"@id\":\"https:\\\/\\\/fundacaojles.org.br\\\/biblioteca\\\/#website\"},\"primaryImageOfPage\":{\"@id\":\"https:\\\/\\\/fundacaojles.org.br\\\/biblioteca\\\/2021\\\/11\\\/29\\\/3-forum-de-politicas-publicas-da-saude-na-infancia-da-fundacao-jose-luiz-egydio-setubal\\\/#primaryimage\"},\"image\":{\"@id\":\"https:\\\/\\\/fundacaojles.org.br\\\/biblioteca\\\/2021\\\/11\\\/29\\\/3-forum-de-politicas-publicas-da-saude-na-infancia-da-fundacao-jose-luiz-egydio-setubal\\\/#primaryimage\"},\"thumbnailUrl\":\"https:\\\/\\\/fundacaojles.org.br\\\/biblioteca\\\/wp-content\\\/uploads\\\/2021\\\/11\\\/banner-3-forum-post-1.jpg\",\"datePublished\":\"2021-11-30T02:22:30+00:00\",\"dateModified\":\"2022-02-13T14:50:57+00:00\",\"author\":{\"@id\":\"https:\\\/\\\/fundacaojles.org.br\\\/biblioteca\\\/#\\\/schema\\\/person\\\/e94ff71cb76bb9c28d581520dbd137a2\"},\"description\":\"A hist\u00f3ria da maior funda\u00e7\u00e3o especializada em sa\u00fade infantil do Brasil chega aos dez anos como refer\u00eancia e vira livro. Leia mais.\",\"breadcrumb\":{\"@id\":\"https:\\\/\\\/fundacaojles.org.br\\\/biblioteca\\\/2021\\\/11\\\/29\\\/3-forum-de-politicas-publicas-da-saude-na-infancia-da-fundacao-jose-luiz-egydio-setubal\\\/#breadcrumb\"},\"inLanguage\":\"pt-BR\",\"potentialAction\":[{\"@type\":\"ReadAction\",\"target\":[\"https:\\\/\\\/fundacaojles.org.br\\\/biblioteca\\\/2021\\\/11\\\/29\\\/3-forum-de-politicas-publicas-da-saude-na-infancia-da-fundacao-jose-luiz-egydio-setubal\\\/\"]}]},{\"@type\":\"ImageObject\",\"inLanguage\":\"pt-BR\",\"@id\":\"https:\\\/\\\/fundacaojles.org.br\\\/biblioteca\\\/2021\\\/11\\\/29\\\/3-forum-de-politicas-publicas-da-saude-na-infancia-da-fundacao-jose-luiz-egydio-setubal\\\/#primaryimage\",\"url\":\"https:\\\/\\\/fundacaojles.org.br\\\/biblioteca\\\/wp-content\\\/uploads\\\/2021\\\/11\\\/banner-3-forum-post-1.jpg\",\"contentUrl\":\"https:\\\/\\\/fundacaojles.org.br\\\/biblioteca\\\/wp-content\\\/uploads\\\/2021\\\/11\\\/banner-3-forum-post-1.jpg\",\"width\":1500,\"height\":1000},{\"@type\":\"BreadcrumbList\",\"@id\":\"https:\\\/\\\/fundacaojles.org.br\\\/biblioteca\\\/2021\\\/11\\\/29\\\/3-forum-de-politicas-publicas-da-saude-na-infancia-da-fundacao-jose-luiz-egydio-setubal\\\/#breadcrumb\",\"itemListElement\":[{\"@type\":\"ListItem\",\"position\":1,\"name\":\"In\u00edcio\",\"item\":\"https:\\\/\\\/fundacaojles.org.br\\\/biblioteca\\\/\"},{\"@type\":\"ListItem\",\"position\":2,\"name\":\"3\u00b0 F\u00f3rum de Pol\u00edticas P\u00fablicas da Sa\u00fade na Inf\u00e2ncia da FJLES\"}]},{\"@type\":\"WebSite\",\"@id\":\"https:\\\/\\\/fundacaojles.org.br\\\/biblioteca\\\/#website\",\"url\":\"https:\\\/\\\/fundacaojles.org.br\\\/biblioteca\\\/\",\"name\":\"Funda\u00e7\u00e3o Jos\u00e9 Luiz Set\u00fabal\",\"description\":\"\",\"potentialAction\":[{\"@type\":\"SearchAction\",\"target\":{\"@type\":\"EntryPoint\",\"urlTemplate\":\"https:\\\/\\\/fundacaojles.org.br\\\/biblioteca\\\/?s={search_term_string}\"},\"query-input\":{\"@type\":\"PropertyValueSpecification\",\"valueRequired\":true,\"valueName\":\"search_term_string\"}}],\"inLanguage\":\"pt-BR\"},{\"@type\":\"Person\",\"@id\":\"https:\\\/\\\/fundacaojles.org.br\\\/biblioteca\\\/#\\\/schema\\\/person\\\/e94ff71cb76bb9c28d581520dbd137a2\",\"name\":\"Equipe FJLES\",\"image\":{\"@type\":\"ImageObject\",\"inLanguage\":\"pt-BR\",\"@id\":\"https:\\\/\\\/secure.gravatar.com\\\/avatar\\\/1b2ce5b1cb60c43f8d10074e3a689d7824bf778357b559fea12a89a02835c8e8?s=96&d=mm&r=g\",\"url\":\"https:\\\/\\\/secure.gravatar.com\\\/avatar\\\/1b2ce5b1cb60c43f8d10074e3a689d7824bf778357b559fea12a89a02835c8e8?s=96&d=mm&r=g\",\"contentUrl\":\"https:\\\/\\\/secure.gravatar.com\\\/avatar\\\/1b2ce5b1cb60c43f8d10074e3a689d7824bf778357b559fea12a89a02835c8e8?s=96&d=mm&r=g\",\"caption\":\"Equipe FJLES\"}}]}<\/script>\n<!-- \/ Yoast SEO plugin. -->","yoast_head_json":{"title":"3\u00b0 F\u00f3rum de Pol\u00edticas P\u00fablicas da Sa\u00fade na Inf\u00e2ncia da FJLES - Funda\u00e7\u00e3o Jos\u00e9 Luiz Set\u00fabal","description":"A hist\u00f3ria da maior funda\u00e7\u00e3o especializada em sa\u00fade infantil do Brasil chega aos dez anos como refer\u00eancia e vira livro. Leia mais.","robots":{"index":"index","follow":"follow","max-snippet":"max-snippet:-1","max-image-preview":"max-image-preview:large","max-video-preview":"max-video-preview:-1"},"canonical":"https:\/\/fundacaojles.org.br\/biblioteca\/2021\/11\/29\/3-forum-de-politicas-publicas-da-saude-na-infancia-da-fundacao-jose-luiz-egydio-setubal\/","og_locale":"pt_BR","og_type":"article","og_title":"3\u00b0 F\u00f3rum de Pol\u00edticas P\u00fablicas da Sa\u00fade na Inf\u00e2ncia da FJLES - Funda\u00e7\u00e3o Jos\u00e9 Luiz Set\u00fabal","og_description":"A hist\u00f3ria da maior funda\u00e7\u00e3o especializada em sa\u00fade infantil do Brasil chega aos dez anos como refer\u00eancia e vira livro. Leia mais.","og_url":"https:\/\/fundacaojles.org.br\/biblioteca\/2021\/11\/29\/3-forum-de-politicas-publicas-da-saude-na-infancia-da-fundacao-jose-luiz-egydio-setubal\/","og_site_name":"Funda\u00e7\u00e3o Jos\u00e9 Luiz Set\u00fabal","article_published_time":"2021-11-30T02:22:30+00:00","article_modified_time":"2022-02-13T14:50:57+00:00","og_image":[{"width":1500,"height":1000,"url":"https:\/\/fundacaojles.org.br\/biblioteca\/wp-content\/uploads\/2021\/11\/banner-3-forum-post-1.jpg","type":"image\/jpeg"}],"author":"Equipe FJLES","twitter_card":"summary_large_image","twitter_misc":{"Escrito por":"Equipe FJLES","Est. tempo de leitura":"1 minuto"},"schema":{"@context":"https:\/\/schema.org","@graph":[{"@type":"Article","@id":"https:\/\/fundacaojles.org.br\/biblioteca\/2021\/11\/29\/3-forum-de-politicas-publicas-da-saude-na-infancia-da-fundacao-jose-luiz-egydio-setubal\/#article","isPartOf":{"@id":"https:\/\/fundacaojles.org.br\/biblioteca\/2021\/11\/29\/3-forum-de-politicas-publicas-da-saude-na-infancia-da-fundacao-jose-luiz-egydio-setubal\/"},"author":{"name":"Equipe FJLES","@id":"https:\/\/fundacaojles.org.br\/biblioteca\/#\/schema\/person\/e94ff71cb76bb9c28d581520dbd137a2"},"headline":"3\u00b0 F\u00f3rum de Pol\u00edticas P\u00fablicas da Sa\u00fade na Inf\u00e2ncia da FJLES","datePublished":"2021-11-30T02:22:30+00:00","dateModified":"2022-02-13T14:50:57+00:00","mainEntityOfPage":{"@id":"https:\/\/fundacaojles.org.br\/biblioteca\/2021\/11\/29\/3-forum-de-politicas-publicas-da-saude-na-infancia-da-fundacao-jose-luiz-egydio-setubal\/"},"wordCount":1667,"commentCount":0,"image":{"@id":"https:\/\/fundacaojles.org.br\/biblioteca\/2021\/11\/29\/3-forum-de-politicas-publicas-da-saude-na-infancia-da-fundacao-jose-luiz-egydio-setubal\/#primaryimage"},"thumbnailUrl":"https:\/\/fundacaojles.org.br\/biblioteca\/wp-content\/uploads\/2021\/11\/banner-3-forum-post-1.jpg","keywords":["Filantropia","Livro","Publica\u00e7\u00e3o","Sa\u00fade da Inf\u00e2ncia"],"articleSection":["Eventos"],"inLanguage":"pt-BR","potentialAction":[{"@type":"CommentAction","name":"Comment","target":["https:\/\/fundacaojles.org.br\/biblioteca\/2021\/11\/29\/3-forum-de-politicas-publicas-da-saude-na-infancia-da-fundacao-jose-luiz-egydio-setubal\/#respond"]}]},{"@type":"WebPage","@id":"https:\/\/fundacaojles.org.br\/biblioteca\/2021\/11\/29\/3-forum-de-politicas-publicas-da-saude-na-infancia-da-fundacao-jose-luiz-egydio-setubal\/","url":"https:\/\/fundacaojles.org.br\/biblioteca\/2021\/11\/29\/3-forum-de-politicas-publicas-da-saude-na-infancia-da-fundacao-jose-luiz-egydio-setubal\/","name":"3\u00b0 F\u00f3rum de Pol\u00edticas P\u00fablicas da Sa\u00fade na Inf\u00e2ncia da FJLES - Funda\u00e7\u00e3o Jos\u00e9 Luiz Set\u00fabal","isPartOf":{"@id":"https:\/\/fundacaojles.org.br\/biblioteca\/#website"},"primaryImageOfPage":{"@id":"https:\/\/fundacaojles.org.br\/biblioteca\/2021\/11\/29\/3-forum-de-politicas-publicas-da-saude-na-infancia-da-fundacao-jose-luiz-egydio-setubal\/#primaryimage"},"image":{"@id":"https:\/\/fundacaojles.org.br\/biblioteca\/2021\/11\/29\/3-forum-de-politicas-publicas-da-saude-na-infancia-da-fundacao-jose-luiz-egydio-setubal\/#primaryimage"},"thumbnailUrl":"https:\/\/fundacaojles.org.br\/biblioteca\/wp-content\/uploads\/2021\/11\/banner-3-forum-post-1.jpg","datePublished":"2021-11-30T02:22:30+00:00","dateModified":"2022-02-13T14:50:57+00:00","author":{"@id":"https:\/\/fundacaojles.org.br\/biblioteca\/#\/schema\/person\/e94ff71cb76bb9c28d581520dbd137a2"},"description":"A hist\u00f3ria da maior funda\u00e7\u00e3o especializada em sa\u00fade infantil do Brasil chega aos dez anos como refer\u00eancia e vira livro. Leia mais.","breadcrumb":{"@id":"https:\/\/fundacaojles.org.br\/biblioteca\/2021\/11\/29\/3-forum-de-politicas-publicas-da-saude-na-infancia-da-fundacao-jose-luiz-egydio-setubal\/#breadcrumb"},"inLanguage":"pt-BR","potentialAction":[{"@type":"ReadAction","target":["https:\/\/fundacaojles.org.br\/biblioteca\/2021\/11\/29\/3-forum-de-politicas-publicas-da-saude-na-infancia-da-fundacao-jose-luiz-egydio-setubal\/"]}]},{"@type":"ImageObject","inLanguage":"pt-BR","@id":"https:\/\/fundacaojles.org.br\/biblioteca\/2021\/11\/29\/3-forum-de-politicas-publicas-da-saude-na-infancia-da-fundacao-jose-luiz-egydio-setubal\/#primaryimage","url":"https:\/\/fundacaojles.org.br\/biblioteca\/wp-content\/uploads\/2021\/11\/banner-3-forum-post-1.jpg","contentUrl":"https:\/\/fundacaojles.org.br\/biblioteca\/wp-content\/uploads\/2021\/11\/banner-3-forum-post-1.jpg","width":1500,"height":1000},{"@type":"BreadcrumbList","@id":"https:\/\/fundacaojles.org.br\/biblioteca\/2021\/11\/29\/3-forum-de-politicas-publicas-da-saude-na-infancia-da-fundacao-jose-luiz-egydio-setubal\/#breadcrumb","itemListElement":[{"@type":"ListItem","position":1,"name":"In\u00edcio","item":"https:\/\/fundacaojles.org.br\/biblioteca\/"},{"@type":"ListItem","position":2,"name":"3\u00b0 F\u00f3rum de Pol\u00edticas P\u00fablicas da Sa\u00fade na Inf\u00e2ncia da FJLES"}]},{"@type":"WebSite","@id":"https:\/\/fundacaojles.org.br\/biblioteca\/#website","url":"https:\/\/fundacaojles.org.br\/biblioteca\/","name":"Funda\u00e7\u00e3o Jos\u00e9 Luiz Set\u00fabal","description":"","potentialAction":[{"@type":"SearchAction","target":{"@type":"EntryPoint","urlTemplate":"https:\/\/fundacaojles.org.br\/biblioteca\/?s={search_term_string}"},"query-input":{"@type":"PropertyValueSpecification","valueRequired":true,"valueName":"search_term_string"}}],"inLanguage":"pt-BR"},{"@type":"Person","@id":"https:\/\/fundacaojles.org.br\/biblioteca\/#\/schema\/person\/e94ff71cb76bb9c28d581520dbd137a2","name":"Equipe FJLES","image":{"@type":"ImageObject","inLanguage":"pt-BR","@id":"https:\/\/secure.gravatar.com\/avatar\/1b2ce5b1cb60c43f8d10074e3a689d7824bf778357b559fea12a89a02835c8e8?s=96&d=mm&r=g","url":"https:\/\/secure.gravatar.com\/avatar\/1b2ce5b1cb60c43f8d10074e3a689d7824bf778357b559fea12a89a02835c8e8?s=96&d=mm&r=g","contentUrl":"https:\/\/secure.gravatar.com\/avatar\/1b2ce5b1cb60c43f8d10074e3a689d7824bf778357b559fea12a89a02835c8e8?s=96&d=mm&r=g","caption":"Equipe FJLES"}}]}},"_links":{"self":[{"href":"https:\/\/fundacaojles.org.br\/biblioteca\/wp-json\/wp\/v2\/posts\/50508","targetHints":{"allow":["GET"]}}],"collection":[{"href":"https:\/\/fundacaojles.org.br\/biblioteca\/wp-json\/wp\/v2\/posts"}],"about":[{"href":"https:\/\/fundacaojles.org.br\/biblioteca\/wp-json\/wp\/v2\/types\/post"}],"author":[{"embeddable":true,"href":"https:\/\/fundacaojles.org.br\/biblioteca\/wp-json\/wp\/v2\/users\/1"}],"replies":[{"embeddable":true,"href":"https:\/\/fundacaojles.org.br\/biblioteca\/wp-json\/wp\/v2\/comments?post=50508"}],"version-history":[{"count":14,"href":"https:\/\/fundacaojles.org.br\/biblioteca\/wp-json\/wp\/v2\/posts\/50508\/revisions"}],"predecessor-version":[{"id":51871,"href":"https:\/\/fundacaojles.org.br\/biblioteca\/wp-json\/wp\/v2\/posts\/50508\/revisions\/51871"}],"wp:featuredmedia":[{"embeddable":true,"href":"https:\/\/fundacaojles.org.br\/biblioteca\/wp-json\/wp\/v2\/media\/50514"}],"wp:attachment":[{"href":"https:\/\/fundacaojles.org.br\/biblioteca\/wp-json\/wp\/v2\/media?parent=50508"}],"wp:term":[{"taxonomy":"category","embeddable":true,"href":"https:\/\/fundacaojles.org.br\/biblioteca\/wp-json\/wp\/v2\/categories?post=50508"},{"taxonomy":"post_tag","embeddable":true,"href":"https:\/\/fundacaojles.org.br\/biblioteca\/wp-json\/wp\/v2\/tags?post=50508"}],"curies":[{"name":"wp","href":"https:\/\/api.w.org\/{rel}","templated":true}]}}