{"id":53758,"date":"2022-04-14T17:07:27","date_gmt":"2022-04-14T20:07:27","guid":{"rendered":"http:\/\/fundacaojles.org.br\/biblioteca\/2022\/04\/14\/monitor-de-doacoes-vai-acompanhar-contribuicoes-de-forma-permanente\/"},"modified":"2022-04-24T19:58:28","modified_gmt":"2022-04-24T22:58:28","slug":"donation-monitor-will-monitor-contributions-on-a-permanent-basis","status":"publish","type":"post","link":"https:\/\/fundacaojles.org.br\/biblioteca\/2022\/04\/14\/donation-monitor-will-monitor-contributions-on-a-permanent-basis\/","title":{"rendered":"Donation Monitor will monitor contributions on a permanent basis"},"content":{"rendered":"<p>[et_pb_section fb_built=&#8221;1&#8243; _builder_version=&#8221;4.16&#8243; custom_padding=&#8221;0px||0px||false|false&#8221; global_colors_info=&#8221;{}&#8221;][et_pb_row _builder_version=&#8221;4.16&#8243; background_size=&#8221;initial&#8221; background_position=&#8221;top_left&#8221; background_repeat=&#8221;repeat&#8221; width=&#8221;90%&#8221; global_colors_info=&#8221;{}&#8221;][et_pb_column type=&#8221;4_4&#8243; _builder_version=&#8221;4.16&#8243; custom_padding=&#8221;|||&#8221; global_colors_info=&#8221;{}&#8221; custom_padding__hover=&#8221;|||&#8221;][et_pb_text _builder_version=&#8221;4.17.0&#8243; background_size=&#8221;initial&#8221; background_position=&#8221;top_left&#8221; background_repeat=&#8221;repeat&#8221; global_colors_info=&#8221;{}&#8221;]<\/p>\n<p><strong>Modelo \u00e9 o mesmo da plataforma que acompanhou doa\u00e7\u00f5es feitas para a\u00e7\u00f5es ligadas \u00e0 covid-19<\/strong><\/p>\n<p>A Associa\u00e7\u00e3o Brasileira de Captadores de Recursos (ABCR), em parceria com o Grupo de Institutos Funda\u00e7\u00f5es e Empresas (Gife) lan\u00e7a amanh\u00e3 o Monitor das Doa\u00e7\u00f5es, plataforma permanente que vai mapear as contribui\u00e7\u00f5es acima de R$ 3 mil feitas por pessoas f\u00edsicas e empresas para causas sociais ligadas \u00e0 sa\u00fade, educa\u00e7\u00e3o, meio ambiente, entre outras. O modelo \u00e9 o mesmo do monitor que acompanhou doa\u00e7\u00f5es feitas para a\u00e7\u00f5es ligadas \u00e0 covid-19, e que desde abril de 2020 computou mais de R$ 7,1 bilh\u00f5es, de 732 mil doadores.<\/p>\n<p>Leia a mat\u00e9ria completa no site do <a href=\"https:\/\/valor.globo.com\/empresas\/noticia\/2022\/04\/13\/monitor-de-doacoes-vai-acompanhar-contribuicoes-de-forma-permanente.ghtml\" target=\"_blank\" rel=\"noopener\">Valor Econ\u00f4mico<\/a> ou <a href=\"https:\/\/portalsinopress.com.br\/sgc\/utilitario\/clipping_detalhe.php?_id_clipping=7028602&amp;_id_pessoa=146&amp;_id_classificacao=2967&amp;_id_clipping_lista=165252\" target=\"_blank\" rel=\"noopener\">clicando aqui<\/a>.<\/p>\n<p>[\/et_pb_text][\/et_pb_column][\/et_pb_row][\/et_pb_section]<\/p>\n","protected":false},"excerpt":{"rendered":"<p>Modelo \u00e9 o mesmo da plataforma que acompanhou doa\u00e7\u00f5es feitas para a\u00e7\u00f5es ligadas \u00e0 covid-19 A Associa\u00e7\u00e3o Brasileira de Captadores de Recursos (ABCR), em parceria com o Grupo de Institutos Funda\u00e7\u00f5es e Empresas (Gife) lan\u00e7a amanh\u00e3 o Monitor das Doa\u00e7\u00f5es, plataforma permanente que vai mapear as contribui\u00e7\u00f5es acima de R$ 3 mil feitas por pessoas [&hellip;]<\/p>\n","protected":false},"author":1,"featured_media":53602,"comment_status":"open","ping_status":"open","sticky":false,"template":"","format":"standard","meta":{"_acf_changed":false,"_et_pb_use_builder":"on","_et_pb_old_content":"<h2 class=\"c-content-head__subtitle\">Maior parte das v\u00edtimas nessa faixa et\u00e1ria s\u00e3o do sexo masculino (86%), mostra relat\u00f3rio do F\u00f3rum Brasileiro de Seguran\u00e7a P\u00fablica.<\/h2><p>Em cada 10 mortes violentas intencionais na faixa et\u00e1ria de 0 a 17 anos, cerca de 8 s\u00e3o de crian\u00e7as e adolescentes negros. A maior parte das v\u00edtimas, 86%, s\u00e3o do sexo masculino, enquanto o grupo mais atingido \u00e9 o de jovens de 15 a 17 anos (82%).<\/p><p>Os dados fazem parte do novo relat\u00f3rio do F\u00f3rum Brasileiro de Seguran\u00e7a P\u00fablica, divulgado nesta quinta-feira (2), que refor\u00e7a o <a href=\"https:\/\/www1.folha.uol.com.br\/cotidiano\/2020\/08\/assassinatos-de-negros-aumentam-115-e-de-nao-negros-caem-129-mostra-atlas-da-violencia.shtml\" target=\"_blank\" rel=\"noopener\">risco de morte que homens negros jovens correm no Brasil<\/a>.<\/p><p><a href=\"https:\/\/www1.folha.uol.com.br\/cotidiano\/2021\/12\/8-em-cada-10-mortes-violentas-entre-criancas-e-adolescentes-sao-de-negros.shtml\" target=\"_blank\" rel=\"noopener\">Leia a mat\u00e9ria completa no site da Folha De S.Paulo<\/a>.<\/p>","_et_gb_content_width":"","inline_featured_image":false,"footnotes":""},"categories":[109],"tags":[110],"class_list":["post-53758","post","type-post","status-publish","format-standard","has-post-thumbnail","hentry","category-clipping-en","tag-valor-economico-en"],"acf":[],"yoast_head":"<!-- This site is optimized with the Yoast SEO plugin v27.5 - https:\/\/yoast.com\/product\/yoast-seo-wordpress\/ -->\n<title>Donation Monitor will monitor contributions on a permanent basis - Funda\u00e7\u00e3o Jos\u00e9 Luiz Set\u00fabal<\/title>\n<meta name=\"robots\" content=\"index, follow, max-snippet:-1, max-image-preview:large, max-video-preview:-1\" \/>\n<link rel=\"canonical\" href=\"https:\/\/fundacaojles.org.br\/biblioteca\/2022\/04\/14\/donation-monitor-will-monitor-contributions-on-a-permanent-basis\/\" \/>\n<meta property=\"og:locale\" content=\"pt_BR\" \/>\n<meta property=\"og:type\" content=\"article\" \/>\n<meta property=\"og:title\" content=\"Donation Monitor will monitor contributions on a permanent basis - Funda\u00e7\u00e3o Jos\u00e9 Luiz Set\u00fabal\" \/>\n<meta property=\"og:description\" content=\"Modelo \u00e9 o mesmo da plataforma que acompanhou doa\u00e7\u00f5es feitas para a\u00e7\u00f5es ligadas \u00e0 covid-19 A Associa\u00e7\u00e3o Brasileira de Captadores de Recursos (ABCR), em parceria com o Grupo de Institutos Funda\u00e7\u00f5es e Empresas (Gife) lan\u00e7a amanh\u00e3 o Monitor das Doa\u00e7\u00f5es, plataforma permanente que vai mapear as contribui\u00e7\u00f5es acima de R$ 3 mil feitas por pessoas [&hellip;]\" \/>\n<meta property=\"og:url\" content=\"https:\/\/fundacaojles.org.br\/biblioteca\/2022\/04\/14\/donation-monitor-will-monitor-contributions-on-a-permanent-basis\/\" \/>\n<meta property=\"og:site_name\" content=\"Funda\u00e7\u00e3o Jos\u00e9 Luiz Set\u00fabal\" \/>\n<meta property=\"article:published_time\" content=\"2022-04-14T20:07:27+00:00\" \/>\n<meta property=\"article:modified_time\" content=\"2022-04-24T22:58:28+00:00\" \/>\n<meta property=\"og:image\" content=\"https:\/\/fundacaojles.org.br\/biblioteca\/wp-content\/uploads\/2022\/04\/monitor-de-doacoes-vai-acompanhar-contribuicoes-de-forma-permanente.jpg\" \/>\n\t<meta property=\"og:image:width\" content=\"1920\" \/>\n\t<meta property=\"og:image:height\" content=\"1299\" \/>\n\t<meta property=\"og:image:type\" content=\"image\/jpeg\" \/>\n<meta name=\"author\" content=\"Equipe FJLES\" \/>\n<meta name=\"twitter:card\" content=\"summary_large_image\" \/>\n<meta name=\"twitter:label1\" content=\"Escrito por\" \/>\n\t<meta name=\"twitter:data1\" content=\"Equipe FJLES\" \/>\n\t<meta name=\"twitter:label2\" content=\"Est. tempo de leitura\" \/>\n\t<meta name=\"twitter:data2\" content=\"1 minuto\" \/>\n<script type=\"application\/ld+json\" class=\"yoast-schema-graph\">{\"@context\":\"https:\\\/\\\/schema.org\",\"@graph\":[{\"@type\":\"Article\",\"@id\":\"https:\\\/\\\/fundacaojles.org.br\\\/biblioteca\\\/2022\\\/04\\\/14\\\/donation-monitor-will-monitor-contributions-on-a-permanent-basis\\\/#article\",\"isPartOf\":{\"@id\":\"https:\\\/\\\/fundacaojles.org.br\\\/biblioteca\\\/2022\\\/04\\\/14\\\/donation-monitor-will-monitor-contributions-on-a-permanent-basis\\\/\"},\"author\":{\"name\":\"Equipe FJLES\",\"@id\":\"https:\\\/\\\/fundacaojles.org.br\\\/biblioteca\\\/#\\\/schema\\\/person\\\/e94ff71cb76bb9c28d581520dbd137a2\"},\"headline\":\"Donation Monitor will monitor contributions on a permanent basis\",\"datePublished\":\"2022-04-14T20:07:27+00:00\",\"dateModified\":\"2022-04-24T22:58:28+00:00\",\"mainEntityOfPage\":{\"@id\":\"https:\\\/\\\/fundacaojles.org.br\\\/biblioteca\\\/2022\\\/04\\\/14\\\/donation-monitor-will-monitor-contributions-on-a-permanent-basis\\\/\"},\"wordCount\":207,\"commentCount\":0,\"image\":{\"@id\":\"https:\\\/\\\/fundacaojles.org.br\\\/biblioteca\\\/2022\\\/04\\\/14\\\/donation-monitor-will-monitor-contributions-on-a-permanent-basis\\\/#primaryimage\"},\"thumbnailUrl\":\"https:\\\/\\\/fundacaojles.org.br\\\/biblioteca\\\/wp-content\\\/uploads\\\/2022\\\/04\\\/monitor-de-doacoes-vai-acompanhar-contribuicoes-de-forma-permanente.jpg\",\"keywords\":[\"Valor Econ\u00f4mico\"],\"articleSection\":[\"Clipping\"],\"inLanguage\":\"pt-BR\",\"potentialAction\":[{\"@type\":\"CommentAction\",\"name\":\"Comment\",\"target\":[\"https:\\\/\\\/fundacaojles.org.br\\\/biblioteca\\\/2022\\\/04\\\/14\\\/donation-monitor-will-monitor-contributions-on-a-permanent-basis\\\/#respond\"]}]},{\"@type\":\"WebPage\",\"@id\":\"https:\\\/\\\/fundacaojles.org.br\\\/biblioteca\\\/2022\\\/04\\\/14\\\/donation-monitor-will-monitor-contributions-on-a-permanent-basis\\\/\",\"url\":\"https:\\\/\\\/fundacaojles.org.br\\\/biblioteca\\\/2022\\\/04\\\/14\\\/donation-monitor-will-monitor-contributions-on-a-permanent-basis\\\/\",\"name\":\"Donation Monitor will monitor contributions on a permanent basis - Funda\u00e7\u00e3o Jos\u00e9 Luiz Set\u00fabal\",\"isPartOf\":{\"@id\":\"https:\\\/\\\/fundacaojles.org.br\\\/biblioteca\\\/#website\"},\"primaryImageOfPage\":{\"@id\":\"https:\\\/\\\/fundacaojles.org.br\\\/biblioteca\\\/2022\\\/04\\\/14\\\/donation-monitor-will-monitor-contributions-on-a-permanent-basis\\\/#primaryimage\"},\"image\":{\"@id\":\"https:\\\/\\\/fundacaojles.org.br\\\/biblioteca\\\/2022\\\/04\\\/14\\\/donation-monitor-will-monitor-contributions-on-a-permanent-basis\\\/#primaryimage\"},\"thumbnailUrl\":\"https:\\\/\\\/fundacaojles.org.br\\\/biblioteca\\\/wp-content\\\/uploads\\\/2022\\\/04\\\/monitor-de-doacoes-vai-acompanhar-contribuicoes-de-forma-permanente.jpg\",\"datePublished\":\"2022-04-14T20:07:27+00:00\",\"dateModified\":\"2022-04-24T22:58:28+00:00\",\"author\":{\"@id\":\"https:\\\/\\\/fundacaojles.org.br\\\/biblioteca\\\/#\\\/schema\\\/person\\\/e94ff71cb76bb9c28d581520dbd137a2\"},\"breadcrumb\":{\"@id\":\"https:\\\/\\\/fundacaojles.org.br\\\/biblioteca\\\/2022\\\/04\\\/14\\\/donation-monitor-will-monitor-contributions-on-a-permanent-basis\\\/#breadcrumb\"},\"inLanguage\":\"pt-BR\",\"potentialAction\":[{\"@type\":\"ReadAction\",\"target\":[\"https:\\\/\\\/fundacaojles.org.br\\\/biblioteca\\\/2022\\\/04\\\/14\\\/donation-monitor-will-monitor-contributions-on-a-permanent-basis\\\/\"]}]},{\"@type\":\"ImageObject\",\"inLanguage\":\"pt-BR\",\"@id\":\"https:\\\/\\\/fundacaojles.org.br\\\/biblioteca\\\/2022\\\/04\\\/14\\\/donation-monitor-will-monitor-contributions-on-a-permanent-basis\\\/#primaryimage\",\"url\":\"https:\\\/\\\/fundacaojles.org.br\\\/biblioteca\\\/wp-content\\\/uploads\\\/2022\\\/04\\\/monitor-de-doacoes-vai-acompanhar-contribuicoes-de-forma-permanente.jpg\",\"contentUrl\":\"https:\\\/\\\/fundacaojles.org.br\\\/biblioteca\\\/wp-content\\\/uploads\\\/2022\\\/04\\\/monitor-de-doacoes-vai-acompanhar-contribuicoes-de-forma-permanente.jpg\",\"width\":1920,\"height\":1299},{\"@type\":\"BreadcrumbList\",\"@id\":\"https:\\\/\\\/fundacaojles.org.br\\\/biblioteca\\\/2022\\\/04\\\/14\\\/donation-monitor-will-monitor-contributions-on-a-permanent-basis\\\/#breadcrumb\",\"itemListElement\":[{\"@type\":\"ListItem\",\"position\":1,\"name\":\"In\u00edcio\",\"item\":\"https:\\\/\\\/fundacaojles.org.br\\\/biblioteca\\\/\"},{\"@type\":\"ListItem\",\"position\":2,\"name\":\"Donation Monitor will monitor contributions on a permanent basis\"}]},{\"@type\":\"WebSite\",\"@id\":\"https:\\\/\\\/fundacaojles.org.br\\\/biblioteca\\\/#website\",\"url\":\"https:\\\/\\\/fundacaojles.org.br\\\/biblioteca\\\/\",\"name\":\"Funda\u00e7\u00e3o Jos\u00e9 Luiz Set\u00fabal\",\"description\":\"\",\"potentialAction\":[{\"@type\":\"SearchAction\",\"target\":{\"@type\":\"EntryPoint\",\"urlTemplate\":\"https:\\\/\\\/fundacaojles.org.br\\\/biblioteca\\\/?s={search_term_string}\"},\"query-input\":{\"@type\":\"PropertyValueSpecification\",\"valueRequired\":true,\"valueName\":\"search_term_string\"}}],\"inLanguage\":\"pt-BR\"},{\"@type\":\"Person\",\"@id\":\"https:\\\/\\\/fundacaojles.org.br\\\/biblioteca\\\/#\\\/schema\\\/person\\\/e94ff71cb76bb9c28d581520dbd137a2\",\"name\":\"Equipe FJLES\",\"image\":{\"@type\":\"ImageObject\",\"inLanguage\":\"pt-BR\",\"@id\":\"https:\\\/\\\/secure.gravatar.com\\\/avatar\\\/1b2ce5b1cb60c43f8d10074e3a689d7824bf778357b559fea12a89a02835c8e8?s=96&d=mm&r=g\",\"url\":\"https:\\\/\\\/secure.gravatar.com\\\/avatar\\\/1b2ce5b1cb60c43f8d10074e3a689d7824bf778357b559fea12a89a02835c8e8?s=96&d=mm&r=g\",\"contentUrl\":\"https:\\\/\\\/secure.gravatar.com\\\/avatar\\\/1b2ce5b1cb60c43f8d10074e3a689d7824bf778357b559fea12a89a02835c8e8?s=96&d=mm&r=g\",\"caption\":\"Equipe FJLES\"}}]}<\/script>\n<!-- \/ Yoast SEO plugin. -->","yoast_head_json":{"title":"Donation Monitor will monitor contributions on a permanent basis - Funda\u00e7\u00e3o Jos\u00e9 Luiz Set\u00fabal","robots":{"index":"index","follow":"follow","max-snippet":"max-snippet:-1","max-image-preview":"max-image-preview:large","max-video-preview":"max-video-preview:-1"},"canonical":"https:\/\/fundacaojles.org.br\/biblioteca\/2022\/04\/14\/donation-monitor-will-monitor-contributions-on-a-permanent-basis\/","og_locale":"pt_BR","og_type":"article","og_title":"Donation Monitor will monitor contributions on a permanent basis - Funda\u00e7\u00e3o Jos\u00e9 Luiz Set\u00fabal","og_description":"Modelo \u00e9 o mesmo da plataforma que acompanhou doa\u00e7\u00f5es feitas para a\u00e7\u00f5es ligadas \u00e0 covid-19 A Associa\u00e7\u00e3o Brasileira de Captadores de Recursos (ABCR), em parceria com o Grupo de Institutos Funda\u00e7\u00f5es e Empresas (Gife) lan\u00e7a amanh\u00e3 o Monitor das Doa\u00e7\u00f5es, plataforma permanente que vai mapear as contribui\u00e7\u00f5es acima de R$ 3 mil feitas por pessoas [&hellip;]","og_url":"https:\/\/fundacaojles.org.br\/biblioteca\/2022\/04\/14\/donation-monitor-will-monitor-contributions-on-a-permanent-basis\/","og_site_name":"Funda\u00e7\u00e3o Jos\u00e9 Luiz Set\u00fabal","article_published_time":"2022-04-14T20:07:27+00:00","article_modified_time":"2022-04-24T22:58:28+00:00","og_image":[{"width":1920,"height":1299,"url":"https:\/\/fundacaojles.org.br\/biblioteca\/wp-content\/uploads\/2022\/04\/monitor-de-doacoes-vai-acompanhar-contribuicoes-de-forma-permanente.jpg","type":"image\/jpeg"}],"author":"Equipe FJLES","twitter_card":"summary_large_image","twitter_misc":{"Escrito por":"Equipe FJLES","Est. tempo de leitura":"1 minuto"},"schema":{"@context":"https:\/\/schema.org","@graph":[{"@type":"Article","@id":"https:\/\/fundacaojles.org.br\/biblioteca\/2022\/04\/14\/donation-monitor-will-monitor-contributions-on-a-permanent-basis\/#article","isPartOf":{"@id":"https:\/\/fundacaojles.org.br\/biblioteca\/2022\/04\/14\/donation-monitor-will-monitor-contributions-on-a-permanent-basis\/"},"author":{"name":"Equipe FJLES","@id":"https:\/\/fundacaojles.org.br\/biblioteca\/#\/schema\/person\/e94ff71cb76bb9c28d581520dbd137a2"},"headline":"Donation Monitor will monitor contributions on a permanent basis","datePublished":"2022-04-14T20:07:27+00:00","dateModified":"2022-04-24T22:58:28+00:00","mainEntityOfPage":{"@id":"https:\/\/fundacaojles.org.br\/biblioteca\/2022\/04\/14\/donation-monitor-will-monitor-contributions-on-a-permanent-basis\/"},"wordCount":207,"commentCount":0,"image":{"@id":"https:\/\/fundacaojles.org.br\/biblioteca\/2022\/04\/14\/donation-monitor-will-monitor-contributions-on-a-permanent-basis\/#primaryimage"},"thumbnailUrl":"https:\/\/fundacaojles.org.br\/biblioteca\/wp-content\/uploads\/2022\/04\/monitor-de-doacoes-vai-acompanhar-contribuicoes-de-forma-permanente.jpg","keywords":["Valor Econ\u00f4mico"],"articleSection":["Clipping"],"inLanguage":"pt-BR","potentialAction":[{"@type":"CommentAction","name":"Comment","target":["https:\/\/fundacaojles.org.br\/biblioteca\/2022\/04\/14\/donation-monitor-will-monitor-contributions-on-a-permanent-basis\/#respond"]}]},{"@type":"WebPage","@id":"https:\/\/fundacaojles.org.br\/biblioteca\/2022\/04\/14\/donation-monitor-will-monitor-contributions-on-a-permanent-basis\/","url":"https:\/\/fundacaojles.org.br\/biblioteca\/2022\/04\/14\/donation-monitor-will-monitor-contributions-on-a-permanent-basis\/","name":"Donation Monitor will monitor contributions on a permanent basis - Funda\u00e7\u00e3o Jos\u00e9 Luiz Set\u00fabal","isPartOf":{"@id":"https:\/\/fundacaojles.org.br\/biblioteca\/#website"},"primaryImageOfPage":{"@id":"https:\/\/fundacaojles.org.br\/biblioteca\/2022\/04\/14\/donation-monitor-will-monitor-contributions-on-a-permanent-basis\/#primaryimage"},"image":{"@id":"https:\/\/fundacaojles.org.br\/biblioteca\/2022\/04\/14\/donation-monitor-will-monitor-contributions-on-a-permanent-basis\/#primaryimage"},"thumbnailUrl":"https:\/\/fundacaojles.org.br\/biblioteca\/wp-content\/uploads\/2022\/04\/monitor-de-doacoes-vai-acompanhar-contribuicoes-de-forma-permanente.jpg","datePublished":"2022-04-14T20:07:27+00:00","dateModified":"2022-04-24T22:58:28+00:00","author":{"@id":"https:\/\/fundacaojles.org.br\/biblioteca\/#\/schema\/person\/e94ff71cb76bb9c28d581520dbd137a2"},"breadcrumb":{"@id":"https:\/\/fundacaojles.org.br\/biblioteca\/2022\/04\/14\/donation-monitor-will-monitor-contributions-on-a-permanent-basis\/#breadcrumb"},"inLanguage":"pt-BR","potentialAction":[{"@type":"ReadAction","target":["https:\/\/fundacaojles.org.br\/biblioteca\/2022\/04\/14\/donation-monitor-will-monitor-contributions-on-a-permanent-basis\/"]}]},{"@type":"ImageObject","inLanguage":"pt-BR","@id":"https:\/\/fundacaojles.org.br\/biblioteca\/2022\/04\/14\/donation-monitor-will-monitor-contributions-on-a-permanent-basis\/#primaryimage","url":"https:\/\/fundacaojles.org.br\/biblioteca\/wp-content\/uploads\/2022\/04\/monitor-de-doacoes-vai-acompanhar-contribuicoes-de-forma-permanente.jpg","contentUrl":"https:\/\/fundacaojles.org.br\/biblioteca\/wp-content\/uploads\/2022\/04\/monitor-de-doacoes-vai-acompanhar-contribuicoes-de-forma-permanente.jpg","width":1920,"height":1299},{"@type":"BreadcrumbList","@id":"https:\/\/fundacaojles.org.br\/biblioteca\/2022\/04\/14\/donation-monitor-will-monitor-contributions-on-a-permanent-basis\/#breadcrumb","itemListElement":[{"@type":"ListItem","position":1,"name":"In\u00edcio","item":"https:\/\/fundacaojles.org.br\/biblioteca\/"},{"@type":"ListItem","position":2,"name":"Donation Monitor will monitor contributions on a permanent basis"}]},{"@type":"WebSite","@id":"https:\/\/fundacaojles.org.br\/biblioteca\/#website","url":"https:\/\/fundacaojles.org.br\/biblioteca\/","name":"Funda\u00e7\u00e3o Jos\u00e9 Luiz Set\u00fabal","description":"","potentialAction":[{"@type":"SearchAction","target":{"@type":"EntryPoint","urlTemplate":"https:\/\/fundacaojles.org.br\/biblioteca\/?s={search_term_string}"},"query-input":{"@type":"PropertyValueSpecification","valueRequired":true,"valueName":"search_term_string"}}],"inLanguage":"pt-BR"},{"@type":"Person","@id":"https:\/\/fundacaojles.org.br\/biblioteca\/#\/schema\/person\/e94ff71cb76bb9c28d581520dbd137a2","name":"Equipe FJLES","image":{"@type":"ImageObject","inLanguage":"pt-BR","@id":"https:\/\/secure.gravatar.com\/avatar\/1b2ce5b1cb60c43f8d10074e3a689d7824bf778357b559fea12a89a02835c8e8?s=96&d=mm&r=g","url":"https:\/\/secure.gravatar.com\/avatar\/1b2ce5b1cb60c43f8d10074e3a689d7824bf778357b559fea12a89a02835c8e8?s=96&d=mm&r=g","contentUrl":"https:\/\/secure.gravatar.com\/avatar\/1b2ce5b1cb60c43f8d10074e3a689d7824bf778357b559fea12a89a02835c8e8?s=96&d=mm&r=g","caption":"Equipe FJLES"}}]}},"_links":{"self":[{"href":"https:\/\/fundacaojles.org.br\/biblioteca\/wp-json\/wp\/v2\/posts\/53758","targetHints":{"allow":["GET"]}}],"collection":[{"href":"https:\/\/fundacaojles.org.br\/biblioteca\/wp-json\/wp\/v2\/posts"}],"about":[{"href":"https:\/\/fundacaojles.org.br\/biblioteca\/wp-json\/wp\/v2\/types\/post"}],"author":[{"embeddable":true,"href":"https:\/\/fundacaojles.org.br\/biblioteca\/wp-json\/wp\/v2\/users\/1"}],"replies":[{"embeddable":true,"href":"https:\/\/fundacaojles.org.br\/biblioteca\/wp-json\/wp\/v2\/comments?post=53758"}],"version-history":[{"count":2,"href":"https:\/\/fundacaojles.org.br\/biblioteca\/wp-json\/wp\/v2\/posts\/53758\/revisions"}],"predecessor-version":[{"id":53760,"href":"https:\/\/fundacaojles.org.br\/biblioteca\/wp-json\/wp\/v2\/posts\/53758\/revisions\/53760"}],"wp:featuredmedia":[{"embeddable":true,"href":"https:\/\/fundacaojles.org.br\/biblioteca\/wp-json\/wp\/v2\/media\/53602"}],"wp:attachment":[{"href":"https:\/\/fundacaojles.org.br\/biblioteca\/wp-json\/wp\/v2\/media?parent=53758"}],"wp:term":[{"taxonomy":"category","embeddable":true,"href":"https:\/\/fundacaojles.org.br\/biblioteca\/wp-json\/wp\/v2\/categories?post=53758"},{"taxonomy":"post_tag","embeddable":true,"href":"https:\/\/fundacaojles.org.br\/biblioteca\/wp-json\/wp\/v2\/tags?post=53758"}],"curies":[{"name":"wp","href":"https:\/\/api.w.org\/{rel}","templated":true}]}}