{"id":54329,"date":"2022-10-20T21:42:34","date_gmt":"2022-10-21T00:42:34","guid":{"rendered":"http:\/\/fundacaojles.org.br\/biblioteca\/?p=54329"},"modified":"2022-10-20T21:42:34","modified_gmt":"2022-10-21T00:42:34","slug":"parquinho-do-parque-buenos-aires-e-revitalizado","status":"publish","type":"post","link":"https:\/\/fundacaojles.org.br\/biblioteca\/2022\/10\/20\/parquinho-do-parque-buenos-aires-e-revitalizado\/","title":{"rendered":"Parquinho do Parque Buenos Aires \u00e9 Revitalizado"},"content":{"rendered":"<p>A FJLES passou a custear a manuten\u00e7\u00e3o mensal do parquinho, localizado dentro do Parque Buenos Aires, pr\u00f3ximo \u00e0 Funda\u00e7\u00e3o. A parceria, que havia sido firmada em julho passado passou a ser executada pela empresa de arquitetura <a href=\"https:\/\/www.linkedin.com\/company\/erelab\/\" target=\"_blank\" rel=\"noopener\">Er\u00ea Lab<\/a>. Que esse seja um espa\u00e7o saud\u00e1vel e longevo de conviv\u00eancia para adultos e crian\u00e7as.<\/p>\n","protected":false},"excerpt":{"rendered":"<p>A FJLES passou a custear a manuten\u00e7\u00e3o mensal do parquinho, localizado dentro do Parque Buenos Aires, pr\u00f3ximo \u00e0 Funda\u00e7\u00e3o. A parceria, que havia sido firmada em julho passado passou a ser executada pela empresa de arquitetura Er\u00ea Lab. Que esse seja um espa\u00e7o saud\u00e1vel e longevo de conviv\u00eancia para adultos e crian\u00e7as.<\/p>\n","protected":false},"author":1,"featured_media":54330,"comment_status":"open","ping_status":"open","sticky":false,"template":"","format":"standard","meta":{"_acf_changed":false,"_et_pb_use_builder":"","_et_pb_old_content":"","_et_gb_content_width":"","inline_featured_image":false,"footnotes":""},"categories":[8],"tags":[76],"class_list":["post-54329","post","type-post","status-publish","format-standard","has-post-thumbnail","hentry","category-parcerias","tag-pracas"],"acf":[],"yoast_head":"<!-- This site is optimized with the Yoast SEO plugin v27.5 - https:\/\/yoast.com\/product\/yoast-seo-wordpress\/ -->\n<title>Parquinho do Parque Buenos Aires \u00e9 Revitalizado - Funda\u00e7\u00e3o Jos\u00e9 Luiz Set\u00fabal<\/title>\n<meta name=\"robots\" content=\"index, follow, max-snippet:-1, max-image-preview:large, max-video-preview:-1\" \/>\n<link rel=\"canonical\" href=\"https:\/\/fundacaojles.org.br\/biblioteca\/2022\/10\/20\/parquinho-do-parque-buenos-aires-e-revitalizado\/\" \/>\n<meta property=\"og:locale\" content=\"pt_BR\" \/>\n<meta property=\"og:type\" content=\"article\" \/>\n<meta property=\"og:title\" content=\"Parquinho do Parque Buenos Aires \u00e9 Revitalizado - Funda\u00e7\u00e3o Jos\u00e9 Luiz Set\u00fabal\" \/>\n<meta property=\"og:description\" content=\"A FJLES passou a custear a manuten\u00e7\u00e3o mensal do parquinho, localizado dentro do Parque Buenos Aires, pr\u00f3ximo \u00e0 Funda\u00e7\u00e3o. A parceria, que havia sido firmada em julho passado passou a ser executada pela empresa de arquitetura Er\u00ea Lab. Que esse seja um espa\u00e7o saud\u00e1vel e longevo de conviv\u00eancia para adultos e crian\u00e7as.\" \/>\n<meta property=\"og:url\" content=\"https:\/\/fundacaojles.org.br\/biblioteca\/2022\/10\/20\/parquinho-do-parque-buenos-aires-e-revitalizado\/\" \/>\n<meta property=\"og:site_name\" content=\"Funda\u00e7\u00e3o Jos\u00e9 Luiz Set\u00fabal\" \/>\n<meta property=\"article:published_time\" content=\"2022-10-21T00:42:34+00:00\" \/>\n<meta property=\"og:image\" content=\"https:\/\/fundacaojles.org.br\/biblioteca\/wp-content\/uploads\/2022\/10\/1664284128280.jpg\" \/>\n\t<meta property=\"og:image:width\" content=\"1600\" \/>\n\t<meta property=\"og:image:height\" content=\"1200\" \/>\n\t<meta property=\"og:image:type\" content=\"image\/jpeg\" \/>\n<meta name=\"author\" content=\"Equipe FJLES\" \/>\n<meta name=\"twitter:card\" content=\"summary_large_image\" \/>\n<meta name=\"twitter:label1\" content=\"Escrito por\" \/>\n\t<meta name=\"twitter:data1\" content=\"Equipe FJLES\" \/>\n<script type=\"application\/ld+json\" class=\"yoast-schema-graph\">{\"@context\":\"https:\\\/\\\/schema.org\",\"@graph\":[{\"@type\":\"Article\",\"@id\":\"https:\\\/\\\/fundacaojles.org.br\\\/biblioteca\\\/2022\\\/10\\\/20\\\/parquinho-do-parque-buenos-aires-e-revitalizado\\\/#article\",\"isPartOf\":{\"@id\":\"https:\\\/\\\/fundacaojles.org.br\\\/biblioteca\\\/2022\\\/10\\\/20\\\/parquinho-do-parque-buenos-aires-e-revitalizado\\\/\"},\"author\":{\"name\":\"Equipe FJLES\",\"@id\":\"https:\\\/\\\/fundacaojles.org.br\\\/biblioteca\\\/#\\\/schema\\\/person\\\/e94ff71cb76bb9c28d581520dbd137a2\"},\"headline\":\"Parquinho do Parque Buenos Aires \u00e9 Revitalizado\",\"datePublished\":\"2022-10-21T00:42:34+00:00\",\"mainEntityOfPage\":{\"@id\":\"https:\\\/\\\/fundacaojles.org.br\\\/biblioteca\\\/2022\\\/10\\\/20\\\/parquinho-do-parque-buenos-aires-e-revitalizado\\\/\"},\"wordCount\":64,\"commentCount\":0,\"image\":{\"@id\":\"https:\\\/\\\/fundacaojles.org.br\\\/biblioteca\\\/2022\\\/10\\\/20\\\/parquinho-do-parque-buenos-aires-e-revitalizado\\\/#primaryimage\"},\"thumbnailUrl\":\"https:\\\/\\\/fundacaojles.org.br\\\/biblioteca\\\/wp-content\\\/uploads\\\/2022\\\/10\\\/1664284128280.jpg\",\"keywords\":[\"Pra\u00e7as\"],\"articleSection\":[\"Parcerias\"],\"inLanguage\":\"pt-BR\",\"potentialAction\":[{\"@type\":\"CommentAction\",\"name\":\"Comment\",\"target\":[\"https:\\\/\\\/fundacaojles.org.br\\\/biblioteca\\\/2022\\\/10\\\/20\\\/parquinho-do-parque-buenos-aires-e-revitalizado\\\/#respond\"]}]},{\"@type\":\"WebPage\",\"@id\":\"https:\\\/\\\/fundacaojles.org.br\\\/biblioteca\\\/2022\\\/10\\\/20\\\/parquinho-do-parque-buenos-aires-e-revitalizado\\\/\",\"url\":\"https:\\\/\\\/fundacaojles.org.br\\\/biblioteca\\\/2022\\\/10\\\/20\\\/parquinho-do-parque-buenos-aires-e-revitalizado\\\/\",\"name\":\"Parquinho do Parque Buenos Aires \u00e9 Revitalizado - Funda\u00e7\u00e3o Jos\u00e9 Luiz Set\u00fabal\",\"isPartOf\":{\"@id\":\"https:\\\/\\\/fundacaojles.org.br\\\/biblioteca\\\/#website\"},\"primaryImageOfPage\":{\"@id\":\"https:\\\/\\\/fundacaojles.org.br\\\/biblioteca\\\/2022\\\/10\\\/20\\\/parquinho-do-parque-buenos-aires-e-revitalizado\\\/#primaryimage\"},\"image\":{\"@id\":\"https:\\\/\\\/fundacaojles.org.br\\\/biblioteca\\\/2022\\\/10\\\/20\\\/parquinho-do-parque-buenos-aires-e-revitalizado\\\/#primaryimage\"},\"thumbnailUrl\":\"https:\\\/\\\/fundacaojles.org.br\\\/biblioteca\\\/wp-content\\\/uploads\\\/2022\\\/10\\\/1664284128280.jpg\",\"datePublished\":\"2022-10-21T00:42:34+00:00\",\"author\":{\"@id\":\"https:\\\/\\\/fundacaojles.org.br\\\/biblioteca\\\/#\\\/schema\\\/person\\\/e94ff71cb76bb9c28d581520dbd137a2\"},\"breadcrumb\":{\"@id\":\"https:\\\/\\\/fundacaojles.org.br\\\/biblioteca\\\/2022\\\/10\\\/20\\\/parquinho-do-parque-buenos-aires-e-revitalizado\\\/#breadcrumb\"},\"inLanguage\":\"pt-BR\",\"potentialAction\":[{\"@type\":\"ReadAction\",\"target\":[\"https:\\\/\\\/fundacaojles.org.br\\\/biblioteca\\\/2022\\\/10\\\/20\\\/parquinho-do-parque-buenos-aires-e-revitalizado\\\/\"]}]},{\"@type\":\"ImageObject\",\"inLanguage\":\"pt-BR\",\"@id\":\"https:\\\/\\\/fundacaojles.org.br\\\/biblioteca\\\/2022\\\/10\\\/20\\\/parquinho-do-parque-buenos-aires-e-revitalizado\\\/#primaryimage\",\"url\":\"https:\\\/\\\/fundacaojles.org.br\\\/biblioteca\\\/wp-content\\\/uploads\\\/2022\\\/10\\\/1664284128280.jpg\",\"contentUrl\":\"https:\\\/\\\/fundacaojles.org.br\\\/biblioteca\\\/wp-content\\\/uploads\\\/2022\\\/10\\\/1664284128280.jpg\",\"width\":1600,\"height\":1200},{\"@type\":\"BreadcrumbList\",\"@id\":\"https:\\\/\\\/fundacaojles.org.br\\\/biblioteca\\\/2022\\\/10\\\/20\\\/parquinho-do-parque-buenos-aires-e-revitalizado\\\/#breadcrumb\",\"itemListElement\":[{\"@type\":\"ListItem\",\"position\":1,\"name\":\"In\u00edcio\",\"item\":\"https:\\\/\\\/fundacaojles.org.br\\\/biblioteca\\\/\"},{\"@type\":\"ListItem\",\"position\":2,\"name\":\"Parquinho do Parque Buenos Aires \u00e9 Revitalizado\"}]},{\"@type\":\"WebSite\",\"@id\":\"https:\\\/\\\/fundacaojles.org.br\\\/biblioteca\\\/#website\",\"url\":\"https:\\\/\\\/fundacaojles.org.br\\\/biblioteca\\\/\",\"name\":\"Funda\u00e7\u00e3o Jos\u00e9 Luiz Set\u00fabal\",\"description\":\"\",\"potentialAction\":[{\"@type\":\"SearchAction\",\"target\":{\"@type\":\"EntryPoint\",\"urlTemplate\":\"https:\\\/\\\/fundacaojles.org.br\\\/biblioteca\\\/?s={search_term_string}\"},\"query-input\":{\"@type\":\"PropertyValueSpecification\",\"valueRequired\":true,\"valueName\":\"search_term_string\"}}],\"inLanguage\":\"pt-BR\"},{\"@type\":\"Person\",\"@id\":\"https:\\\/\\\/fundacaojles.org.br\\\/biblioteca\\\/#\\\/schema\\\/person\\\/e94ff71cb76bb9c28d581520dbd137a2\",\"name\":\"Equipe FJLES\",\"image\":{\"@type\":\"ImageObject\",\"inLanguage\":\"pt-BR\",\"@id\":\"https:\\\/\\\/secure.gravatar.com\\\/avatar\\\/1b2ce5b1cb60c43f8d10074e3a689d7824bf778357b559fea12a89a02835c8e8?s=96&d=mm&r=g\",\"url\":\"https:\\\/\\\/secure.gravatar.com\\\/avatar\\\/1b2ce5b1cb60c43f8d10074e3a689d7824bf778357b559fea12a89a02835c8e8?s=96&d=mm&r=g\",\"contentUrl\":\"https:\\\/\\\/secure.gravatar.com\\\/avatar\\\/1b2ce5b1cb60c43f8d10074e3a689d7824bf778357b559fea12a89a02835c8e8?s=96&d=mm&r=g\",\"caption\":\"Equipe FJLES\"}}]}<\/script>\n<!-- \/ Yoast SEO plugin. -->","yoast_head_json":{"title":"Parquinho do Parque Buenos Aires \u00e9 Revitalizado - Funda\u00e7\u00e3o Jos\u00e9 Luiz Set\u00fabal","robots":{"index":"index","follow":"follow","max-snippet":"max-snippet:-1","max-image-preview":"max-image-preview:large","max-video-preview":"max-video-preview:-1"},"canonical":"https:\/\/fundacaojles.org.br\/biblioteca\/2022\/10\/20\/parquinho-do-parque-buenos-aires-e-revitalizado\/","og_locale":"pt_BR","og_type":"article","og_title":"Parquinho do Parque Buenos Aires \u00e9 Revitalizado - Funda\u00e7\u00e3o Jos\u00e9 Luiz Set\u00fabal","og_description":"A FJLES passou a custear a manuten\u00e7\u00e3o mensal do parquinho, localizado dentro do Parque Buenos Aires, pr\u00f3ximo \u00e0 Funda\u00e7\u00e3o. A parceria, que havia sido firmada em julho passado passou a ser executada pela empresa de arquitetura Er\u00ea Lab. Que esse seja um espa\u00e7o saud\u00e1vel e longevo de conviv\u00eancia para adultos e crian\u00e7as.","og_url":"https:\/\/fundacaojles.org.br\/biblioteca\/2022\/10\/20\/parquinho-do-parque-buenos-aires-e-revitalizado\/","og_site_name":"Funda\u00e7\u00e3o Jos\u00e9 Luiz Set\u00fabal","article_published_time":"2022-10-21T00:42:34+00:00","og_image":[{"width":1600,"height":1200,"url":"https:\/\/fundacaojles.org.br\/biblioteca\/wp-content\/uploads\/2022\/10\/1664284128280.jpg","type":"image\/jpeg"}],"author":"Equipe FJLES","twitter_card":"summary_large_image","twitter_misc":{"Escrito por":"Equipe FJLES"},"schema":{"@context":"https:\/\/schema.org","@graph":[{"@type":"Article","@id":"https:\/\/fundacaojles.org.br\/biblioteca\/2022\/10\/20\/parquinho-do-parque-buenos-aires-e-revitalizado\/#article","isPartOf":{"@id":"https:\/\/fundacaojles.org.br\/biblioteca\/2022\/10\/20\/parquinho-do-parque-buenos-aires-e-revitalizado\/"},"author":{"name":"Equipe FJLES","@id":"https:\/\/fundacaojles.org.br\/biblioteca\/#\/schema\/person\/e94ff71cb76bb9c28d581520dbd137a2"},"headline":"Parquinho do Parque Buenos Aires \u00e9 Revitalizado","datePublished":"2022-10-21T00:42:34+00:00","mainEntityOfPage":{"@id":"https:\/\/fundacaojles.org.br\/biblioteca\/2022\/10\/20\/parquinho-do-parque-buenos-aires-e-revitalizado\/"},"wordCount":64,"commentCount":0,"image":{"@id":"https:\/\/fundacaojles.org.br\/biblioteca\/2022\/10\/20\/parquinho-do-parque-buenos-aires-e-revitalizado\/#primaryimage"},"thumbnailUrl":"https:\/\/fundacaojles.org.br\/biblioteca\/wp-content\/uploads\/2022\/10\/1664284128280.jpg","keywords":["Pra\u00e7as"],"articleSection":["Parcerias"],"inLanguage":"pt-BR","potentialAction":[{"@type":"CommentAction","name":"Comment","target":["https:\/\/fundacaojles.org.br\/biblioteca\/2022\/10\/20\/parquinho-do-parque-buenos-aires-e-revitalizado\/#respond"]}]},{"@type":"WebPage","@id":"https:\/\/fundacaojles.org.br\/biblioteca\/2022\/10\/20\/parquinho-do-parque-buenos-aires-e-revitalizado\/","url":"https:\/\/fundacaojles.org.br\/biblioteca\/2022\/10\/20\/parquinho-do-parque-buenos-aires-e-revitalizado\/","name":"Parquinho do Parque Buenos Aires \u00e9 Revitalizado - Funda\u00e7\u00e3o Jos\u00e9 Luiz Set\u00fabal","isPartOf":{"@id":"https:\/\/fundacaojles.org.br\/biblioteca\/#website"},"primaryImageOfPage":{"@id":"https:\/\/fundacaojles.org.br\/biblioteca\/2022\/10\/20\/parquinho-do-parque-buenos-aires-e-revitalizado\/#primaryimage"},"image":{"@id":"https:\/\/fundacaojles.org.br\/biblioteca\/2022\/10\/20\/parquinho-do-parque-buenos-aires-e-revitalizado\/#primaryimage"},"thumbnailUrl":"https:\/\/fundacaojles.org.br\/biblioteca\/wp-content\/uploads\/2022\/10\/1664284128280.jpg","datePublished":"2022-10-21T00:42:34+00:00","author":{"@id":"https:\/\/fundacaojles.org.br\/biblioteca\/#\/schema\/person\/e94ff71cb76bb9c28d581520dbd137a2"},"breadcrumb":{"@id":"https:\/\/fundacaojles.org.br\/biblioteca\/2022\/10\/20\/parquinho-do-parque-buenos-aires-e-revitalizado\/#breadcrumb"},"inLanguage":"pt-BR","potentialAction":[{"@type":"ReadAction","target":["https:\/\/fundacaojles.org.br\/biblioteca\/2022\/10\/20\/parquinho-do-parque-buenos-aires-e-revitalizado\/"]}]},{"@type":"ImageObject","inLanguage":"pt-BR","@id":"https:\/\/fundacaojles.org.br\/biblioteca\/2022\/10\/20\/parquinho-do-parque-buenos-aires-e-revitalizado\/#primaryimage","url":"https:\/\/fundacaojles.org.br\/biblioteca\/wp-content\/uploads\/2022\/10\/1664284128280.jpg","contentUrl":"https:\/\/fundacaojles.org.br\/biblioteca\/wp-content\/uploads\/2022\/10\/1664284128280.jpg","width":1600,"height":1200},{"@type":"BreadcrumbList","@id":"https:\/\/fundacaojles.org.br\/biblioteca\/2022\/10\/20\/parquinho-do-parque-buenos-aires-e-revitalizado\/#breadcrumb","itemListElement":[{"@type":"ListItem","position":1,"name":"In\u00edcio","item":"https:\/\/fundacaojles.org.br\/biblioteca\/"},{"@type":"ListItem","position":2,"name":"Parquinho do Parque Buenos Aires \u00e9 Revitalizado"}]},{"@type":"WebSite","@id":"https:\/\/fundacaojles.org.br\/biblioteca\/#website","url":"https:\/\/fundacaojles.org.br\/biblioteca\/","name":"Funda\u00e7\u00e3o Jos\u00e9 Luiz Set\u00fabal","description":"","potentialAction":[{"@type":"SearchAction","target":{"@type":"EntryPoint","urlTemplate":"https:\/\/fundacaojles.org.br\/biblioteca\/?s={search_term_string}"},"query-input":{"@type":"PropertyValueSpecification","valueRequired":true,"valueName":"search_term_string"}}],"inLanguage":"pt-BR"},{"@type":"Person","@id":"https:\/\/fundacaojles.org.br\/biblioteca\/#\/schema\/person\/e94ff71cb76bb9c28d581520dbd137a2","name":"Equipe FJLES","image":{"@type":"ImageObject","inLanguage":"pt-BR","@id":"https:\/\/secure.gravatar.com\/avatar\/1b2ce5b1cb60c43f8d10074e3a689d7824bf778357b559fea12a89a02835c8e8?s=96&d=mm&r=g","url":"https:\/\/secure.gravatar.com\/avatar\/1b2ce5b1cb60c43f8d10074e3a689d7824bf778357b559fea12a89a02835c8e8?s=96&d=mm&r=g","contentUrl":"https:\/\/secure.gravatar.com\/avatar\/1b2ce5b1cb60c43f8d10074e3a689d7824bf778357b559fea12a89a02835c8e8?s=96&d=mm&r=g","caption":"Equipe FJLES"}}]}},"_links":{"self":[{"href":"https:\/\/fundacaojles.org.br\/biblioteca\/wp-json\/wp\/v2\/posts\/54329","targetHints":{"allow":["GET"]}}],"collection":[{"href":"https:\/\/fundacaojles.org.br\/biblioteca\/wp-json\/wp\/v2\/posts"}],"about":[{"href":"https:\/\/fundacaojles.org.br\/biblioteca\/wp-json\/wp\/v2\/types\/post"}],"author":[{"embeddable":true,"href":"https:\/\/fundacaojles.org.br\/biblioteca\/wp-json\/wp\/v2\/users\/1"}],"replies":[{"embeddable":true,"href":"https:\/\/fundacaojles.org.br\/biblioteca\/wp-json\/wp\/v2\/comments?post=54329"}],"version-history":[{"count":1,"href":"https:\/\/fundacaojles.org.br\/biblioteca\/wp-json\/wp\/v2\/posts\/54329\/revisions"}],"predecessor-version":[{"id":54332,"href":"https:\/\/fundacaojles.org.br\/biblioteca\/wp-json\/wp\/v2\/posts\/54329\/revisions\/54332"}],"wp:featuredmedia":[{"embeddable":true,"href":"https:\/\/fundacaojles.org.br\/biblioteca\/wp-json\/wp\/v2\/media\/54330"}],"wp:attachment":[{"href":"https:\/\/fundacaojles.org.br\/biblioteca\/wp-json\/wp\/v2\/media?parent=54329"}],"wp:term":[{"taxonomy":"category","embeddable":true,"href":"https:\/\/fundacaojles.org.br\/biblioteca\/wp-json\/wp\/v2\/categories?post=54329"},{"taxonomy":"post_tag","embeddable":true,"href":"https:\/\/fundacaojles.org.br\/biblioteca\/wp-json\/wp\/v2\/tags?post=54329"}],"curies":[{"name":"wp","href":"https:\/\/api.w.org\/{rel}","templated":true}]}}