{"id":55407,"date":"2024-01-12T17:23:21","date_gmt":"2024-01-12T20:23:21","guid":{"rendered":"https:\/\/fundacaojles.org.br\/biblioteca\/?p=55407"},"modified":"2024-01-12T17:28:14","modified_gmt":"2024-01-12T20:28:14","slug":"fjles-defende-vacina-contra-covid-19-para-menores-de-5-anos","status":"publish","type":"post","link":"https:\/\/fundacaojles.org.br\/biblioteca\/2024\/01\/12\/fjles-defende-vacina-contra-covid-19-para-menores-de-5-anos\/","title":{"rendered":"FJLES defende vacina contra Covid-19 para menores de 5 anos"},"content":{"rendered":"<h2><b>FJLES apoia principal autoridade sobre imuniza\u00e7\u00f5es no pa\u00eds e recomenda vacina contra Covid-19 em menores de 5 anos.<\/b><\/h2>\n<p style=\"font-weight: 400;\">A Funda\u00e7\u00e3o Jos\u00e9 Luiz Egydio Set\u00fabal \u2013 maior funda\u00e7\u00e3o familiar que atua pela sa\u00fade das crian\u00e7as brasileiras \u00ad\u2013 apoia a obrigatoriedade da vacina\u00e7\u00e3o de crian\u00e7as de 6 meses a 5 anos, e se une \u00e0 manifesta\u00e7\u00e3o da SBIm (Sociedade Brasileira de Imuniza\u00e7\u00f5es) ap\u00f3s o Conselho Federal de Medicina (CFM) abrir uma consulta para avaliar a opini\u00e3o da classe m\u00e9dica a respeito do tema.<\/p>\n<p style=\"font-weight: 400;\">A Funda\u00e7\u00e3o \u00e9 mantenedora do Sabar\u00e1 Hospital Infantil, refer\u00eancia nacional no atendimento a crian\u00e7as, e do Instituto PENSI, que desenvolve pesquisas de ponta sobre sa\u00fade infantil. Salienta que as vacinas s\u00e3o seguras para crian\u00e7as menores de 5 anos e n\u00e3o v\u00ea necessidade de uma pesquisa de opini\u00e3o entre m\u00e9dicos. A incid\u00eancia da mortalidade pela doen\u00e7a na faixa-et\u00e1ria vem aumentando desde 2022, e levantar d\u00favidas sobre a imuniza\u00e7\u00e3o \u00e9 um desservi\u00e7o \u00e0 sociedade.<\/p>\n<p style=\"font-weight: 400;\">Desta forma, nos unimos \u00e0 SBIm, que re\u00fane as principais autoridades sobre imuniza\u00e7\u00e3o no pa\u00eds, e reiteramos seu posicionamento\u00a0<a href=\"https:\/\/sbim.org.br\/noticias\/1857-posicionamento-pesquisa-do-cfm-sobre-a-obrigatoriedade-da-vacinacao-de-criancas-de-6-meses-a-menores-de-5-anos-contra-a-covid-19\" target=\"_blank\" rel=\"noopener\" data-saferedirecturl=\"https:\/\/www.google.com\/url?q=https:\/\/sbim.org.br\/noticias\/1857-posicionamento-pesquisa-do-cfm-sobre-a-obrigatoriedade-da-vacinacao-de-criancas-de-6-meses-a-menores-de-5-anos-contra-a-covid-19&amp;source=gmail&amp;ust=1705172032165000&amp;usg=AOvVaw2-HfzZRHSLoM6NOxYXhY6Y\">aqui.<\/a><\/p>\n","protected":false},"excerpt":{"rendered":"<p>FJLES apoia principal autoridade sobre imuniza\u00e7\u00f5es no pa\u00eds e recomenda vacina contra Covid-19 em menores de 5 anos. A Funda\u00e7\u00e3o Jos\u00e9 Luiz Egydio Set\u00fabal \u2013 maior funda\u00e7\u00e3o familiar que atua pela sa\u00fade das crian\u00e7as brasileiras \u00ad\u2013 apoia a obrigatoriedade da vacina\u00e7\u00e3o de crian\u00e7as de 6 meses a 5 anos, e se une \u00e0 manifesta\u00e7\u00e3o da [&hellip;]<\/p>\n","protected":false},"author":1,"featured_media":55411,"comment_status":"open","ping_status":"open","sticky":false,"template":"","format":"standard","meta":{"_acf_changed":false,"_et_pb_use_builder":"","_et_pb_old_content":"","_et_gb_content_width":"","inline_featured_image":false,"footnotes":""},"categories":[8],"tags":[76],"class_list":["post-55407","post","type-post","status-publish","format-standard","has-post-thumbnail","hentry","category-parcerias","tag-pracas"],"acf":[],"yoast_head":"<!-- This site is optimized with the Yoast SEO plugin v27.5 - https:\/\/yoast.com\/product\/yoast-seo-wordpress\/ -->\n<title>FJLES defende vacina contra Covid-19 para menores de 5 anos - Funda\u00e7\u00e3o Jos\u00e9 Luiz Set\u00fabal<\/title>\n<meta name=\"robots\" content=\"index, follow, max-snippet:-1, max-image-preview:large, max-video-preview:-1\" \/>\n<link rel=\"canonical\" href=\"https:\/\/fundacaojles.org.br\/biblioteca\/2024\/01\/12\/fjles-defende-vacina-contra-covid-19-para-menores-de-5-anos\/\" \/>\n<meta property=\"og:locale\" content=\"pt_BR\" \/>\n<meta property=\"og:type\" content=\"article\" \/>\n<meta property=\"og:title\" content=\"FJLES defende vacina contra Covid-19 para menores de 5 anos - Funda\u00e7\u00e3o Jos\u00e9 Luiz Set\u00fabal\" \/>\n<meta property=\"og:description\" content=\"FJLES apoia principal autoridade sobre imuniza\u00e7\u00f5es no pa\u00eds e recomenda vacina contra Covid-19 em menores de 5 anos. A Funda\u00e7\u00e3o Jos\u00e9 Luiz Egydio Set\u00fabal \u2013 maior funda\u00e7\u00e3o familiar que atua pela sa\u00fade das crian\u00e7as brasileiras \u00ad\u2013 apoia a obrigatoriedade da vacina\u00e7\u00e3o de crian\u00e7as de 6 meses a 5 anos, e se une \u00e0 manifesta\u00e7\u00e3o da [&hellip;]\" \/>\n<meta property=\"og:url\" content=\"https:\/\/fundacaojles.org.br\/biblioteca\/2024\/01\/12\/fjles-defende-vacina-contra-covid-19-para-menores-de-5-anos\/\" \/>\n<meta property=\"og:site_name\" content=\"Funda\u00e7\u00e3o Jos\u00e9 Luiz Set\u00fabal\" \/>\n<meta property=\"article:published_time\" content=\"2024-01-12T20:23:21+00:00\" \/>\n<meta property=\"article:modified_time\" content=\"2024-01-12T20:28:14+00:00\" \/>\n<meta property=\"og:image\" content=\"https:\/\/fundacaojles.org.br\/biblioteca\/wp-content\/uploads\/2024\/01\/nota-fjles-vacina-infantil-covid-19-thumb.jpg\" \/>\n\t<meta property=\"og:image:width\" content=\"1920\" \/>\n\t<meta property=\"og:image:height\" content=\"1080\" \/>\n\t<meta property=\"og:image:type\" content=\"image\/jpeg\" \/>\n<meta name=\"author\" content=\"Equipe FJLES\" \/>\n<meta name=\"twitter:card\" content=\"summary_large_image\" \/>\n<meta name=\"twitter:label1\" content=\"Escrito por\" \/>\n\t<meta name=\"twitter:data1\" content=\"Equipe FJLES\" \/>\n\t<meta name=\"twitter:label2\" content=\"Est. tempo de leitura\" \/>\n\t<meta name=\"twitter:data2\" content=\"1 minuto\" \/>\n<script type=\"application\/ld+json\" class=\"yoast-schema-graph\">{\"@context\":\"https:\\\/\\\/schema.org\",\"@graph\":[{\"@type\":\"Article\",\"@id\":\"https:\\\/\\\/fundacaojles.org.br\\\/biblioteca\\\/2024\\\/01\\\/12\\\/fjles-defende-vacina-contra-covid-19-para-menores-de-5-anos\\\/#article\",\"isPartOf\":{\"@id\":\"https:\\\/\\\/fundacaojles.org.br\\\/biblioteca\\\/2024\\\/01\\\/12\\\/fjles-defende-vacina-contra-covid-19-para-menores-de-5-anos\\\/\"},\"author\":{\"name\":\"Equipe FJLES\",\"@id\":\"https:\\\/\\\/fundacaojles.org.br\\\/biblioteca\\\/#\\\/schema\\\/person\\\/e94ff71cb76bb9c28d581520dbd137a2\"},\"headline\":\"FJLES defende vacina contra Covid-19 para menores de 5 anos\",\"datePublished\":\"2024-01-12T20:23:21+00:00\",\"dateModified\":\"2024-01-12T20:28:14+00:00\",\"mainEntityOfPage\":{\"@id\":\"https:\\\/\\\/fundacaojles.org.br\\\/biblioteca\\\/2024\\\/01\\\/12\\\/fjles-defende-vacina-contra-covid-19-para-menores-de-5-anos\\\/\"},\"wordCount\":202,\"commentCount\":0,\"image\":{\"@id\":\"https:\\\/\\\/fundacaojles.org.br\\\/biblioteca\\\/2024\\\/01\\\/12\\\/fjles-defende-vacina-contra-covid-19-para-menores-de-5-anos\\\/#primaryimage\"},\"thumbnailUrl\":\"https:\\\/\\\/fundacaojles.org.br\\\/biblioteca\\\/wp-content\\\/uploads\\\/2024\\\/01\\\/nota-fjles-vacina-infantil-covid-19-thumb.jpg\",\"keywords\":[\"Pra\u00e7as\"],\"articleSection\":[\"Parcerias\"],\"inLanguage\":\"pt-BR\",\"potentialAction\":[{\"@type\":\"CommentAction\",\"name\":\"Comment\",\"target\":[\"https:\\\/\\\/fundacaojles.org.br\\\/biblioteca\\\/2024\\\/01\\\/12\\\/fjles-defende-vacina-contra-covid-19-para-menores-de-5-anos\\\/#respond\"]}]},{\"@type\":\"WebPage\",\"@id\":\"https:\\\/\\\/fundacaojles.org.br\\\/biblioteca\\\/2024\\\/01\\\/12\\\/fjles-defende-vacina-contra-covid-19-para-menores-de-5-anos\\\/\",\"url\":\"https:\\\/\\\/fundacaojles.org.br\\\/biblioteca\\\/2024\\\/01\\\/12\\\/fjles-defende-vacina-contra-covid-19-para-menores-de-5-anos\\\/\",\"name\":\"FJLES defende vacina contra Covid-19 para menores de 5 anos - Funda\u00e7\u00e3o Jos\u00e9 Luiz Set\u00fabal\",\"isPartOf\":{\"@id\":\"https:\\\/\\\/fundacaojles.org.br\\\/biblioteca\\\/#website\"},\"primaryImageOfPage\":{\"@id\":\"https:\\\/\\\/fundacaojles.org.br\\\/biblioteca\\\/2024\\\/01\\\/12\\\/fjles-defende-vacina-contra-covid-19-para-menores-de-5-anos\\\/#primaryimage\"},\"image\":{\"@id\":\"https:\\\/\\\/fundacaojles.org.br\\\/biblioteca\\\/2024\\\/01\\\/12\\\/fjles-defende-vacina-contra-covid-19-para-menores-de-5-anos\\\/#primaryimage\"},\"thumbnailUrl\":\"https:\\\/\\\/fundacaojles.org.br\\\/biblioteca\\\/wp-content\\\/uploads\\\/2024\\\/01\\\/nota-fjles-vacina-infantil-covid-19-thumb.jpg\",\"datePublished\":\"2024-01-12T20:23:21+00:00\",\"dateModified\":\"2024-01-12T20:28:14+00:00\",\"author\":{\"@id\":\"https:\\\/\\\/fundacaojles.org.br\\\/biblioteca\\\/#\\\/schema\\\/person\\\/e94ff71cb76bb9c28d581520dbd137a2\"},\"breadcrumb\":{\"@id\":\"https:\\\/\\\/fundacaojles.org.br\\\/biblioteca\\\/2024\\\/01\\\/12\\\/fjles-defende-vacina-contra-covid-19-para-menores-de-5-anos\\\/#breadcrumb\"},\"inLanguage\":\"pt-BR\",\"potentialAction\":[{\"@type\":\"ReadAction\",\"target\":[\"https:\\\/\\\/fundacaojles.org.br\\\/biblioteca\\\/2024\\\/01\\\/12\\\/fjles-defende-vacina-contra-covid-19-para-menores-de-5-anos\\\/\"]}]},{\"@type\":\"ImageObject\",\"inLanguage\":\"pt-BR\",\"@id\":\"https:\\\/\\\/fundacaojles.org.br\\\/biblioteca\\\/2024\\\/01\\\/12\\\/fjles-defende-vacina-contra-covid-19-para-menores-de-5-anos\\\/#primaryimage\",\"url\":\"https:\\\/\\\/fundacaojles.org.br\\\/biblioteca\\\/wp-content\\\/uploads\\\/2024\\\/01\\\/nota-fjles-vacina-infantil-covid-19-thumb.jpg\",\"contentUrl\":\"https:\\\/\\\/fundacaojles.org.br\\\/biblioteca\\\/wp-content\\\/uploads\\\/2024\\\/01\\\/nota-fjles-vacina-infantil-covid-19-thumb.jpg\",\"width\":1920,\"height\":1080},{\"@type\":\"BreadcrumbList\",\"@id\":\"https:\\\/\\\/fundacaojles.org.br\\\/biblioteca\\\/2024\\\/01\\\/12\\\/fjles-defende-vacina-contra-covid-19-para-menores-de-5-anos\\\/#breadcrumb\",\"itemListElement\":[{\"@type\":\"ListItem\",\"position\":1,\"name\":\"In\u00edcio\",\"item\":\"https:\\\/\\\/fundacaojles.org.br\\\/biblioteca\\\/\"},{\"@type\":\"ListItem\",\"position\":2,\"name\":\"FJLES defende vacina contra Covid-19 para menores de 5 anos\"}]},{\"@type\":\"WebSite\",\"@id\":\"https:\\\/\\\/fundacaojles.org.br\\\/biblioteca\\\/#website\",\"url\":\"https:\\\/\\\/fundacaojles.org.br\\\/biblioteca\\\/\",\"name\":\"Funda\u00e7\u00e3o Jos\u00e9 Luiz Set\u00fabal\",\"description\":\"\",\"potentialAction\":[{\"@type\":\"SearchAction\",\"target\":{\"@type\":\"EntryPoint\",\"urlTemplate\":\"https:\\\/\\\/fundacaojles.org.br\\\/biblioteca\\\/?s={search_term_string}\"},\"query-input\":{\"@type\":\"PropertyValueSpecification\",\"valueRequired\":true,\"valueName\":\"search_term_string\"}}],\"inLanguage\":\"pt-BR\"},{\"@type\":\"Person\",\"@id\":\"https:\\\/\\\/fundacaojles.org.br\\\/biblioteca\\\/#\\\/schema\\\/person\\\/e94ff71cb76bb9c28d581520dbd137a2\",\"name\":\"Equipe FJLES\",\"image\":{\"@type\":\"ImageObject\",\"inLanguage\":\"pt-BR\",\"@id\":\"https:\\\/\\\/secure.gravatar.com\\\/avatar\\\/1b2ce5b1cb60c43f8d10074e3a689d7824bf778357b559fea12a89a02835c8e8?s=96&d=mm&r=g\",\"url\":\"https:\\\/\\\/secure.gravatar.com\\\/avatar\\\/1b2ce5b1cb60c43f8d10074e3a689d7824bf778357b559fea12a89a02835c8e8?s=96&d=mm&r=g\",\"contentUrl\":\"https:\\\/\\\/secure.gravatar.com\\\/avatar\\\/1b2ce5b1cb60c43f8d10074e3a689d7824bf778357b559fea12a89a02835c8e8?s=96&d=mm&r=g\",\"caption\":\"Equipe FJLES\"}}]}<\/script>\n<!-- \/ Yoast SEO plugin. -->","yoast_head_json":{"title":"FJLES defende vacina contra Covid-19 para menores de 5 anos - Funda\u00e7\u00e3o Jos\u00e9 Luiz Set\u00fabal","robots":{"index":"index","follow":"follow","max-snippet":"max-snippet:-1","max-image-preview":"max-image-preview:large","max-video-preview":"max-video-preview:-1"},"canonical":"https:\/\/fundacaojles.org.br\/biblioteca\/2024\/01\/12\/fjles-defende-vacina-contra-covid-19-para-menores-de-5-anos\/","og_locale":"pt_BR","og_type":"article","og_title":"FJLES defende vacina contra Covid-19 para menores de 5 anos - Funda\u00e7\u00e3o Jos\u00e9 Luiz Set\u00fabal","og_description":"FJLES apoia principal autoridade sobre imuniza\u00e7\u00f5es no pa\u00eds e recomenda vacina contra Covid-19 em menores de 5 anos. A Funda\u00e7\u00e3o Jos\u00e9 Luiz Egydio Set\u00fabal \u2013 maior funda\u00e7\u00e3o familiar que atua pela sa\u00fade das crian\u00e7as brasileiras \u00ad\u2013 apoia a obrigatoriedade da vacina\u00e7\u00e3o de crian\u00e7as de 6 meses a 5 anos, e se une \u00e0 manifesta\u00e7\u00e3o da [&hellip;]","og_url":"https:\/\/fundacaojles.org.br\/biblioteca\/2024\/01\/12\/fjles-defende-vacina-contra-covid-19-para-menores-de-5-anos\/","og_site_name":"Funda\u00e7\u00e3o Jos\u00e9 Luiz Set\u00fabal","article_published_time":"2024-01-12T20:23:21+00:00","article_modified_time":"2024-01-12T20:28:14+00:00","og_image":[{"width":1920,"height":1080,"url":"https:\/\/fundacaojles.org.br\/biblioteca\/wp-content\/uploads\/2024\/01\/nota-fjles-vacina-infantil-covid-19-thumb.jpg","type":"image\/jpeg"}],"author":"Equipe FJLES","twitter_card":"summary_large_image","twitter_misc":{"Escrito por":"Equipe FJLES","Est. tempo de leitura":"1 minuto"},"schema":{"@context":"https:\/\/schema.org","@graph":[{"@type":"Article","@id":"https:\/\/fundacaojles.org.br\/biblioteca\/2024\/01\/12\/fjles-defende-vacina-contra-covid-19-para-menores-de-5-anos\/#article","isPartOf":{"@id":"https:\/\/fundacaojles.org.br\/biblioteca\/2024\/01\/12\/fjles-defende-vacina-contra-covid-19-para-menores-de-5-anos\/"},"author":{"name":"Equipe FJLES","@id":"https:\/\/fundacaojles.org.br\/biblioteca\/#\/schema\/person\/e94ff71cb76bb9c28d581520dbd137a2"},"headline":"FJLES defende vacina contra Covid-19 para menores de 5 anos","datePublished":"2024-01-12T20:23:21+00:00","dateModified":"2024-01-12T20:28:14+00:00","mainEntityOfPage":{"@id":"https:\/\/fundacaojles.org.br\/biblioteca\/2024\/01\/12\/fjles-defende-vacina-contra-covid-19-para-menores-de-5-anos\/"},"wordCount":202,"commentCount":0,"image":{"@id":"https:\/\/fundacaojles.org.br\/biblioteca\/2024\/01\/12\/fjles-defende-vacina-contra-covid-19-para-menores-de-5-anos\/#primaryimage"},"thumbnailUrl":"https:\/\/fundacaojles.org.br\/biblioteca\/wp-content\/uploads\/2024\/01\/nota-fjles-vacina-infantil-covid-19-thumb.jpg","keywords":["Pra\u00e7as"],"articleSection":["Parcerias"],"inLanguage":"pt-BR","potentialAction":[{"@type":"CommentAction","name":"Comment","target":["https:\/\/fundacaojles.org.br\/biblioteca\/2024\/01\/12\/fjles-defende-vacina-contra-covid-19-para-menores-de-5-anos\/#respond"]}]},{"@type":"WebPage","@id":"https:\/\/fundacaojles.org.br\/biblioteca\/2024\/01\/12\/fjles-defende-vacina-contra-covid-19-para-menores-de-5-anos\/","url":"https:\/\/fundacaojles.org.br\/biblioteca\/2024\/01\/12\/fjles-defende-vacina-contra-covid-19-para-menores-de-5-anos\/","name":"FJLES defende vacina contra Covid-19 para menores de 5 anos - Funda\u00e7\u00e3o Jos\u00e9 Luiz Set\u00fabal","isPartOf":{"@id":"https:\/\/fundacaojles.org.br\/biblioteca\/#website"},"primaryImageOfPage":{"@id":"https:\/\/fundacaojles.org.br\/biblioteca\/2024\/01\/12\/fjles-defende-vacina-contra-covid-19-para-menores-de-5-anos\/#primaryimage"},"image":{"@id":"https:\/\/fundacaojles.org.br\/biblioteca\/2024\/01\/12\/fjles-defende-vacina-contra-covid-19-para-menores-de-5-anos\/#primaryimage"},"thumbnailUrl":"https:\/\/fundacaojles.org.br\/biblioteca\/wp-content\/uploads\/2024\/01\/nota-fjles-vacina-infantil-covid-19-thumb.jpg","datePublished":"2024-01-12T20:23:21+00:00","dateModified":"2024-01-12T20:28:14+00:00","author":{"@id":"https:\/\/fundacaojles.org.br\/biblioteca\/#\/schema\/person\/e94ff71cb76bb9c28d581520dbd137a2"},"breadcrumb":{"@id":"https:\/\/fundacaojles.org.br\/biblioteca\/2024\/01\/12\/fjles-defende-vacina-contra-covid-19-para-menores-de-5-anos\/#breadcrumb"},"inLanguage":"pt-BR","potentialAction":[{"@type":"ReadAction","target":["https:\/\/fundacaojles.org.br\/biblioteca\/2024\/01\/12\/fjles-defende-vacina-contra-covid-19-para-menores-de-5-anos\/"]}]},{"@type":"ImageObject","inLanguage":"pt-BR","@id":"https:\/\/fundacaojles.org.br\/biblioteca\/2024\/01\/12\/fjles-defende-vacina-contra-covid-19-para-menores-de-5-anos\/#primaryimage","url":"https:\/\/fundacaojles.org.br\/biblioteca\/wp-content\/uploads\/2024\/01\/nota-fjles-vacina-infantil-covid-19-thumb.jpg","contentUrl":"https:\/\/fundacaojles.org.br\/biblioteca\/wp-content\/uploads\/2024\/01\/nota-fjles-vacina-infantil-covid-19-thumb.jpg","width":1920,"height":1080},{"@type":"BreadcrumbList","@id":"https:\/\/fundacaojles.org.br\/biblioteca\/2024\/01\/12\/fjles-defende-vacina-contra-covid-19-para-menores-de-5-anos\/#breadcrumb","itemListElement":[{"@type":"ListItem","position":1,"name":"In\u00edcio","item":"https:\/\/fundacaojles.org.br\/biblioteca\/"},{"@type":"ListItem","position":2,"name":"FJLES defende vacina contra Covid-19 para menores de 5 anos"}]},{"@type":"WebSite","@id":"https:\/\/fundacaojles.org.br\/biblioteca\/#website","url":"https:\/\/fundacaojles.org.br\/biblioteca\/","name":"Funda\u00e7\u00e3o Jos\u00e9 Luiz Set\u00fabal","description":"","potentialAction":[{"@type":"SearchAction","target":{"@type":"EntryPoint","urlTemplate":"https:\/\/fundacaojles.org.br\/biblioteca\/?s={search_term_string}"},"query-input":{"@type":"PropertyValueSpecification","valueRequired":true,"valueName":"search_term_string"}}],"inLanguage":"pt-BR"},{"@type":"Person","@id":"https:\/\/fundacaojles.org.br\/biblioteca\/#\/schema\/person\/e94ff71cb76bb9c28d581520dbd137a2","name":"Equipe FJLES","image":{"@type":"ImageObject","inLanguage":"pt-BR","@id":"https:\/\/secure.gravatar.com\/avatar\/1b2ce5b1cb60c43f8d10074e3a689d7824bf778357b559fea12a89a02835c8e8?s=96&d=mm&r=g","url":"https:\/\/secure.gravatar.com\/avatar\/1b2ce5b1cb60c43f8d10074e3a689d7824bf778357b559fea12a89a02835c8e8?s=96&d=mm&r=g","contentUrl":"https:\/\/secure.gravatar.com\/avatar\/1b2ce5b1cb60c43f8d10074e3a689d7824bf778357b559fea12a89a02835c8e8?s=96&d=mm&r=g","caption":"Equipe FJLES"}}]}},"_links":{"self":[{"href":"https:\/\/fundacaojles.org.br\/biblioteca\/wp-json\/wp\/v2\/posts\/55407","targetHints":{"allow":["GET"]}}],"collection":[{"href":"https:\/\/fundacaojles.org.br\/biblioteca\/wp-json\/wp\/v2\/posts"}],"about":[{"href":"https:\/\/fundacaojles.org.br\/biblioteca\/wp-json\/wp\/v2\/types\/post"}],"author":[{"embeddable":true,"href":"https:\/\/fundacaojles.org.br\/biblioteca\/wp-json\/wp\/v2\/users\/1"}],"replies":[{"embeddable":true,"href":"https:\/\/fundacaojles.org.br\/biblioteca\/wp-json\/wp\/v2\/comments?post=55407"}],"version-history":[{"count":2,"href":"https:\/\/fundacaojles.org.br\/biblioteca\/wp-json\/wp\/v2\/posts\/55407\/revisions"}],"predecessor-version":[{"id":55413,"href":"https:\/\/fundacaojles.org.br\/biblioteca\/wp-json\/wp\/v2\/posts\/55407\/revisions\/55413"}],"wp:featuredmedia":[{"embeddable":true,"href":"https:\/\/fundacaojles.org.br\/biblioteca\/wp-json\/wp\/v2\/media\/55411"}],"wp:attachment":[{"href":"https:\/\/fundacaojles.org.br\/biblioteca\/wp-json\/wp\/v2\/media?parent=55407"}],"wp:term":[{"taxonomy":"category","embeddable":true,"href":"https:\/\/fundacaojles.org.br\/biblioteca\/wp-json\/wp\/v2\/categories?post=55407"},{"taxonomy":"post_tag","embeddable":true,"href":"https:\/\/fundacaojles.org.br\/biblioteca\/wp-json\/wp\/v2\/tags?post=55407"}],"curies":[{"name":"wp","href":"https:\/\/api.w.org\/{rel}","templated":true}]}}