{"id":55722,"date":"2024-08-09T11:18:01","date_gmt":"2024-08-09T14:18:01","guid":{"rendered":"https:\/\/fundacaojles.org.br\/biblioteca\/?p=55722"},"modified":"2024-08-09T11:18:05","modified_gmt":"2024-08-09T14:18:05","slug":"criancas-precisam-ser-priorizadas-na-reuniao-do-g20-no-rj","status":"publish","type":"post","link":"https:\/\/fundacaojles.org.br\/biblioteca\/2024\/08\/09\/criancas-precisam-ser-priorizadas-na-reuniao-do-g20-no-rj\/","title":{"rendered":"Crian\u00e7as precisam ser priorizadas na reuni\u00e3o do G20 no RJ"},"content":{"rendered":"<p>[et_pb_section fb_built=&#8221;1&#8243; _builder_version=&#8221;4.16&#8243; custom_padding=&#8221;0px||0px||false|false&#8221; global_colors_info=&#8221;{}&#8221;][et_pb_row _builder_version=&#8221;4.16&#8243; background_size=&#8221;initial&#8221; background_position=&#8221;top_left&#8221; background_repeat=&#8221;repeat&#8221; width=&#8221;90%&#8221; global_colors_info=&#8221;{}&#8221;][et_pb_column type=&#8221;4_4&#8243; _builder_version=&#8221;4.16&#8243; custom_padding=&#8221;|||&#8221; global_colors_info=&#8221;{}&#8221; custom_padding__hover=&#8221;|||&#8221;][et_pb_text _builder_version=&#8221;4.25.1&#8243; background_size=&#8221;initial&#8221; background_position=&#8221;top_left&#8221; background_repeat=&#8221;repeat&#8221; hover_enabled=&#8221;0&#8243; global_colors_info=&#8221;{}&#8221; sticky_enabled=&#8221;0&#8243;]<\/p>\n<p>Em artigo para o Jornal O Globo, O Dr. Jos\u00e9 Luiz Egydio Set\u00fabal, presidente da FJLES, destaca a import\u00e2ncia de colocar a inf\u00e2ncia no centro das discuss\u00f5es do G20 para garantir um futuro sustent\u00e1vel. Confira o artigo acessando o site do <a href=\"https:\/\/oglobo.globo.com\/blogs\/receita-de-medico\/post\/2024\/06\/criancas-precisam-ser-priorizadas-na-reuniao-do-g20-no-rj.ghtml\" target=\"_blank\" rel=\"noopener\">O Globo<\/a> ou <a href=\"https:\/\/fundacaojles.org.br\/biblioteca\/wp-content\/uploads\/2024\/08\/artigo-oglobo-criancas-precisam-ser-priorizadas-na-reuniao-g20.jpg\" target=\"_blank\" rel=\"noopener\">clicando aqui<\/a>.<\/p>\n<p>[\/et_pb_text][\/et_pb_column][\/et_pb_row][\/et_pb_section]<\/p>\n","protected":false},"excerpt":{"rendered":"<p>Em artigo para o Jornal O Globo, O Dr. Jos\u00e9 Luiz Egydio Set\u00fabal, presidente da FJLES, destaca a import\u00e2ncia de colocar a inf\u00e2ncia no centro das discuss\u00f5es do G20 para garantir um futuro sustent\u00e1vel. Confira o artigo acessando o site do O Globo ou clicando aqui.<\/p>\n","protected":false},"author":1,"featured_media":55724,"comment_status":"open","ping_status":"open","sticky":false,"template":"","format":"standard","meta":{"_acf_changed":false,"_et_pb_use_builder":"on","_et_pb_old_content":"<h2 class=\"c-content-head__subtitle\">Maior parte das v\u00edtimas nessa faixa et\u00e1ria s\u00e3o do sexo masculino (86%), mostra relat\u00f3rio do F\u00f3rum Brasileiro de Seguran\u00e7a P\u00fablica.<\/h2><p>Em cada 10 mortes violentas intencionais na faixa et\u00e1ria de 0 a 17 anos, cerca de 8 s\u00e3o de crian\u00e7as e adolescentes negros. A maior parte das v\u00edtimas, 86%, s\u00e3o do sexo masculino, enquanto o grupo mais atingido \u00e9 o de jovens de 15 a 17 anos (82%).<\/p><p>Os dados fazem parte do novo relat\u00f3rio do F\u00f3rum Brasileiro de Seguran\u00e7a P\u00fablica, divulgado nesta quinta-feira (2), que refor\u00e7a o <a href=\"https:\/\/www1.folha.uol.com.br\/cotidiano\/2020\/08\/assassinatos-de-negros-aumentam-115-e-de-nao-negros-caem-129-mostra-atlas-da-violencia.shtml\" target=\"_blank\" rel=\"noopener\">risco de morte que homens negros jovens correm no Brasil<\/a>.<\/p><p><a href=\"https:\/\/www1.folha.uol.com.br\/cotidiano\/2021\/12\/8-em-cada-10-mortes-violentas-entre-criancas-e-adolescentes-sao-de-negros.shtml\" target=\"_blank\" rel=\"noopener\">Leia a mat\u00e9ria completa no site da Folha De S.Paulo<\/a>.<\/p>","_et_gb_content_width":"","inline_featured_image":false,"footnotes":""},"categories":[29],"tags":[234,235],"class_list":["post-55722","post","type-post","status-publish","format-standard","has-post-thumbnail","hentry","category-clipping","tag-g20","tag-infancia-saudavel"],"acf":[],"yoast_head":"<!-- This site is optimized with the Yoast SEO plugin v27.5 - https:\/\/yoast.com\/product\/yoast-seo-wordpress\/ -->\n<title>Crian\u00e7as precisam ser priorizadas na reuni\u00e3o do G20 no RJ - Funda\u00e7\u00e3o Jos\u00e9 Luiz Set\u00fabal<\/title>\n<meta name=\"robots\" content=\"index, follow, max-snippet:-1, max-image-preview:large, max-video-preview:-1\" \/>\n<link rel=\"canonical\" href=\"https:\/\/fundacaojles.org.br\/biblioteca\/2024\/08\/09\/criancas-precisam-ser-priorizadas-na-reuniao-do-g20-no-rj\/\" \/>\n<meta property=\"og:locale\" content=\"pt_BR\" \/>\n<meta property=\"og:type\" content=\"article\" \/>\n<meta property=\"og:title\" content=\"Crian\u00e7as precisam ser priorizadas na reuni\u00e3o do G20 no RJ - Funda\u00e7\u00e3o Jos\u00e9 Luiz Set\u00fabal\" \/>\n<meta property=\"og:description\" content=\"Em artigo para o Jornal O Globo, O Dr. Jos\u00e9 Luiz Egydio Set\u00fabal, presidente da FJLES, destaca a import\u00e2ncia de colocar a inf\u00e2ncia no centro das discuss\u00f5es do G20 para garantir um futuro sustent\u00e1vel. Confira o artigo acessando o site do O Globo ou clicando aqui.\" \/>\n<meta property=\"og:url\" content=\"https:\/\/fundacaojles.org.br\/biblioteca\/2024\/08\/09\/criancas-precisam-ser-priorizadas-na-reuniao-do-g20-no-rj\/\" \/>\n<meta property=\"og:site_name\" content=\"Funda\u00e7\u00e3o Jos\u00e9 Luiz Set\u00fabal\" \/>\n<meta property=\"article:published_time\" content=\"2024-08-09T14:18:01+00:00\" \/>\n<meta property=\"article:modified_time\" content=\"2024-08-09T14:18:05+00:00\" \/>\n<meta property=\"og:image\" content=\"https:\/\/fundacaojles.org.br\/biblioteca\/wp-content\/uploads\/2024\/08\/materias-criancas-precisam-ser-priorizadas-na-reuniao-g20.jpg\" \/>\n\t<meta property=\"og:image:width\" content=\"1920\" \/>\n\t<meta property=\"og:image:height\" content=\"1299\" \/>\n\t<meta property=\"og:image:type\" content=\"image\/jpeg\" \/>\n<meta name=\"author\" content=\"Equipe FJLES\" \/>\n<meta name=\"twitter:card\" content=\"summary_large_image\" \/>\n<meta name=\"twitter:label1\" content=\"Escrito por\" \/>\n\t<meta name=\"twitter:data1\" content=\"Equipe FJLES\" \/>\n\t<meta name=\"twitter:label2\" content=\"Est. tempo de leitura\" \/>\n\t<meta name=\"twitter:data2\" content=\"1 minuto\" \/>\n<script type=\"application\/ld+json\" class=\"yoast-schema-graph\">{\"@context\":\"https:\\\/\\\/schema.org\",\"@graph\":[{\"@type\":\"Article\",\"@id\":\"https:\\\/\\\/fundacaojles.org.br\\\/biblioteca\\\/2024\\\/08\\\/09\\\/criancas-precisam-ser-priorizadas-na-reuniao-do-g20-no-rj\\\/#article\",\"isPartOf\":{\"@id\":\"https:\\\/\\\/fundacaojles.org.br\\\/biblioteca\\\/2024\\\/08\\\/09\\\/criancas-precisam-ser-priorizadas-na-reuniao-do-g20-no-rj\\\/\"},\"author\":{\"name\":\"Equipe FJLES\",\"@id\":\"https:\\\/\\\/fundacaojles.org.br\\\/biblioteca\\\/#\\\/schema\\\/person\\\/e94ff71cb76bb9c28d581520dbd137a2\"},\"headline\":\"Crian\u00e7as precisam ser priorizadas na reuni\u00e3o do G20 no RJ\",\"datePublished\":\"2024-08-09T14:18:01+00:00\",\"dateModified\":\"2024-08-09T14:18:05+00:00\",\"mainEntityOfPage\":{\"@id\":\"https:\\\/\\\/fundacaojles.org.br\\\/biblioteca\\\/2024\\\/08\\\/09\\\/criancas-precisam-ser-priorizadas-na-reuniao-do-g20-no-rj\\\/\"},\"wordCount\":146,\"commentCount\":0,\"image\":{\"@id\":\"https:\\\/\\\/fundacaojles.org.br\\\/biblioteca\\\/2024\\\/08\\\/09\\\/criancas-precisam-ser-priorizadas-na-reuniao-do-g20-no-rj\\\/#primaryimage\"},\"thumbnailUrl\":\"https:\\\/\\\/fundacaojles.org.br\\\/biblioteca\\\/wp-content\\\/uploads\\\/2024\\\/08\\\/materias-criancas-precisam-ser-priorizadas-na-reuniao-g20.jpg\",\"keywords\":[\"G20\",\"Inf\u00e2ncia Saud\u00e1vel\"],\"articleSection\":[\"Clipping\"],\"inLanguage\":\"pt-BR\",\"potentialAction\":[{\"@type\":\"CommentAction\",\"name\":\"Comment\",\"target\":[\"https:\\\/\\\/fundacaojles.org.br\\\/biblioteca\\\/2024\\\/08\\\/09\\\/criancas-precisam-ser-priorizadas-na-reuniao-do-g20-no-rj\\\/#respond\"]}]},{\"@type\":\"WebPage\",\"@id\":\"https:\\\/\\\/fundacaojles.org.br\\\/biblioteca\\\/2024\\\/08\\\/09\\\/criancas-precisam-ser-priorizadas-na-reuniao-do-g20-no-rj\\\/\",\"url\":\"https:\\\/\\\/fundacaojles.org.br\\\/biblioteca\\\/2024\\\/08\\\/09\\\/criancas-precisam-ser-priorizadas-na-reuniao-do-g20-no-rj\\\/\",\"name\":\"Crian\u00e7as precisam ser priorizadas na reuni\u00e3o do G20 no RJ - Funda\u00e7\u00e3o Jos\u00e9 Luiz Set\u00fabal\",\"isPartOf\":{\"@id\":\"https:\\\/\\\/fundacaojles.org.br\\\/biblioteca\\\/#website\"},\"primaryImageOfPage\":{\"@id\":\"https:\\\/\\\/fundacaojles.org.br\\\/biblioteca\\\/2024\\\/08\\\/09\\\/criancas-precisam-ser-priorizadas-na-reuniao-do-g20-no-rj\\\/#primaryimage\"},\"image\":{\"@id\":\"https:\\\/\\\/fundacaojles.org.br\\\/biblioteca\\\/2024\\\/08\\\/09\\\/criancas-precisam-ser-priorizadas-na-reuniao-do-g20-no-rj\\\/#primaryimage\"},\"thumbnailUrl\":\"https:\\\/\\\/fundacaojles.org.br\\\/biblioteca\\\/wp-content\\\/uploads\\\/2024\\\/08\\\/materias-criancas-precisam-ser-priorizadas-na-reuniao-g20.jpg\",\"datePublished\":\"2024-08-09T14:18:01+00:00\",\"dateModified\":\"2024-08-09T14:18:05+00:00\",\"author\":{\"@id\":\"https:\\\/\\\/fundacaojles.org.br\\\/biblioteca\\\/#\\\/schema\\\/person\\\/e94ff71cb76bb9c28d581520dbd137a2\"},\"breadcrumb\":{\"@id\":\"https:\\\/\\\/fundacaojles.org.br\\\/biblioteca\\\/2024\\\/08\\\/09\\\/criancas-precisam-ser-priorizadas-na-reuniao-do-g20-no-rj\\\/#breadcrumb\"},\"inLanguage\":\"pt-BR\",\"potentialAction\":[{\"@type\":\"ReadAction\",\"target\":[\"https:\\\/\\\/fundacaojles.org.br\\\/biblioteca\\\/2024\\\/08\\\/09\\\/criancas-precisam-ser-priorizadas-na-reuniao-do-g20-no-rj\\\/\"]}]},{\"@type\":\"ImageObject\",\"inLanguage\":\"pt-BR\",\"@id\":\"https:\\\/\\\/fundacaojles.org.br\\\/biblioteca\\\/2024\\\/08\\\/09\\\/criancas-precisam-ser-priorizadas-na-reuniao-do-g20-no-rj\\\/#primaryimage\",\"url\":\"https:\\\/\\\/fundacaojles.org.br\\\/biblioteca\\\/wp-content\\\/uploads\\\/2024\\\/08\\\/materias-criancas-precisam-ser-priorizadas-na-reuniao-g20.jpg\",\"contentUrl\":\"https:\\\/\\\/fundacaojles.org.br\\\/biblioteca\\\/wp-content\\\/uploads\\\/2024\\\/08\\\/materias-criancas-precisam-ser-priorizadas-na-reuniao-g20.jpg\",\"width\":1920,\"height\":1299},{\"@type\":\"BreadcrumbList\",\"@id\":\"https:\\\/\\\/fundacaojles.org.br\\\/biblioteca\\\/2024\\\/08\\\/09\\\/criancas-precisam-ser-priorizadas-na-reuniao-do-g20-no-rj\\\/#breadcrumb\",\"itemListElement\":[{\"@type\":\"ListItem\",\"position\":1,\"name\":\"In\u00edcio\",\"item\":\"https:\\\/\\\/fundacaojles.org.br\\\/biblioteca\\\/\"},{\"@type\":\"ListItem\",\"position\":2,\"name\":\"Crian\u00e7as precisam ser priorizadas na reuni\u00e3o do G20 no RJ\"}]},{\"@type\":\"WebSite\",\"@id\":\"https:\\\/\\\/fundacaojles.org.br\\\/biblioteca\\\/#website\",\"url\":\"https:\\\/\\\/fundacaojles.org.br\\\/biblioteca\\\/\",\"name\":\"Funda\u00e7\u00e3o Jos\u00e9 Luiz Set\u00fabal\",\"description\":\"\",\"potentialAction\":[{\"@type\":\"SearchAction\",\"target\":{\"@type\":\"EntryPoint\",\"urlTemplate\":\"https:\\\/\\\/fundacaojles.org.br\\\/biblioteca\\\/?s={search_term_string}\"},\"query-input\":{\"@type\":\"PropertyValueSpecification\",\"valueRequired\":true,\"valueName\":\"search_term_string\"}}],\"inLanguage\":\"pt-BR\"},{\"@type\":\"Person\",\"@id\":\"https:\\\/\\\/fundacaojles.org.br\\\/biblioteca\\\/#\\\/schema\\\/person\\\/e94ff71cb76bb9c28d581520dbd137a2\",\"name\":\"Equipe FJLES\",\"image\":{\"@type\":\"ImageObject\",\"inLanguage\":\"pt-BR\",\"@id\":\"https:\\\/\\\/secure.gravatar.com\\\/avatar\\\/1b2ce5b1cb60c43f8d10074e3a689d7824bf778357b559fea12a89a02835c8e8?s=96&d=mm&r=g\",\"url\":\"https:\\\/\\\/secure.gravatar.com\\\/avatar\\\/1b2ce5b1cb60c43f8d10074e3a689d7824bf778357b559fea12a89a02835c8e8?s=96&d=mm&r=g\",\"contentUrl\":\"https:\\\/\\\/secure.gravatar.com\\\/avatar\\\/1b2ce5b1cb60c43f8d10074e3a689d7824bf778357b559fea12a89a02835c8e8?s=96&d=mm&r=g\",\"caption\":\"Equipe FJLES\"}}]}<\/script>\n<!-- \/ Yoast SEO plugin. -->","yoast_head_json":{"title":"Crian\u00e7as precisam ser priorizadas na reuni\u00e3o do G20 no RJ - Funda\u00e7\u00e3o Jos\u00e9 Luiz Set\u00fabal","robots":{"index":"index","follow":"follow","max-snippet":"max-snippet:-1","max-image-preview":"max-image-preview:large","max-video-preview":"max-video-preview:-1"},"canonical":"https:\/\/fundacaojles.org.br\/biblioteca\/2024\/08\/09\/criancas-precisam-ser-priorizadas-na-reuniao-do-g20-no-rj\/","og_locale":"pt_BR","og_type":"article","og_title":"Crian\u00e7as precisam ser priorizadas na reuni\u00e3o do G20 no RJ - Funda\u00e7\u00e3o Jos\u00e9 Luiz Set\u00fabal","og_description":"Em artigo para o Jornal O Globo, O Dr. Jos\u00e9 Luiz Egydio Set\u00fabal, presidente da FJLES, destaca a import\u00e2ncia de colocar a inf\u00e2ncia no centro das discuss\u00f5es do G20 para garantir um futuro sustent\u00e1vel. Confira o artigo acessando o site do O Globo ou clicando aqui.","og_url":"https:\/\/fundacaojles.org.br\/biblioteca\/2024\/08\/09\/criancas-precisam-ser-priorizadas-na-reuniao-do-g20-no-rj\/","og_site_name":"Funda\u00e7\u00e3o Jos\u00e9 Luiz Set\u00fabal","article_published_time":"2024-08-09T14:18:01+00:00","article_modified_time":"2024-08-09T14:18:05+00:00","og_image":[{"width":1920,"height":1299,"url":"https:\/\/fundacaojles.org.br\/biblioteca\/wp-content\/uploads\/2024\/08\/materias-criancas-precisam-ser-priorizadas-na-reuniao-g20.jpg","type":"image\/jpeg"}],"author":"Equipe FJLES","twitter_card":"summary_large_image","twitter_misc":{"Escrito por":"Equipe FJLES","Est. tempo de leitura":"1 minuto"},"schema":{"@context":"https:\/\/schema.org","@graph":[{"@type":"Article","@id":"https:\/\/fundacaojles.org.br\/biblioteca\/2024\/08\/09\/criancas-precisam-ser-priorizadas-na-reuniao-do-g20-no-rj\/#article","isPartOf":{"@id":"https:\/\/fundacaojles.org.br\/biblioteca\/2024\/08\/09\/criancas-precisam-ser-priorizadas-na-reuniao-do-g20-no-rj\/"},"author":{"name":"Equipe FJLES","@id":"https:\/\/fundacaojles.org.br\/biblioteca\/#\/schema\/person\/e94ff71cb76bb9c28d581520dbd137a2"},"headline":"Crian\u00e7as precisam ser priorizadas na reuni\u00e3o do G20 no RJ","datePublished":"2024-08-09T14:18:01+00:00","dateModified":"2024-08-09T14:18:05+00:00","mainEntityOfPage":{"@id":"https:\/\/fundacaojles.org.br\/biblioteca\/2024\/08\/09\/criancas-precisam-ser-priorizadas-na-reuniao-do-g20-no-rj\/"},"wordCount":146,"commentCount":0,"image":{"@id":"https:\/\/fundacaojles.org.br\/biblioteca\/2024\/08\/09\/criancas-precisam-ser-priorizadas-na-reuniao-do-g20-no-rj\/#primaryimage"},"thumbnailUrl":"https:\/\/fundacaojles.org.br\/biblioteca\/wp-content\/uploads\/2024\/08\/materias-criancas-precisam-ser-priorizadas-na-reuniao-g20.jpg","keywords":["G20","Inf\u00e2ncia Saud\u00e1vel"],"articleSection":["Clipping"],"inLanguage":"pt-BR","potentialAction":[{"@type":"CommentAction","name":"Comment","target":["https:\/\/fundacaojles.org.br\/biblioteca\/2024\/08\/09\/criancas-precisam-ser-priorizadas-na-reuniao-do-g20-no-rj\/#respond"]}]},{"@type":"WebPage","@id":"https:\/\/fundacaojles.org.br\/biblioteca\/2024\/08\/09\/criancas-precisam-ser-priorizadas-na-reuniao-do-g20-no-rj\/","url":"https:\/\/fundacaojles.org.br\/biblioteca\/2024\/08\/09\/criancas-precisam-ser-priorizadas-na-reuniao-do-g20-no-rj\/","name":"Crian\u00e7as precisam ser priorizadas na reuni\u00e3o do G20 no RJ - Funda\u00e7\u00e3o Jos\u00e9 Luiz Set\u00fabal","isPartOf":{"@id":"https:\/\/fundacaojles.org.br\/biblioteca\/#website"},"primaryImageOfPage":{"@id":"https:\/\/fundacaojles.org.br\/biblioteca\/2024\/08\/09\/criancas-precisam-ser-priorizadas-na-reuniao-do-g20-no-rj\/#primaryimage"},"image":{"@id":"https:\/\/fundacaojles.org.br\/biblioteca\/2024\/08\/09\/criancas-precisam-ser-priorizadas-na-reuniao-do-g20-no-rj\/#primaryimage"},"thumbnailUrl":"https:\/\/fundacaojles.org.br\/biblioteca\/wp-content\/uploads\/2024\/08\/materias-criancas-precisam-ser-priorizadas-na-reuniao-g20.jpg","datePublished":"2024-08-09T14:18:01+00:00","dateModified":"2024-08-09T14:18:05+00:00","author":{"@id":"https:\/\/fundacaojles.org.br\/biblioteca\/#\/schema\/person\/e94ff71cb76bb9c28d581520dbd137a2"},"breadcrumb":{"@id":"https:\/\/fundacaojles.org.br\/biblioteca\/2024\/08\/09\/criancas-precisam-ser-priorizadas-na-reuniao-do-g20-no-rj\/#breadcrumb"},"inLanguage":"pt-BR","potentialAction":[{"@type":"ReadAction","target":["https:\/\/fundacaojles.org.br\/biblioteca\/2024\/08\/09\/criancas-precisam-ser-priorizadas-na-reuniao-do-g20-no-rj\/"]}]},{"@type":"ImageObject","inLanguage":"pt-BR","@id":"https:\/\/fundacaojles.org.br\/biblioteca\/2024\/08\/09\/criancas-precisam-ser-priorizadas-na-reuniao-do-g20-no-rj\/#primaryimage","url":"https:\/\/fundacaojles.org.br\/biblioteca\/wp-content\/uploads\/2024\/08\/materias-criancas-precisam-ser-priorizadas-na-reuniao-g20.jpg","contentUrl":"https:\/\/fundacaojles.org.br\/biblioteca\/wp-content\/uploads\/2024\/08\/materias-criancas-precisam-ser-priorizadas-na-reuniao-g20.jpg","width":1920,"height":1299},{"@type":"BreadcrumbList","@id":"https:\/\/fundacaojles.org.br\/biblioteca\/2024\/08\/09\/criancas-precisam-ser-priorizadas-na-reuniao-do-g20-no-rj\/#breadcrumb","itemListElement":[{"@type":"ListItem","position":1,"name":"In\u00edcio","item":"https:\/\/fundacaojles.org.br\/biblioteca\/"},{"@type":"ListItem","position":2,"name":"Crian\u00e7as precisam ser priorizadas na reuni\u00e3o do G20 no RJ"}]},{"@type":"WebSite","@id":"https:\/\/fundacaojles.org.br\/biblioteca\/#website","url":"https:\/\/fundacaojles.org.br\/biblioteca\/","name":"Funda\u00e7\u00e3o Jos\u00e9 Luiz Set\u00fabal","description":"","potentialAction":[{"@type":"SearchAction","target":{"@type":"EntryPoint","urlTemplate":"https:\/\/fundacaojles.org.br\/biblioteca\/?s={search_term_string}"},"query-input":{"@type":"PropertyValueSpecification","valueRequired":true,"valueName":"search_term_string"}}],"inLanguage":"pt-BR"},{"@type":"Person","@id":"https:\/\/fundacaojles.org.br\/biblioteca\/#\/schema\/person\/e94ff71cb76bb9c28d581520dbd137a2","name":"Equipe FJLES","image":{"@type":"ImageObject","inLanguage":"pt-BR","@id":"https:\/\/secure.gravatar.com\/avatar\/1b2ce5b1cb60c43f8d10074e3a689d7824bf778357b559fea12a89a02835c8e8?s=96&d=mm&r=g","url":"https:\/\/secure.gravatar.com\/avatar\/1b2ce5b1cb60c43f8d10074e3a689d7824bf778357b559fea12a89a02835c8e8?s=96&d=mm&r=g","contentUrl":"https:\/\/secure.gravatar.com\/avatar\/1b2ce5b1cb60c43f8d10074e3a689d7824bf778357b559fea12a89a02835c8e8?s=96&d=mm&r=g","caption":"Equipe FJLES"}}]}},"_links":{"self":[{"href":"https:\/\/fundacaojles.org.br\/biblioteca\/wp-json\/wp\/v2\/posts\/55722","targetHints":{"allow":["GET"]}}],"collection":[{"href":"https:\/\/fundacaojles.org.br\/biblioteca\/wp-json\/wp\/v2\/posts"}],"about":[{"href":"https:\/\/fundacaojles.org.br\/biblioteca\/wp-json\/wp\/v2\/types\/post"}],"author":[{"embeddable":true,"href":"https:\/\/fundacaojles.org.br\/biblioteca\/wp-json\/wp\/v2\/users\/1"}],"replies":[{"embeddable":true,"href":"https:\/\/fundacaojles.org.br\/biblioteca\/wp-json\/wp\/v2\/comments?post=55722"}],"version-history":[{"count":3,"href":"https:\/\/fundacaojles.org.br\/biblioteca\/wp-json\/wp\/v2\/posts\/55722\/revisions"}],"predecessor-version":[{"id":55729,"href":"https:\/\/fundacaojles.org.br\/biblioteca\/wp-json\/wp\/v2\/posts\/55722\/revisions\/55729"}],"wp:featuredmedia":[{"embeddable":true,"href":"https:\/\/fundacaojles.org.br\/biblioteca\/wp-json\/wp\/v2\/media\/55724"}],"wp:attachment":[{"href":"https:\/\/fundacaojles.org.br\/biblioteca\/wp-json\/wp\/v2\/media?parent=55722"}],"wp:term":[{"taxonomy":"category","embeddable":true,"href":"https:\/\/fundacaojles.org.br\/biblioteca\/wp-json\/wp\/v2\/categories?post=55722"},{"taxonomy":"post_tag","embeddable":true,"href":"https:\/\/fundacaojles.org.br\/biblioteca\/wp-json\/wp\/v2\/tags?post=55722"}],"curies":[{"name":"wp","href":"https:\/\/api.w.org\/{rel}","templated":true}]}}