{"id":55788,"date":"2024-10-08T18:43:24","date_gmt":"2024-10-08T21:43:24","guid":{"rendered":"https:\/\/fundacaojles.org.br\/biblioteca\/?p=55788"},"modified":"2024-10-08T18:43:27","modified_gmt":"2024-10-08T21:43:27","slug":"fjles-passa-a-integrar-a-maior-iniciativa-voluntaria-de-sustentabilidade-corporativa-do-mundo","status":"publish","type":"post","link":"https:\/\/fundacaojles.org.br\/biblioteca\/2024\/10\/08\/fjles-passa-a-integrar-a-maior-iniciativa-voluntaria-de-sustentabilidade-corporativa-do-mundo\/","title":{"rendered":"FJLES passa a integrar a maior iniciativa volunt\u00e1ria de sustentabilidade corporativa do mundo"},"content":{"rendered":"<p>[et_pb_section fb_built=&#8221;1&#8243; _builder_version=&#8221;4.16&#8243; custom_padding=&#8221;0px||0px||false|false&#8221; global_colors_info=&#8221;{}&#8221;][et_pb_row _builder_version=&#8221;4.16&#8243; background_size=&#8221;initial&#8221; background_position=&#8221;top_left&#8221; background_repeat=&#8221;repeat&#8221; width=&#8221;90%&#8221; global_colors_info=&#8221;{}&#8221;][et_pb_column type=&#8221;4_4&#8243; _builder_version=&#8221;4.16&#8243; custom_padding=&#8221;|||&#8221; global_colors_info=&#8221;{}&#8221; custom_padding__hover=&#8221;|||&#8221;][et_pb_text _builder_version=&#8221;4.25.1&#8243; background_size=&#8221;initial&#8221; background_position=&#8221;top_left&#8221; background_repeat=&#8221;repeat&#8221; hover_enabled=&#8221;0&#8243; global_colors_info=&#8221;{}&#8221; sticky_enabled=&#8221;0&#8243;]<\/p>\n<p>A Funda\u00e7\u00e3o Jos\u00e9 Luiz Egydio Set\u00fabal (FJLES) acaba de ingressar no Pacto Global da ONU no Brasil, iniciativa das Na\u00e7\u00f5es Unidas (ONU) para mobilizar a comunidade empresarial na ado\u00e7\u00e3o e promo\u00e7\u00e3o, em suas pr\u00e1ticas de neg\u00f3cios, de Dez Princ\u00edpios universalmente aceitos nas \u00e1reas de direitos humanos, trabalho, meio ambiente e combate \u00e0 corrup\u00e7\u00e3o. Com a cria\u00e7\u00e3o dos Objetivos de Desenvolvimento Sustent\u00e1vel (ODS), o Pacto Global tamb\u00e9m assumiu a miss\u00e3o de engajar o setor privado nesta nova agenda.<\/p>\n<p>Todas as iniciativas da FJLES buscam contribuir com os 17 ODS. Para tanto, definimos que, durante a atual d\u00e9cada (2020-2030), participaremos, prioritariamente, dos seguintes:<\/p>\n<p><strong>2 \u2013 Fome zero e agricultura sustent\u00e1vel\u00a0\u2013 \u201cAcabar com a fome, alcan\u00e7ar a seguran\u00e7a alimentar e melhoria da nutri\u00e7\u00e3o e promover a agricultura sustent\u00e1vel\u201d<\/strong><\/p>\n<p><strong>3 \u2013 Sa\u00fade e bem-estar\u00a0\u2013 \u201cAssegurar uma vida saud\u00e1vel e promover o bem-estar para todos, em todas as idades\u201d<\/strong><\/p>\n<p><strong>4 \u2013 Educa\u00e7\u00e3o de qualidade\u00a0\u2013 \u201cAssegurar a educa\u00e7\u00e3o inclusiva e equitativa de qualidade e promover oportunidades de aprendizagem ao longo da vida para todos\u201d<\/strong><\/p>\n<p><strong>16.2 \u2013 Paz, Justi\u00e7a e Institui\u00e7\u00f5es Eficazes\u00a0\u2013 \u201cAcabar com abuso, explora\u00e7\u00e3o, tr\u00e1fico e todas as formas de viol\u00eancia e tortura contra crian\u00e7as\u201d<\/strong><\/p>\n<p>De forma complementar, co-participamos ainda das ODSs\u00a01 (Erradica\u00e7\u00e3o da pobreza), 6 (\u00c1gua pot\u00e1vel e saneamento), 8 (Trabalho decente e crescimento econ\u00f4mico) e 11 (Cidades e comunidades sustent\u00e1veis).<\/p>\n<p>J\u00e1 a\u00a0<strong>ODS 17 (Parcerias e meios de implementa\u00e7\u00e3o)<\/strong>, que prev\u00ea \u201cfortalecer os meios de implementa\u00e7\u00e3o e revitalizar a parceria global para o desenvolvimento sustent\u00e1vel\u201d, ser\u00e1 transversal \u00e0s nossas a\u00e7\u00f5es.<\/p>\n<p>Nosso programa de compliance, criado em abril de 2023, colabora para disseminar boas pr\u00e1ticas anticorrup\u00e7\u00e3o no nosso terceiro setor e, em especial, para nossa cadeia de fornecedores.<\/p>\n<p>Em 2023, a FJLES investiu R$ 6,5 milh\u00f5es em 52 iniciativas no Brasil (sendo 13 no Norte ou Nordeste), distribu\u00eddos em tr\u00eas programas, da seguinte forma:<\/p>\n<h2><strong>Programa Sa\u00fade Infantil<\/strong><\/h2>\n<p>Recebeu a maior parte do recurso (80%), envolvendo iniciativas que lidam diretamente com crian\u00e7as e adolescentes. S\u00e3o exemplos o Busca Ativa Vacinal, do UNICEF, e o edital Territ\u00f3rios Cl\u00ednicos, com a Funda\u00e7\u00e3o Tide Setubal, para atendimento psicol\u00f3gico em periferias de S\u00e3o Paulo.<\/p>\n<p>Nesse programa, o investimento foi repartido em diferentes \u00e1reas:<\/p>\n<ul>\n<li>26% para seguran\u00e7a alimentar<\/li>\n<li>25% para temas transversais<\/li>\n<li>13% para preven\u00e7\u00e3o e combate \u00e0 viol\u00eancia<\/li>\n<li>11% para imuniza\u00e7\u00e3o<\/li>\n<li>5% para sa\u00fade mental<\/li>\n<\/ul>\n<h2><strong>Programa Est\u00edmulo \u00e0 Cultura de Filantropia<\/strong><\/h2>\n<p>Recebeu 14% dos investimentos, com apoio a associa\u00e7\u00f5es, institutos e movimentos voltados ao fortalecimento institucional do terceiro setor.<\/p>\n<h2><strong>Programa Comunidades Saud\u00e1veis<\/strong><\/h2>\n<p>Com 6% dos recursos, investiu em melhorias de espa\u00e7os verdes urbanos em S\u00e3o Paulo e no trabalho volunt\u00e1rio em prol de crian\u00e7as hospitalizadas ou em servi\u00e7os de acolhimento institucional.<\/p>\n<p>Como uma iniciativa especial do Secret\u00e1rio-Geral da ONU, o Pacto Global das Na\u00e7\u00f5es Unidas \u00e9 uma convoca\u00e7\u00e3o para que as empresas de todo o mundo alinhem suas opera\u00e7\u00f5es e estrat\u00e9gias a dez princ\u00edpios universais nas \u00e1reas de direitos humanos, trabalho, meio ambiente e anticorrup\u00e7\u00e3o.<\/p>\n<p>Lan\u00e7ado em 2000, o Pacto Global orienta e apoia a comunidade empresarial global no avan\u00e7o das metas e valores da ONU por meio de pr\u00e1ticas corporativas respons\u00e1veis. Com mais de 21 mil participantes distribu\u00eddos em 65 redes locais, re\u00fane 18 mil empresas e 3.800 organiza\u00e7\u00f5es n\u00e3o-empresariais baseadas em 101 pa\u00edses, sendo a maior iniciativa de sustentabilidade corporativa do mundo, com abrang\u00eancia e engajamento em 162 pa\u00edses. Para mais informa\u00e7\u00f5es, siga @globalcompact nas m\u00eddias sociais e visite nosso website em\u00a0<a href=\"http:\/\/www.unglobalcompact.org\/\" target=\"_blank\" rel=\"noopener\">www.unglobalcompact.org<\/a><\/p>\n<p>Ao integrar o Pacto Global, nos comprometemos a reportar anualmente o nosso progresso em rela\u00e7\u00e3o aos Dez Princ\u00edpios.\u00a0 Assim, a iniciativa estimula a evolu\u00e7\u00e3o constante das pr\u00e1ticas internas de sustentabilidade. As empresas que quiserem fazer parte, podem encontrar mais informa\u00e7\u00f5es em\u00a0<a href=\"http:\/\/www.pactoglobal.org.br\/\" target=\"_blank\" rel=\"noopener\">www.pactoglobal.org.br<\/a><\/p>\n<p>O Pacto Global da ONU no Brasil foi criado em 2003 e hoje \u00e9 a segunda maior rede local do mundo, com mais de 1.900 participantes. Os mais de 50 projetos conduzidos no pa\u00eds abrangem, principalmente, os temas: \u00c1gua e Saneamento, Alimentos e Agricultura, Energia e Clima, Direitos Humanos e Trabalho, Anticorrup\u00e7\u00e3o, Engajamento e Comunica\u00e7\u00e3o. Para mais informa\u00e7\u00f5es, siga @pactoglobalonubr nas m\u00eddias sociais e visite nosso website em\u00a0<a href=\"http:\/\/www.pactoglobal.org.br\/\" target=\"_blank\" rel=\"noopener\">www.pactoglobal.org.br<\/a><\/p>\n<p>[\/et_pb_text][\/et_pb_column][\/et_pb_row][\/et_pb_section]<\/p>\n","protected":false},"excerpt":{"rendered":"<p>A Funda\u00e7\u00e3o Jos\u00e9 Luiz Egydio Set\u00fabal (FJLES) acaba de ingressar no Pacto Global da ONU no Brasil, iniciativa das Na\u00e7\u00f5es Unidas (ONU) para mobilizar a comunidade empresarial na ado\u00e7\u00e3o e promo\u00e7\u00e3o, em suas pr\u00e1ticas de neg\u00f3cios, de Dez Princ\u00edpios universalmente aceitos nas \u00e1reas de direitos humanos, trabalho, meio ambiente e combate \u00e0 corrup\u00e7\u00e3o. Com a [&hellip;]<\/p>\n","protected":false},"author":1,"featured_media":55789,"comment_status":"open","ping_status":"open","sticky":false,"template":"","format":"standard","meta":{"_acf_changed":false,"_et_pb_use_builder":"on","_et_pb_old_content":"<h2 class=\"c-content-head__subtitle\">Maior parte das v\u00edtimas nessa faixa et\u00e1ria s\u00e3o do sexo masculino (86%), mostra relat\u00f3rio do F\u00f3rum Brasileiro de Seguran\u00e7a P\u00fablica.<\/h2><p>Em cada 10 mortes violentas intencionais na faixa et\u00e1ria de 0 a 17 anos, cerca de 8 s\u00e3o de crian\u00e7as e adolescentes negros. A maior parte das v\u00edtimas, 86%, s\u00e3o do sexo masculino, enquanto o grupo mais atingido \u00e9 o de jovens de 15 a 17 anos (82%).<\/p><p>Os dados fazem parte do novo relat\u00f3rio do F\u00f3rum Brasileiro de Seguran\u00e7a P\u00fablica, divulgado nesta quinta-feira (2), que refor\u00e7a o <a href=\"https:\/\/www1.folha.uol.com.br\/cotidiano\/2020\/08\/assassinatos-de-negros-aumentam-115-e-de-nao-negros-caem-129-mostra-atlas-da-violencia.shtml\" target=\"_blank\" rel=\"noopener\">risco de morte que homens negros jovens correm no Brasil<\/a>.<\/p><p><a href=\"https:\/\/www1.folha.uol.com.br\/cotidiano\/2021\/12\/8-em-cada-10-mortes-violentas-entre-criancas-e-adolescentes-sao-de-negros.shtml\" target=\"_blank\" rel=\"noopener\">Leia a mat\u00e9ria completa no site da Folha De S.Paulo<\/a>.<\/p>","_et_gb_content_width":"","inline_featured_image":false,"footnotes":""},"categories":[74],"tags":[239],"class_list":["post-55788","post","type-post","status-publish","format-standard","has-post-thumbnail","hentry","category-notas","tag-sustentabilidade-corporativa"],"acf":[],"yoast_head":"<!-- This site is optimized with the Yoast SEO plugin v27.5 - https:\/\/yoast.com\/product\/yoast-seo-wordpress\/ -->\n<title>FJLES passa a integrar a maior iniciativa volunt\u00e1ria de sustentabilidade corporativa do mundo - Funda\u00e7\u00e3o Jos\u00e9 Luiz Set\u00fabal<\/title>\n<meta name=\"robots\" content=\"index, follow, max-snippet:-1, max-image-preview:large, max-video-preview:-1\" \/>\n<link rel=\"canonical\" href=\"https:\/\/fundacaojles.org.br\/biblioteca\/2024\/10\/08\/fjles-passa-a-integrar-a-maior-iniciativa-voluntaria-de-sustentabilidade-corporativa-do-mundo\/\" \/>\n<meta property=\"og:locale\" content=\"pt_BR\" \/>\n<meta property=\"og:type\" content=\"article\" \/>\n<meta property=\"og:title\" content=\"FJLES passa a integrar a maior iniciativa volunt\u00e1ria de sustentabilidade corporativa do mundo - Funda\u00e7\u00e3o Jos\u00e9 Luiz Set\u00fabal\" \/>\n<meta property=\"og:description\" content=\"A Funda\u00e7\u00e3o Jos\u00e9 Luiz Egydio Set\u00fabal (FJLES) acaba de ingressar no Pacto Global da ONU no Brasil, iniciativa das Na\u00e7\u00f5es Unidas (ONU) para mobilizar a comunidade empresarial na ado\u00e7\u00e3o e promo\u00e7\u00e3o, em suas pr\u00e1ticas de neg\u00f3cios, de Dez Princ\u00edpios universalmente aceitos nas \u00e1reas de direitos humanos, trabalho, meio ambiente e combate \u00e0 corrup\u00e7\u00e3o. Com a [&hellip;]\" \/>\n<meta property=\"og:url\" content=\"https:\/\/fundacaojles.org.br\/biblioteca\/2024\/10\/08\/fjles-passa-a-integrar-a-maior-iniciativa-voluntaria-de-sustentabilidade-corporativa-do-mundo\/\" \/>\n<meta property=\"og:site_name\" content=\"Funda\u00e7\u00e3o Jos\u00e9 Luiz Set\u00fabal\" \/>\n<meta property=\"article:published_time\" content=\"2024-10-08T21:43:24+00:00\" \/>\n<meta property=\"article:modified_time\" content=\"2024-10-08T21:43:27+00:00\" \/>\n<meta property=\"og:image\" content=\"https:\/\/fundacaojles.org.br\/biblioteca\/wp-content\/uploads\/2024\/10\/pacto-global-onu.png\" \/>\n\t<meta property=\"og:image:width\" content=\"1920\" \/>\n\t<meta property=\"og:image:height\" content=\"1299\" \/>\n\t<meta property=\"og:image:type\" content=\"image\/png\" \/>\n<meta name=\"author\" content=\"Equipe FJLES\" \/>\n<meta name=\"twitter:card\" content=\"summary_large_image\" \/>\n<meta name=\"twitter:label1\" content=\"Escrito por\" \/>\n\t<meta name=\"twitter:data1\" content=\"Equipe FJLES\" \/>\n\t<meta name=\"twitter:label2\" content=\"Est. tempo de leitura\" \/>\n\t<meta name=\"twitter:data2\" content=\"4 minutos\" \/>\n<script type=\"application\/ld+json\" class=\"yoast-schema-graph\">{\"@context\":\"https:\\\/\\\/schema.org\",\"@graph\":[{\"@type\":\"Article\",\"@id\":\"https:\\\/\\\/fundacaojles.org.br\\\/biblioteca\\\/2024\\\/10\\\/08\\\/fjles-passa-a-integrar-a-maior-iniciativa-voluntaria-de-sustentabilidade-corporativa-do-mundo\\\/#article\",\"isPartOf\":{\"@id\":\"https:\\\/\\\/fundacaojles.org.br\\\/biblioteca\\\/2024\\\/10\\\/08\\\/fjles-passa-a-integrar-a-maior-iniciativa-voluntaria-de-sustentabilidade-corporativa-do-mundo\\\/\"},\"author\":{\"name\":\"Equipe FJLES\",\"@id\":\"https:\\\/\\\/fundacaojles.org.br\\\/biblioteca\\\/#\\\/schema\\\/person\\\/e94ff71cb76bb9c28d581520dbd137a2\"},\"headline\":\"FJLES passa a integrar a maior iniciativa volunt\u00e1ria de sustentabilidade corporativa do mundo\",\"datePublished\":\"2024-10-08T21:43:24+00:00\",\"dateModified\":\"2024-10-08T21:43:27+00:00\",\"mainEntityOfPage\":{\"@id\":\"https:\\\/\\\/fundacaojles.org.br\\\/biblioteca\\\/2024\\\/10\\\/08\\\/fjles-passa-a-integrar-a-maior-iniciativa-voluntaria-de-sustentabilidade-corporativa-do-mundo\\\/\"},\"wordCount\":824,\"commentCount\":0,\"image\":{\"@id\":\"https:\\\/\\\/fundacaojles.org.br\\\/biblioteca\\\/2024\\\/10\\\/08\\\/fjles-passa-a-integrar-a-maior-iniciativa-voluntaria-de-sustentabilidade-corporativa-do-mundo\\\/#primaryimage\"},\"thumbnailUrl\":\"https:\\\/\\\/fundacaojles.org.br\\\/biblioteca\\\/wp-content\\\/uploads\\\/2024\\\/10\\\/pacto-global-onu.png\",\"keywords\":[\"Sustentabilidade Corporativa\"],\"articleSection\":[\"Notas\"],\"inLanguage\":\"pt-BR\",\"potentialAction\":[{\"@type\":\"CommentAction\",\"name\":\"Comment\",\"target\":[\"https:\\\/\\\/fundacaojles.org.br\\\/biblioteca\\\/2024\\\/10\\\/08\\\/fjles-passa-a-integrar-a-maior-iniciativa-voluntaria-de-sustentabilidade-corporativa-do-mundo\\\/#respond\"]}]},{\"@type\":\"WebPage\",\"@id\":\"https:\\\/\\\/fundacaojles.org.br\\\/biblioteca\\\/2024\\\/10\\\/08\\\/fjles-passa-a-integrar-a-maior-iniciativa-voluntaria-de-sustentabilidade-corporativa-do-mundo\\\/\",\"url\":\"https:\\\/\\\/fundacaojles.org.br\\\/biblioteca\\\/2024\\\/10\\\/08\\\/fjles-passa-a-integrar-a-maior-iniciativa-voluntaria-de-sustentabilidade-corporativa-do-mundo\\\/\",\"name\":\"FJLES passa a integrar a maior iniciativa volunt\u00e1ria de sustentabilidade corporativa do mundo - Funda\u00e7\u00e3o Jos\u00e9 Luiz Set\u00fabal\",\"isPartOf\":{\"@id\":\"https:\\\/\\\/fundacaojles.org.br\\\/biblioteca\\\/#website\"},\"primaryImageOfPage\":{\"@id\":\"https:\\\/\\\/fundacaojles.org.br\\\/biblioteca\\\/2024\\\/10\\\/08\\\/fjles-passa-a-integrar-a-maior-iniciativa-voluntaria-de-sustentabilidade-corporativa-do-mundo\\\/#primaryimage\"},\"image\":{\"@id\":\"https:\\\/\\\/fundacaojles.org.br\\\/biblioteca\\\/2024\\\/10\\\/08\\\/fjles-passa-a-integrar-a-maior-iniciativa-voluntaria-de-sustentabilidade-corporativa-do-mundo\\\/#primaryimage\"},\"thumbnailUrl\":\"https:\\\/\\\/fundacaojles.org.br\\\/biblioteca\\\/wp-content\\\/uploads\\\/2024\\\/10\\\/pacto-global-onu.png\",\"datePublished\":\"2024-10-08T21:43:24+00:00\",\"dateModified\":\"2024-10-08T21:43:27+00:00\",\"author\":{\"@id\":\"https:\\\/\\\/fundacaojles.org.br\\\/biblioteca\\\/#\\\/schema\\\/person\\\/e94ff71cb76bb9c28d581520dbd137a2\"},\"breadcrumb\":{\"@id\":\"https:\\\/\\\/fundacaojles.org.br\\\/biblioteca\\\/2024\\\/10\\\/08\\\/fjles-passa-a-integrar-a-maior-iniciativa-voluntaria-de-sustentabilidade-corporativa-do-mundo\\\/#breadcrumb\"},\"inLanguage\":\"pt-BR\",\"potentialAction\":[{\"@type\":\"ReadAction\",\"target\":[\"https:\\\/\\\/fundacaojles.org.br\\\/biblioteca\\\/2024\\\/10\\\/08\\\/fjles-passa-a-integrar-a-maior-iniciativa-voluntaria-de-sustentabilidade-corporativa-do-mundo\\\/\"]}]},{\"@type\":\"ImageObject\",\"inLanguage\":\"pt-BR\",\"@id\":\"https:\\\/\\\/fundacaojles.org.br\\\/biblioteca\\\/2024\\\/10\\\/08\\\/fjles-passa-a-integrar-a-maior-iniciativa-voluntaria-de-sustentabilidade-corporativa-do-mundo\\\/#primaryimage\",\"url\":\"https:\\\/\\\/fundacaojles.org.br\\\/biblioteca\\\/wp-content\\\/uploads\\\/2024\\\/10\\\/pacto-global-onu.png\",\"contentUrl\":\"https:\\\/\\\/fundacaojles.org.br\\\/biblioteca\\\/wp-content\\\/uploads\\\/2024\\\/10\\\/pacto-global-onu.png\",\"width\":1920,\"height\":1299},{\"@type\":\"BreadcrumbList\",\"@id\":\"https:\\\/\\\/fundacaojles.org.br\\\/biblioteca\\\/2024\\\/10\\\/08\\\/fjles-passa-a-integrar-a-maior-iniciativa-voluntaria-de-sustentabilidade-corporativa-do-mundo\\\/#breadcrumb\",\"itemListElement\":[{\"@type\":\"ListItem\",\"position\":1,\"name\":\"In\u00edcio\",\"item\":\"https:\\\/\\\/fundacaojles.org.br\\\/biblioteca\\\/\"},{\"@type\":\"ListItem\",\"position\":2,\"name\":\"FJLES passa a integrar a maior iniciativa volunt\u00e1ria de sustentabilidade corporativa do mundo\"}]},{\"@type\":\"WebSite\",\"@id\":\"https:\\\/\\\/fundacaojles.org.br\\\/biblioteca\\\/#website\",\"url\":\"https:\\\/\\\/fundacaojles.org.br\\\/biblioteca\\\/\",\"name\":\"Funda\u00e7\u00e3o Jos\u00e9 Luiz Set\u00fabal\",\"description\":\"\",\"potentialAction\":[{\"@type\":\"SearchAction\",\"target\":{\"@type\":\"EntryPoint\",\"urlTemplate\":\"https:\\\/\\\/fundacaojles.org.br\\\/biblioteca\\\/?s={search_term_string}\"},\"query-input\":{\"@type\":\"PropertyValueSpecification\",\"valueRequired\":true,\"valueName\":\"search_term_string\"}}],\"inLanguage\":\"pt-BR\"},{\"@type\":\"Person\",\"@id\":\"https:\\\/\\\/fundacaojles.org.br\\\/biblioteca\\\/#\\\/schema\\\/person\\\/e94ff71cb76bb9c28d581520dbd137a2\",\"name\":\"Equipe FJLES\",\"image\":{\"@type\":\"ImageObject\",\"inLanguage\":\"pt-BR\",\"@id\":\"https:\\\/\\\/secure.gravatar.com\\\/avatar\\\/1b2ce5b1cb60c43f8d10074e3a689d7824bf778357b559fea12a89a02835c8e8?s=96&d=mm&r=g\",\"url\":\"https:\\\/\\\/secure.gravatar.com\\\/avatar\\\/1b2ce5b1cb60c43f8d10074e3a689d7824bf778357b559fea12a89a02835c8e8?s=96&d=mm&r=g\",\"contentUrl\":\"https:\\\/\\\/secure.gravatar.com\\\/avatar\\\/1b2ce5b1cb60c43f8d10074e3a689d7824bf778357b559fea12a89a02835c8e8?s=96&d=mm&r=g\",\"caption\":\"Equipe FJLES\"}}]}<\/script>\n<!-- \/ Yoast SEO plugin. -->","yoast_head_json":{"title":"FJLES passa a integrar a maior iniciativa volunt\u00e1ria de sustentabilidade corporativa do mundo - Funda\u00e7\u00e3o Jos\u00e9 Luiz Set\u00fabal","robots":{"index":"index","follow":"follow","max-snippet":"max-snippet:-1","max-image-preview":"max-image-preview:large","max-video-preview":"max-video-preview:-1"},"canonical":"https:\/\/fundacaojles.org.br\/biblioteca\/2024\/10\/08\/fjles-passa-a-integrar-a-maior-iniciativa-voluntaria-de-sustentabilidade-corporativa-do-mundo\/","og_locale":"pt_BR","og_type":"article","og_title":"FJLES passa a integrar a maior iniciativa volunt\u00e1ria de sustentabilidade corporativa do mundo - Funda\u00e7\u00e3o Jos\u00e9 Luiz Set\u00fabal","og_description":"A Funda\u00e7\u00e3o Jos\u00e9 Luiz Egydio Set\u00fabal (FJLES) acaba de ingressar no Pacto Global da ONU no Brasil, iniciativa das Na\u00e7\u00f5es Unidas (ONU) para mobilizar a comunidade empresarial na ado\u00e7\u00e3o e promo\u00e7\u00e3o, em suas pr\u00e1ticas de neg\u00f3cios, de Dez Princ\u00edpios universalmente aceitos nas \u00e1reas de direitos humanos, trabalho, meio ambiente e combate \u00e0 corrup\u00e7\u00e3o. Com a [&hellip;]","og_url":"https:\/\/fundacaojles.org.br\/biblioteca\/2024\/10\/08\/fjles-passa-a-integrar-a-maior-iniciativa-voluntaria-de-sustentabilidade-corporativa-do-mundo\/","og_site_name":"Funda\u00e7\u00e3o Jos\u00e9 Luiz Set\u00fabal","article_published_time":"2024-10-08T21:43:24+00:00","article_modified_time":"2024-10-08T21:43:27+00:00","og_image":[{"width":1920,"height":1299,"url":"https:\/\/fundacaojles.org.br\/biblioteca\/wp-content\/uploads\/2024\/10\/pacto-global-onu.png","type":"image\/png"}],"author":"Equipe FJLES","twitter_card":"summary_large_image","twitter_misc":{"Escrito por":"Equipe FJLES","Est. tempo de leitura":"4 minutos"},"schema":{"@context":"https:\/\/schema.org","@graph":[{"@type":"Article","@id":"https:\/\/fundacaojles.org.br\/biblioteca\/2024\/10\/08\/fjles-passa-a-integrar-a-maior-iniciativa-voluntaria-de-sustentabilidade-corporativa-do-mundo\/#article","isPartOf":{"@id":"https:\/\/fundacaojles.org.br\/biblioteca\/2024\/10\/08\/fjles-passa-a-integrar-a-maior-iniciativa-voluntaria-de-sustentabilidade-corporativa-do-mundo\/"},"author":{"name":"Equipe FJLES","@id":"https:\/\/fundacaojles.org.br\/biblioteca\/#\/schema\/person\/e94ff71cb76bb9c28d581520dbd137a2"},"headline":"FJLES passa a integrar a maior iniciativa volunt\u00e1ria de sustentabilidade corporativa do mundo","datePublished":"2024-10-08T21:43:24+00:00","dateModified":"2024-10-08T21:43:27+00:00","mainEntityOfPage":{"@id":"https:\/\/fundacaojles.org.br\/biblioteca\/2024\/10\/08\/fjles-passa-a-integrar-a-maior-iniciativa-voluntaria-de-sustentabilidade-corporativa-do-mundo\/"},"wordCount":824,"commentCount":0,"image":{"@id":"https:\/\/fundacaojles.org.br\/biblioteca\/2024\/10\/08\/fjles-passa-a-integrar-a-maior-iniciativa-voluntaria-de-sustentabilidade-corporativa-do-mundo\/#primaryimage"},"thumbnailUrl":"https:\/\/fundacaojles.org.br\/biblioteca\/wp-content\/uploads\/2024\/10\/pacto-global-onu.png","keywords":["Sustentabilidade Corporativa"],"articleSection":["Notas"],"inLanguage":"pt-BR","potentialAction":[{"@type":"CommentAction","name":"Comment","target":["https:\/\/fundacaojles.org.br\/biblioteca\/2024\/10\/08\/fjles-passa-a-integrar-a-maior-iniciativa-voluntaria-de-sustentabilidade-corporativa-do-mundo\/#respond"]}]},{"@type":"WebPage","@id":"https:\/\/fundacaojles.org.br\/biblioteca\/2024\/10\/08\/fjles-passa-a-integrar-a-maior-iniciativa-voluntaria-de-sustentabilidade-corporativa-do-mundo\/","url":"https:\/\/fundacaojles.org.br\/biblioteca\/2024\/10\/08\/fjles-passa-a-integrar-a-maior-iniciativa-voluntaria-de-sustentabilidade-corporativa-do-mundo\/","name":"FJLES passa a integrar a maior iniciativa volunt\u00e1ria de sustentabilidade corporativa do mundo - Funda\u00e7\u00e3o Jos\u00e9 Luiz Set\u00fabal","isPartOf":{"@id":"https:\/\/fundacaojles.org.br\/biblioteca\/#website"},"primaryImageOfPage":{"@id":"https:\/\/fundacaojles.org.br\/biblioteca\/2024\/10\/08\/fjles-passa-a-integrar-a-maior-iniciativa-voluntaria-de-sustentabilidade-corporativa-do-mundo\/#primaryimage"},"image":{"@id":"https:\/\/fundacaojles.org.br\/biblioteca\/2024\/10\/08\/fjles-passa-a-integrar-a-maior-iniciativa-voluntaria-de-sustentabilidade-corporativa-do-mundo\/#primaryimage"},"thumbnailUrl":"https:\/\/fundacaojles.org.br\/biblioteca\/wp-content\/uploads\/2024\/10\/pacto-global-onu.png","datePublished":"2024-10-08T21:43:24+00:00","dateModified":"2024-10-08T21:43:27+00:00","author":{"@id":"https:\/\/fundacaojles.org.br\/biblioteca\/#\/schema\/person\/e94ff71cb76bb9c28d581520dbd137a2"},"breadcrumb":{"@id":"https:\/\/fundacaojles.org.br\/biblioteca\/2024\/10\/08\/fjles-passa-a-integrar-a-maior-iniciativa-voluntaria-de-sustentabilidade-corporativa-do-mundo\/#breadcrumb"},"inLanguage":"pt-BR","potentialAction":[{"@type":"ReadAction","target":["https:\/\/fundacaojles.org.br\/biblioteca\/2024\/10\/08\/fjles-passa-a-integrar-a-maior-iniciativa-voluntaria-de-sustentabilidade-corporativa-do-mundo\/"]}]},{"@type":"ImageObject","inLanguage":"pt-BR","@id":"https:\/\/fundacaojles.org.br\/biblioteca\/2024\/10\/08\/fjles-passa-a-integrar-a-maior-iniciativa-voluntaria-de-sustentabilidade-corporativa-do-mundo\/#primaryimage","url":"https:\/\/fundacaojles.org.br\/biblioteca\/wp-content\/uploads\/2024\/10\/pacto-global-onu.png","contentUrl":"https:\/\/fundacaojles.org.br\/biblioteca\/wp-content\/uploads\/2024\/10\/pacto-global-onu.png","width":1920,"height":1299},{"@type":"BreadcrumbList","@id":"https:\/\/fundacaojles.org.br\/biblioteca\/2024\/10\/08\/fjles-passa-a-integrar-a-maior-iniciativa-voluntaria-de-sustentabilidade-corporativa-do-mundo\/#breadcrumb","itemListElement":[{"@type":"ListItem","position":1,"name":"In\u00edcio","item":"https:\/\/fundacaojles.org.br\/biblioteca\/"},{"@type":"ListItem","position":2,"name":"FJLES passa a integrar a maior iniciativa volunt\u00e1ria de sustentabilidade corporativa do mundo"}]},{"@type":"WebSite","@id":"https:\/\/fundacaojles.org.br\/biblioteca\/#website","url":"https:\/\/fundacaojles.org.br\/biblioteca\/","name":"Funda\u00e7\u00e3o Jos\u00e9 Luiz Set\u00fabal","description":"","potentialAction":[{"@type":"SearchAction","target":{"@type":"EntryPoint","urlTemplate":"https:\/\/fundacaojles.org.br\/biblioteca\/?s={search_term_string}"},"query-input":{"@type":"PropertyValueSpecification","valueRequired":true,"valueName":"search_term_string"}}],"inLanguage":"pt-BR"},{"@type":"Person","@id":"https:\/\/fundacaojles.org.br\/biblioteca\/#\/schema\/person\/e94ff71cb76bb9c28d581520dbd137a2","name":"Equipe FJLES","image":{"@type":"ImageObject","inLanguage":"pt-BR","@id":"https:\/\/secure.gravatar.com\/avatar\/1b2ce5b1cb60c43f8d10074e3a689d7824bf778357b559fea12a89a02835c8e8?s=96&d=mm&r=g","url":"https:\/\/secure.gravatar.com\/avatar\/1b2ce5b1cb60c43f8d10074e3a689d7824bf778357b559fea12a89a02835c8e8?s=96&d=mm&r=g","contentUrl":"https:\/\/secure.gravatar.com\/avatar\/1b2ce5b1cb60c43f8d10074e3a689d7824bf778357b559fea12a89a02835c8e8?s=96&d=mm&r=g","caption":"Equipe FJLES"}}]}},"_links":{"self":[{"href":"https:\/\/fundacaojles.org.br\/biblioteca\/wp-json\/wp\/v2\/posts\/55788","targetHints":{"allow":["GET"]}}],"collection":[{"href":"https:\/\/fundacaojles.org.br\/biblioteca\/wp-json\/wp\/v2\/posts"}],"about":[{"href":"https:\/\/fundacaojles.org.br\/biblioteca\/wp-json\/wp\/v2\/types\/post"}],"author":[{"embeddable":true,"href":"https:\/\/fundacaojles.org.br\/biblioteca\/wp-json\/wp\/v2\/users\/1"}],"replies":[{"embeddable":true,"href":"https:\/\/fundacaojles.org.br\/biblioteca\/wp-json\/wp\/v2\/comments?post=55788"}],"version-history":[{"count":3,"href":"https:\/\/fundacaojles.org.br\/biblioteca\/wp-json\/wp\/v2\/posts\/55788\/revisions"}],"predecessor-version":[{"id":55793,"href":"https:\/\/fundacaojles.org.br\/biblioteca\/wp-json\/wp\/v2\/posts\/55788\/revisions\/55793"}],"wp:featuredmedia":[{"embeddable":true,"href":"https:\/\/fundacaojles.org.br\/biblioteca\/wp-json\/wp\/v2\/media\/55789"}],"wp:attachment":[{"href":"https:\/\/fundacaojles.org.br\/biblioteca\/wp-json\/wp\/v2\/media?parent=55788"}],"wp:term":[{"taxonomy":"category","embeddable":true,"href":"https:\/\/fundacaojles.org.br\/biblioteca\/wp-json\/wp\/v2\/categories?post=55788"},{"taxonomy":"post_tag","embeddable":true,"href":"https:\/\/fundacaojles.org.br\/biblioteca\/wp-json\/wp\/v2\/tags?post=55788"}],"curies":[{"name":"wp","href":"https:\/\/api.w.org\/{rel}","templated":true}]}}