{"id":56036,"date":"2025-03-12T13:40:24","date_gmt":"2025-03-12T16:40:24","guid":{"rendered":"https:\/\/fundacaojles.org.br\/biblioteca\/?p=56036"},"modified":"2025-03-12T13:40:27","modified_gmt":"2025-03-12T16:40:27","slug":"saude-mental-e-questao-que-precisa-ser-cuidada-pela-escola-mas-nao-so-por-ela","status":"publish","type":"post","link":"https:\/\/fundacaojles.org.br\/biblioteca\/2025\/03\/12\/saude-mental-e-questao-que-precisa-ser-cuidada-pela-escola-mas-nao-so-por-ela\/","title":{"rendered":"Sa\u00fade mental \u00e9 quest\u00e3o que precisa  ser cuidada pela escola, mas n\u00e3o s\u00f3 por ela"},"content":{"rendered":"<p>[et_pb_section fb_built=&#8221;1&#8243; _builder_version=&#8221;4.16&#8243; custom_padding=&#8221;0px||0px||false|false&#8221; global_colors_info=&#8221;{}&#8221;][et_pb_row _builder_version=&#8221;4.16&#8243; background_size=&#8221;initial&#8221; background_position=&#8221;top_left&#8221; background_repeat=&#8221;repeat&#8221; width=&#8221;90%&#8221; global_colors_info=&#8221;{}&#8221;][et_pb_column type=&#8221;4_4&#8243; _builder_version=&#8221;4.16&#8243; custom_padding=&#8221;|||&#8221; global_colors_info=&#8221;{}&#8221; custom_padding__hover=&#8221;|||&#8221;][et_pb_text admin_label=&#8221;Texto&#8221; _builder_version=&#8221;4.27.4&#8243; background_size=&#8221;initial&#8221; background_position=&#8221;top_left&#8221; background_repeat=&#8221;repeat&#8221; hover_enabled=&#8221;0&#8243; global_colors_info=&#8221;{}&#8221; sticky_enabled=&#8221;0&#8243;]<\/p>\n<p style=\"text-align: center;\"><em>Entre 2013 e 2023, os transtornos mais presentes nas faixas et\u00e1rias de 10 a 14 anos e de 15 a 19 anos s\u00e3o a ansiedade e a depress\u00e3o, conforme o Sistema \u00danico de Sa\u00fade (SUS).<\/em><\/p>\n<p>Com as pol\u00edticas de democratiza\u00e7\u00e3o e universaliza\u00e7\u00e3o da Educa\u00e7\u00e3o B\u00e1sica implementadas nas \u00faltimas d\u00e9cadas no Brasil, a escola passa a ser lugar privilegiado para a promo\u00e7\u00e3o de a\u00e7\u00f5es e estrat\u00e9gias pensadas para a sa\u00fade mental de crian\u00e7as e adolescentes. No entanto, essas a\u00e7\u00f5es precisam articular intersetorialmente as diversas \u00e1reas de atua\u00e7\u00e3o, em especial: a sa\u00fade, a educa\u00e7\u00e3o e a assist\u00eancia social.\u00a0 Alian\u00e7as devem ser estabelecidas de modo a favorecer a constru\u00e7\u00e3o de uma rede de prote\u00e7\u00e3o e assist\u00eancia \u00e0 crian\u00e7a e ao adolescente, por meio dos equipamentos p\u00fablicos e atores que os comp\u00f5em. N\u00e3o existe promo\u00e7\u00e3o da sa\u00fade mental infantojuvenil sem articula\u00e7\u00e3o de redes intrasetoriais e intersetoriais &#8211; ou seja, a tarefa n\u00e3o deve ficar unicamente a cargo da educa\u00e7\u00e3o.<\/p>\n<p>Esse \u00e9 um dos alertas apresentados pela S\u00edntese de Evid\u00eancias \u201cPromo\u00e7\u00e3o de Sa\u00fade Mental no Contexto Escolar\u201d, realiza\u00e7\u00e3o do D3e &#8211; Dados para um Debate Democr\u00e1tico na Educa\u00e7\u00e3o e parceria com a B3 Social e a Funda\u00e7\u00e3o Jos\u00e9 Luiz Set\u00fabal (FJLS), lan\u00e7ada em janeiro de 2025. O material apresenta os resultados de uma revis\u00e3o bibliogr\u00e1fica de artigos cient\u00edficos realizada por Vl\u00e1dia Juc\u00e1, professora do Instituto de Psicologia da Universidade Federal do Cear\u00e1 (UFC).<\/p>\n<p>\u201cTrabalhar a promo\u00e7\u00e3o da sa\u00fade mental no ambiente escolar \u00e9 pe\u00e7a chave para o desenvolvimento integral de crian\u00e7as e adolescentes. As experi\u00eancias vividas no ambiente escolar podem influenciar o estado de bem-estar f\u00edsico e mental a longo prazo, seja por aspectos positivos ou n\u00e3o. \u00c9 fundamental que as estrat\u00e9gias de promo\u00e7\u00e3o da sa\u00fade mental envolvam abordagem preventiva, com a\u00e7\u00f5es planejadas em rede, fortalecendo o v\u00ednculo entre escola, fam\u00edlia e comunidade\u201d, diz M\u00e1rcia Kalvon, diretora de Filantropia e Advocacy na Funda\u00e7\u00e3o.<\/p>\n<p>As crian\u00e7as e adolescentes entre 10 e 19 anos t\u00eam sido afetados constantemente por ansiedade e depress\u00e3o &#8211; esses s\u00e3o os transtornos mais presentes no grupo, conforme dados de 2013 a 2023 apresentados pelo Sistema \u00danico de Sa\u00fade (SUS). E \u00e9 na escola que o sofrimento ps\u00edquico mais se apresenta. \u201cOs educadores se sentem sensibilizados e, ao mesmo tempo, impotentes diante do sofrimento ps\u00edquico dos alunos\u201d, explica Vl\u00e1dia. Por outro lado, a escola tamb\u00e9m aparece como espa\u00e7o gerador de sofrimento, uma vez que agrega quest\u00f5es sociais maiores, como o racismo estrutural, a desigualdade social, a homofobia, dentre outras.<\/p>\n<p>Tais quest\u00f5es est\u00e3o presentes no bullying, frequentemente destacado como um importante fator no adoecimento mental dos estudantes. Diante destas dificuldades, a escola tem encaminhado crian\u00e7as e adolescentes para os Centros de Aten\u00e7\u00e3o Psicossocial \u00e0 Inf\u00e2ncia e \u00e0 Adolesc\u00eancia. No entanto, \u00e9 not\u00f3rio que os encaminhamentos n\u00e3o t\u00eam sido resolutivos para os problemas vividos na escola e t\u00eam agravado a superlota\u00e7\u00e3o dos servi\u00e7os. \u00c9 importante e mais produtivo estreitar as rela\u00e7\u00f5es entre a sa\u00fade e a educa\u00e7\u00e3o em um di\u00e1logo intersetorial que n\u00e3o fique restrito ao encaminhamento. \u201c\u00c9 poss\u00edvel cuidar antes que o sofrimento ps\u00edquico se apresente ou se agrave. O nome deste cuidado ampliado \u00e9 promo\u00e7\u00e3o da sa\u00fade mental no contexto escolar\u201d, afirma Vl\u00e1dia.<\/p>\n<p><strong>Para a promo\u00e7\u00e3o da sa\u00fade mental no contexto escolar, no \u00e2mbito da pol\u00edtica p\u00fablica, a autora apresenta algumas recomenda\u00e7\u00f5es, tais como: <\/strong><\/p>\n<ul>\n<li>Investir em estrat\u00e9gias destinadas a fornecer subs\u00eddios para que a escola possa realizar o trabalho territorial, sobretudo no que diz respeito aos deslocamentos necess\u00e1rios e contabilizando as atividades de mapeamento e constru\u00e7\u00e3o de redes como parte integrante e fundamental do trabalho;<\/li>\n<li>Instituir pol\u00edticas de incentivo no \u00e2mbito das secretarias municipais de educa\u00e7\u00e3o para a cria\u00e7\u00e3o de f\u00f3runs intersetoriais que envolvam os atores da rede de prote\u00e7\u00e3o e assist\u00eancia a crian\u00e7as e adolescentes;<\/li>\n<li>Pensar estrat\u00e9gias que valorizem e incentivem os trabalhos de redu\u00e7\u00e3o de danos, que considerem a parceria entre as escolas e os CAPS para o cuidado dos usu\u00e1rios de \u00e1lcool e outras drogas;<\/li>\n<li>Criar modos de levantamento das experi\u00eancias bem-sucedidas de enfrentamento ao racismo, \u00e0 discrimina\u00e7\u00e3o de g\u00eanero e de orienta\u00e7\u00e3o sexual.<\/li>\n<\/ul>\n<p><strong>No contexto escolar, algumas das recomenda\u00e7\u00f5es s\u00e3o: <\/strong><\/p>\n<ul>\n<li>Realizar conversas com os estudantes sobre os direitos estabelecidos no Estatuto da Crian\u00e7a e do Adolescente (ECA) e sobre a rede a qual podem recorrer nos casos de viola\u00e7\u00e3o destes direitos. De prefer\u00eancia, convidar profissionais da rede para colaborar participando de espa\u00e7os coletivos;<\/li>\n<li>Realizar a\u00e7\u00f5es que fortale\u00e7am os la\u00e7os de solidariedade entre os membros da escola e destes com as comunidades \u2014 aquela onde est\u00e1 a escola, bem como aquelas que abrigam os estudantes;<\/li>\n<li>Implementar estrat\u00e9gias para maior aproxima\u00e7\u00e3o com as fam\u00edlias, para al\u00e9m das reuni\u00f5es de pais. Nesta dire\u00e7\u00e3o, a promo\u00e7\u00e3o de atividades culturais, de esporte e de lazer podem ser uma via interessante, desde que se considerem as realidades socioculturais das fam\u00edlias envolvidas, fortalecer o protagonismo dos estudantes, criando com eles espa\u00e7os para o exerc\u00edcio da cidadania e do di\u00e1logo com a gest\u00e3o. A assembleia de alunos e o fortalecimento dos espa\u00e7os de representa\u00e7\u00e3o estudantil s\u00e3o fundamentais nesse sentido.<\/li>\n<\/ul>\n<p>\u201cEntendemos que a sa\u00fade mental \u00e9 um pilar fundamental para o desenvolvimento pleno de crian\u00e7as e adolescentes no ambiente escolar. O estudo evidencia a urg\u00eancia de estrat\u00e9gias intersetoriais que envolvam educa\u00e7\u00e3o, sa\u00fade e assist\u00eancia social, promovendo uma rede de apoio robusta e eficaz. Ao apoiar a pesquisa, reafirmamos nosso compromisso de criar espa\u00e7os educativos acolhedores, onde o bem-estar emocional dos estudantes \u00e9 priorit\u00e1rio. Ao integrar a\u00e7\u00f5es de promo\u00e7\u00e3o da sa\u00fade mental no contexto escolar, estamos contribuindo para a forma\u00e7\u00e3o de cidad\u00e3os mais resilientes e preparados para enfrentar os desafios do futuro&#8221;, ressalta Fabiana Prianti, head da B3 Social.<\/p>\n<p><strong>Modelo bem-sucedido de promo\u00e7\u00e3o de sa\u00fade mental na rede municipal de Pojuca (BA) <\/strong><\/p>\n<p>A S\u00edntese Evid\u00eancias destaca como exemplo de cuidado com a sa\u00fade mental dos estudantes o Modelo de Apoio \u00e0 Transi\u00e7\u00e3o (MAT) do 5o. para o 6o.ano do Ensino Fundamental com elementos fundamentais para um trabalho de promo\u00e7\u00e3o da sa\u00fade no contexto escolar. O modelo \u00e9 usado nas escolas da rede municipal de Pojuca, na regi\u00e3o metropolitana de Salvador (BA). Tanto a passagem da inf\u00e2ncia para a adolesc\u00eancia quanto as mudan\u00e7as de ciclo escolar s\u00e3o momentos nos quais os \u00edndices de transtornos mentais diagnosticados s\u00e3o maiores. Por reconhecer que a transi\u00e7\u00e3o do 5\u00ba para o 6\u00ba ano\u00a0 do ensino fundamental como um destes momentos mais sens\u00edveis, o modelo busca facilitar a transi\u00e7\u00e3o por meio de tr\u00eas eixos: promover o pertencimento dos estudantes ao ensino fundamental anos finais \u2014 quando geralmente acontece a mudan\u00e7a de escola; apoiar os estudantes na transi\u00e7\u00e3o da inf\u00e2ncia para a adolesc\u00eancia; e facilitar a constru\u00e7\u00e3o de novas formas de rela\u00e7\u00e3o com o conhecimento. A execu\u00e7\u00e3o do MAT envolve a\u00e7\u00f5es de aproxima\u00e7\u00e3o entre as escolas e os professores; estrat\u00e9gias para o acolhimento dos estudantes e seus respons\u00e1veis; diagn\u00f3stico inicial para ajuste de planejamento das unidades letivas; enturma\u00e7\u00e3o em formato espec\u00edfico para os ingressantes; al\u00e9m do Grupo de Apoio ao Estudante (GAE) \u2014 uma ferramenta de acompanhamento e di\u00e1logo com os ingressantes que lida com temas sens\u00edveis \u00e0 adolesc\u00eancia, ao pertencimento e \u00e0 rela\u00e7\u00e3o com o conhecimento. O modelo tem como uma das suas ferramentas principais o mapeamento e a constru\u00e7\u00e3o de redes intersetoriais (dentro do setor educa\u00e7\u00e3o) e das redes intersetoriais (educa\u00e7\u00e3o-sa\u00fade-assist\u00eancia social-justi\u00e7a).<\/p>\n<p>\u201cA promo\u00e7\u00e3o da sa\u00fade mental no contexto escolar \u00e9 fundamental para um ambiente acolhedor e prop\u00edcio ao aprendizado. Iniciar o ano letivo com a\u00e7\u00f5es que fortale\u00e7am v\u00ednculos e estimulem o bem-estar emocional ajuda a estabelecer uma cultura de cuidado que deve se manter ao longo de todo o per\u00edodo escolar\u201d, diz Ol\u00edvia Silveira, diretora-executiva do D<sup>3<\/sup>e.<\/p>\n<p>_______<br \/>Sobre o <a href=\"http:\/\/d3e.com.br\/\"><strong>D<\/strong><\/a><a href=\"http:\/\/d3e.com.br\/\"><strong><sup>3<\/sup><\/strong><\/a><a href=\"http:\/\/d3e.com.br\/\" target=\"_blank\" rel=\"noopener\"><strong>e &#8211; Dados para um Debate Democr\u00e1tico na Educa\u00e7\u00e3o<\/strong><\/a><strong>: <\/strong>associa\u00e7\u00e3o civil sem fins lucrativos que colabora para o aprimoramento do debate educacional brasileiro e para a qualifica\u00e7\u00e3o do uso do conhecimento cient\u00edfico no desenvolvimento de pol\u00edticas educacionais fundamentadas e consistentes, que promovam educa\u00e7\u00e3o equitativa e de qualidade no Brasil. Saiba mais sobre o D<em><sup>3<\/sup><\/em>e em nosso <a href=\"https:\/\/d3e.com.br\/noticias\/relatorio-de-atividades-apresenta-realizacoes-de-2023\/\" target=\"_blank\" rel=\"noopener\">Relat\u00f3rio de Atividades 2023<\/a>.\u00a0<\/p>\n<p>Sobre a<strong> Funda\u00e7\u00e3o Jos\u00e9 Luiz Set\u00fabal (FJLS): <\/strong>a Funda\u00e7\u00e3o Jos\u00e9 Luiz Set\u00fabal \u00e9 uma holding social que atua como o maior ecossistema de sa\u00fade infantil do pa\u00eds.\u00a0 Sob o slogan \u201cpensa, cuida e defende a inf\u00e2ncia saud\u00e1vel no Brasil\u201d, promove o bem-estar de crian\u00e7as e adolescentes por meio da assist\u00eancia m\u00e9dica, ensino e pesquisa e advocacy e filantropia. \u00c9 formada pelo\u00a0<strong>Sabar\u00e1 Hospital Infantil<\/strong>, localizado na cidade de S\u00e3o Paulo (SP), e refer\u00eancia no atendimento de crian\u00e7as e adolescentes at\u00e9 18 anos; pelo\u00a0<strong>Instituto PENSI<\/strong>\u00a0e pelo\u00a0<strong>PENSI Social<\/strong>\u2013 frentes de Pesquisa e Ensino em Sa\u00fade Infantil, que realizam e promovem estudos cient\u00edficos para profissionais da sa\u00fade, educadores, fam\u00edlias e sociedade em geral; e pelo\u00a0<strong>Infinis\u00a0<\/strong>\u2013 Instituto Futuro Inf\u00e2ncia Saud\u00e1vel, bra\u00e7o de filantropia e <em>advocacy<\/em>, que luta em defesa da sa\u00fade da crian\u00e7a e do adolescente e do fortalecimento da sociedade civil no Brasil.<\/p>\n<p>[\/et_pb_text][et_pb_button button_url=&#8221;https:\/\/d3e.com.br\/relatorios\/promocao-de-saude-mental-no-contexto-escolar\/&#8221; url_new_window=&#8221;on&#8221; button_text=&#8221;BAIXE O DOCUMENTO&#8221; button_alignment=&#8221;left&#8221; _builder_version=&#8221;4.27.4&#8243; custom_button=&#8221;on&#8221; button_text_size=&#8221;14px&#8221; button_text_color=&#8221;#FFFFFF&#8221; button_bg_color=&#8221;gcid-ef2f9fb1-83ce-4acc-9e4e-cdb40edbbdc5&#8243; button_border_width=&#8221;0px&#8221; button_border_color=&#8221;#3FA2F7 &#8221; button_border_radius=&#8221;5px&#8221; button_letter_spacing=&#8221;0px&#8221; button_font=&#8221;Montserrat|700|||||||&#8221; button_icon=&#8221;&#x45;||divi||400&#8243; button_on_hover=&#8221;off&#8221; custom_margin=&#8221;0px||30px||false|false&#8221; custom_padding=&#8221;5px|30px|5px|15px|true|false&#8221; hover_enabled=&#8221;0&#8243; custom_css_free_form=&#8221;selector a:after {||  line-height: 33px !important;||}&#8221; button_text_color_hover=&#8221;#ffffff&#8221; button_border_color_hover=&#8221;#3FA2F7 &#8221; button_letter_spacing_hover=&#8221;2px&#8221; button_bg_color_hover=&#8221;#3FA2F7 &#8221; global_colors_info=&#8221;{%22gcid-ef2f9fb1-83ce-4acc-9e4e-cdb40edbbdc5%22:%91%22button_bg_color%22%93,%22gcid-05e41333-d786-449d-ad01-63b55e11a7a7%22:%91%22button_bg_color__hover%22%93}&#8221; button_text_size__hover_enabled=&#8221;off&#8221; button_one_text_size__hover_enabled=&#8221;off&#8221; button_two_text_size__hover_enabled=&#8221;off&#8221; button_text_color__hover_enabled=&#8221;on&#8221; button_text_color__hover=&#8221;#ffffff&#8221; button_one_text_color__hover_enabled=&#8221;off&#8221; button_two_text_color__hover_enabled=&#8221;off&#8221; button_border_width__hover_enabled=&#8221;off&#8221; button_one_border_width__hover_enabled=&#8221;off&#8221; button_two_border_width__hover_enabled=&#8221;off&#8221; button_border_color__hover_enabled=&#8221;on&#8221; button_border_color__hover=&#8221;#3FA2F7 &#8221; button_one_border_color__hover_enabled=&#8221;off&#8221; button_two_border_color__hover_enabled=&#8221;off&#8221; button_border_radius__hover_enabled=&#8221;off&#8221; button_one_border_radius__hover_enabled=&#8221;off&#8221; button_two_border_radius__hover_enabled=&#8221;off&#8221; button_letter_spacing__hover_enabled=&#8221;on|desktop&#8221; button_letter_spacing__hover=&#8221;0px&#8221; button_one_letter_spacing__hover_enabled=&#8221;off&#8221; button_two_letter_spacing__hover_enabled=&#8221;off&#8221; button_bg_color__hover_enabled=&#8221;on|hover&#8221; button_bg_color__hover=&#8221;#0058a5&#8243; button_one_bg_color__hover_enabled=&#8221;off&#8221; button_two_bg_color__hover_enabled=&#8221;off&#8221; button_bg_enable_color__hover=&#8221;on&#8221; sticky_enabled=&#8221;0&#8243;][\/et_pb_button][\/et_pb_column][\/et_pb_row][\/et_pb_section]<\/p>\n","protected":false},"excerpt":{"rendered":"<p>Entre 2013 e 2023, os transtornos mais presentes nas faixas et\u00e1rias de 10 a 14 anos e de 15 a 19 anos s\u00e3o a ansiedade e a depress\u00e3o, conforme o Sistema \u00danico de Sa\u00fade (SUS). Com as pol\u00edticas de democratiza\u00e7\u00e3o e universaliza\u00e7\u00e3o da Educa\u00e7\u00e3o B\u00e1sica implementadas nas \u00faltimas d\u00e9cadas no Brasil, a escola passa a [&hellip;]<\/p>\n","protected":false},"author":1,"featured_media":56037,"comment_status":"open","ping_status":"open","sticky":false,"template":"","format":"standard","meta":{"_acf_changed":false,"_et_pb_use_builder":"on","_et_pb_old_content":"<h2 class=\"c-content-head__subtitle\">Maior parte das v\u00edtimas nessa faixa et\u00e1ria s\u00e3o do sexo masculino (86%), mostra relat\u00f3rio do F\u00f3rum Brasileiro de Seguran\u00e7a P\u00fablica.<\/h2><p>Em cada 10 mortes violentas intencionais na faixa et\u00e1ria de 0 a 17 anos, cerca de 8 s\u00e3o de crian\u00e7as e adolescentes negros. A maior parte das v\u00edtimas, 86%, s\u00e3o do sexo masculino, enquanto o grupo mais atingido \u00e9 o de jovens de 15 a 17 anos (82%).<\/p><p>Os dados fazem parte do novo relat\u00f3rio do F\u00f3rum Brasileiro de Seguran\u00e7a P\u00fablica, divulgado nesta quinta-feira (2), que refor\u00e7a o <a href=\"https:\/\/www1.folha.uol.com.br\/cotidiano\/2020\/08\/assassinatos-de-negros-aumentam-115-e-de-nao-negros-caem-129-mostra-atlas-da-violencia.shtml\" target=\"_blank\" rel=\"noopener\">risco de morte que homens negros jovens correm no Brasil<\/a>.<\/p><p><a href=\"https:\/\/www1.folha.uol.com.br\/cotidiano\/2021\/12\/8-em-cada-10-mortes-violentas-entre-criancas-e-adolescentes-sao-de-negros.shtml\" target=\"_blank\" rel=\"noopener\">Leia a mat\u00e9ria completa no site da Folha De S.Paulo<\/a>.<\/p>","_et_gb_content_width":"","inline_featured_image":false,"footnotes":""},"categories":[245],"tags":[246,236],"class_list":["post-56036","post","type-post","status-publish","format-standard","has-post-thumbnail","hentry","category-noticias","tag-escola","tag-saude-mental"],"acf":[],"yoast_head":"<!-- This site is optimized with the Yoast SEO plugin v27.5 - https:\/\/yoast.com\/product\/yoast-seo-wordpress\/ -->\n<title>Sa\u00fade mental \u00e9 quest\u00e3o que precisa ser cuidada pela escola, mas n\u00e3o s\u00f3 por ela - Funda\u00e7\u00e3o Jos\u00e9 Luiz Set\u00fabal<\/title>\n<meta name=\"robots\" content=\"index, follow, max-snippet:-1, max-image-preview:large, max-video-preview:-1\" \/>\n<link rel=\"canonical\" href=\"https:\/\/fundacaojles.org.br\/biblioteca\/2025\/03\/12\/saude-mental-e-questao-que-precisa-ser-cuidada-pela-escola-mas-nao-so-por-ela\/\" \/>\n<meta property=\"og:locale\" content=\"pt_BR\" \/>\n<meta property=\"og:type\" content=\"article\" \/>\n<meta property=\"og:title\" content=\"Sa\u00fade mental \u00e9 quest\u00e3o que precisa ser cuidada pela escola, mas n\u00e3o s\u00f3 por ela - Funda\u00e7\u00e3o Jos\u00e9 Luiz Set\u00fabal\" \/>\n<meta property=\"og:description\" content=\"Entre 2013 e 2023, os transtornos mais presentes nas faixas et\u00e1rias de 10 a 14 anos e de 15 a 19 anos s\u00e3o a ansiedade e a depress\u00e3o, conforme o Sistema \u00danico de Sa\u00fade (SUS). Com as pol\u00edticas de democratiza\u00e7\u00e3o e universaliza\u00e7\u00e3o da Educa\u00e7\u00e3o B\u00e1sica implementadas nas \u00faltimas d\u00e9cadas no Brasil, a escola passa a [&hellip;]\" \/>\n<meta property=\"og:url\" content=\"https:\/\/fundacaojles.org.br\/biblioteca\/2025\/03\/12\/saude-mental-e-questao-que-precisa-ser-cuidada-pela-escola-mas-nao-so-por-ela\/\" \/>\n<meta property=\"og:site_name\" content=\"Funda\u00e7\u00e3o Jos\u00e9 Luiz Set\u00fabal\" \/>\n<meta property=\"article:published_time\" content=\"2025-03-12T16:40:24+00:00\" \/>\n<meta property=\"article:modified_time\" content=\"2025-03-12T16:40:27+00:00\" \/>\n<meta property=\"og:image\" content=\"https:\/\/fundacaojles.org.br\/biblioteca\/wp-content\/uploads\/2025\/03\/banner-saude-mental-escolar.jpg\" \/>\n\t<meta property=\"og:image:width\" content=\"1920\" \/>\n\t<meta property=\"og:image:height\" content=\"1299\" \/>\n\t<meta property=\"og:image:type\" content=\"image\/jpeg\" \/>\n<meta name=\"author\" content=\"Equipe FJLES\" \/>\n<meta name=\"twitter:card\" content=\"summary_large_image\" \/>\n<meta name=\"twitter:label1\" content=\"Escrito por\" \/>\n\t<meta name=\"twitter:data1\" content=\"Equipe FJLES\" \/>\n\t<meta name=\"twitter:label2\" content=\"Est. tempo de leitura\" \/>\n\t<meta name=\"twitter:data2\" content=\"9 minutos\" \/>\n<script type=\"application\/ld+json\" class=\"yoast-schema-graph\">{\"@context\":\"https:\\\/\\\/schema.org\",\"@graph\":[{\"@type\":\"Article\",\"@id\":\"https:\\\/\\\/fundacaojles.org.br\\\/biblioteca\\\/2025\\\/03\\\/12\\\/saude-mental-e-questao-que-precisa-ser-cuidada-pela-escola-mas-nao-so-por-ela\\\/#article\",\"isPartOf\":{\"@id\":\"https:\\\/\\\/fundacaojles.org.br\\\/biblioteca\\\/2025\\\/03\\\/12\\\/saude-mental-e-questao-que-precisa-ser-cuidada-pela-escola-mas-nao-so-por-ela\\\/\"},\"author\":{\"name\":\"Equipe FJLES\",\"@id\":\"https:\\\/\\\/fundacaojles.org.br\\\/biblioteca\\\/#\\\/schema\\\/person\\\/e94ff71cb76bb9c28d581520dbd137a2\"},\"headline\":\"Sa\u00fade mental \u00e9 quest\u00e3o que precisa ser cuidada pela escola, mas n\u00e3o s\u00f3 por ela\",\"datePublished\":\"2025-03-12T16:40:24+00:00\",\"dateModified\":\"2025-03-12T16:40:27+00:00\",\"mainEntityOfPage\":{\"@id\":\"https:\\\/\\\/fundacaojles.org.br\\\/biblioteca\\\/2025\\\/03\\\/12\\\/saude-mental-e-questao-que-precisa-ser-cuidada-pela-escola-mas-nao-so-por-ela\\\/\"},\"wordCount\":2085,\"commentCount\":0,\"image\":{\"@id\":\"https:\\\/\\\/fundacaojles.org.br\\\/biblioteca\\\/2025\\\/03\\\/12\\\/saude-mental-e-questao-que-precisa-ser-cuidada-pela-escola-mas-nao-so-por-ela\\\/#primaryimage\"},\"thumbnailUrl\":\"https:\\\/\\\/fundacaojles.org.br\\\/biblioteca\\\/wp-content\\\/uploads\\\/2025\\\/03\\\/banner-saude-mental-escolar.jpg\",\"keywords\":[\"Escola\",\"Sa\u00fade Mental\"],\"articleSection\":[\"Not\u00edcias\"],\"inLanguage\":\"pt-BR\",\"potentialAction\":[{\"@type\":\"CommentAction\",\"name\":\"Comment\",\"target\":[\"https:\\\/\\\/fundacaojles.org.br\\\/biblioteca\\\/2025\\\/03\\\/12\\\/saude-mental-e-questao-que-precisa-ser-cuidada-pela-escola-mas-nao-so-por-ela\\\/#respond\"]}]},{\"@type\":\"WebPage\",\"@id\":\"https:\\\/\\\/fundacaojles.org.br\\\/biblioteca\\\/2025\\\/03\\\/12\\\/saude-mental-e-questao-que-precisa-ser-cuidada-pela-escola-mas-nao-so-por-ela\\\/\",\"url\":\"https:\\\/\\\/fundacaojles.org.br\\\/biblioteca\\\/2025\\\/03\\\/12\\\/saude-mental-e-questao-que-precisa-ser-cuidada-pela-escola-mas-nao-so-por-ela\\\/\",\"name\":\"Sa\u00fade mental \u00e9 quest\u00e3o que precisa ser cuidada pela escola, mas n\u00e3o s\u00f3 por ela - Funda\u00e7\u00e3o Jos\u00e9 Luiz Set\u00fabal\",\"isPartOf\":{\"@id\":\"https:\\\/\\\/fundacaojles.org.br\\\/biblioteca\\\/#website\"},\"primaryImageOfPage\":{\"@id\":\"https:\\\/\\\/fundacaojles.org.br\\\/biblioteca\\\/2025\\\/03\\\/12\\\/saude-mental-e-questao-que-precisa-ser-cuidada-pela-escola-mas-nao-so-por-ela\\\/#primaryimage\"},\"image\":{\"@id\":\"https:\\\/\\\/fundacaojles.org.br\\\/biblioteca\\\/2025\\\/03\\\/12\\\/saude-mental-e-questao-que-precisa-ser-cuidada-pela-escola-mas-nao-so-por-ela\\\/#primaryimage\"},\"thumbnailUrl\":\"https:\\\/\\\/fundacaojles.org.br\\\/biblioteca\\\/wp-content\\\/uploads\\\/2025\\\/03\\\/banner-saude-mental-escolar.jpg\",\"datePublished\":\"2025-03-12T16:40:24+00:00\",\"dateModified\":\"2025-03-12T16:40:27+00:00\",\"author\":{\"@id\":\"https:\\\/\\\/fundacaojles.org.br\\\/biblioteca\\\/#\\\/schema\\\/person\\\/e94ff71cb76bb9c28d581520dbd137a2\"},\"breadcrumb\":{\"@id\":\"https:\\\/\\\/fundacaojles.org.br\\\/biblioteca\\\/2025\\\/03\\\/12\\\/saude-mental-e-questao-que-precisa-ser-cuidada-pela-escola-mas-nao-so-por-ela\\\/#breadcrumb\"},\"inLanguage\":\"pt-BR\",\"potentialAction\":[{\"@type\":\"ReadAction\",\"target\":[\"https:\\\/\\\/fundacaojles.org.br\\\/biblioteca\\\/2025\\\/03\\\/12\\\/saude-mental-e-questao-que-precisa-ser-cuidada-pela-escola-mas-nao-so-por-ela\\\/\"]}]},{\"@type\":\"ImageObject\",\"inLanguage\":\"pt-BR\",\"@id\":\"https:\\\/\\\/fundacaojles.org.br\\\/biblioteca\\\/2025\\\/03\\\/12\\\/saude-mental-e-questao-que-precisa-ser-cuidada-pela-escola-mas-nao-so-por-ela\\\/#primaryimage\",\"url\":\"https:\\\/\\\/fundacaojles.org.br\\\/biblioteca\\\/wp-content\\\/uploads\\\/2025\\\/03\\\/banner-saude-mental-escolar.jpg\",\"contentUrl\":\"https:\\\/\\\/fundacaojles.org.br\\\/biblioteca\\\/wp-content\\\/uploads\\\/2025\\\/03\\\/banner-saude-mental-escolar.jpg\",\"width\":1920,\"height\":1299},{\"@type\":\"BreadcrumbList\",\"@id\":\"https:\\\/\\\/fundacaojles.org.br\\\/biblioteca\\\/2025\\\/03\\\/12\\\/saude-mental-e-questao-que-precisa-ser-cuidada-pela-escola-mas-nao-so-por-ela\\\/#breadcrumb\",\"itemListElement\":[{\"@type\":\"ListItem\",\"position\":1,\"name\":\"In\u00edcio\",\"item\":\"https:\\\/\\\/fundacaojles.org.br\\\/biblioteca\\\/\"},{\"@type\":\"ListItem\",\"position\":2,\"name\":\"Sa\u00fade mental \u00e9 quest\u00e3o que precisa ser cuidada pela escola, mas n\u00e3o s\u00f3 por ela\"}]},{\"@type\":\"WebSite\",\"@id\":\"https:\\\/\\\/fundacaojles.org.br\\\/biblioteca\\\/#website\",\"url\":\"https:\\\/\\\/fundacaojles.org.br\\\/biblioteca\\\/\",\"name\":\"Funda\u00e7\u00e3o Jos\u00e9 Luiz Set\u00fabal\",\"description\":\"\",\"potentialAction\":[{\"@type\":\"SearchAction\",\"target\":{\"@type\":\"EntryPoint\",\"urlTemplate\":\"https:\\\/\\\/fundacaojles.org.br\\\/biblioteca\\\/?s={search_term_string}\"},\"query-input\":{\"@type\":\"PropertyValueSpecification\",\"valueRequired\":true,\"valueName\":\"search_term_string\"}}],\"inLanguage\":\"pt-BR\"},{\"@type\":\"Person\",\"@id\":\"https:\\\/\\\/fundacaojles.org.br\\\/biblioteca\\\/#\\\/schema\\\/person\\\/e94ff71cb76bb9c28d581520dbd137a2\",\"name\":\"Equipe FJLES\",\"image\":{\"@type\":\"ImageObject\",\"inLanguage\":\"pt-BR\",\"@id\":\"https:\\\/\\\/secure.gravatar.com\\\/avatar\\\/1b2ce5b1cb60c43f8d10074e3a689d7824bf778357b559fea12a89a02835c8e8?s=96&d=mm&r=g\",\"url\":\"https:\\\/\\\/secure.gravatar.com\\\/avatar\\\/1b2ce5b1cb60c43f8d10074e3a689d7824bf778357b559fea12a89a02835c8e8?s=96&d=mm&r=g\",\"contentUrl\":\"https:\\\/\\\/secure.gravatar.com\\\/avatar\\\/1b2ce5b1cb60c43f8d10074e3a689d7824bf778357b559fea12a89a02835c8e8?s=96&d=mm&r=g\",\"caption\":\"Equipe FJLES\"}}]}<\/script>\n<!-- \/ Yoast SEO plugin. -->","yoast_head_json":{"title":"Sa\u00fade mental \u00e9 quest\u00e3o que precisa ser cuidada pela escola, mas n\u00e3o s\u00f3 por ela - Funda\u00e7\u00e3o Jos\u00e9 Luiz Set\u00fabal","robots":{"index":"index","follow":"follow","max-snippet":"max-snippet:-1","max-image-preview":"max-image-preview:large","max-video-preview":"max-video-preview:-1"},"canonical":"https:\/\/fundacaojles.org.br\/biblioteca\/2025\/03\/12\/saude-mental-e-questao-que-precisa-ser-cuidada-pela-escola-mas-nao-so-por-ela\/","og_locale":"pt_BR","og_type":"article","og_title":"Sa\u00fade mental \u00e9 quest\u00e3o que precisa ser cuidada pela escola, mas n\u00e3o s\u00f3 por ela - Funda\u00e7\u00e3o Jos\u00e9 Luiz Set\u00fabal","og_description":"Entre 2013 e 2023, os transtornos mais presentes nas faixas et\u00e1rias de 10 a 14 anos e de 15 a 19 anos s\u00e3o a ansiedade e a depress\u00e3o, conforme o Sistema \u00danico de Sa\u00fade (SUS). Com as pol\u00edticas de democratiza\u00e7\u00e3o e universaliza\u00e7\u00e3o da Educa\u00e7\u00e3o B\u00e1sica implementadas nas \u00faltimas d\u00e9cadas no Brasil, a escola passa a [&hellip;]","og_url":"https:\/\/fundacaojles.org.br\/biblioteca\/2025\/03\/12\/saude-mental-e-questao-que-precisa-ser-cuidada-pela-escola-mas-nao-so-por-ela\/","og_site_name":"Funda\u00e7\u00e3o Jos\u00e9 Luiz Set\u00fabal","article_published_time":"2025-03-12T16:40:24+00:00","article_modified_time":"2025-03-12T16:40:27+00:00","og_image":[{"width":1920,"height":1299,"url":"https:\/\/fundacaojles.org.br\/biblioteca\/wp-content\/uploads\/2025\/03\/banner-saude-mental-escolar.jpg","type":"image\/jpeg"}],"author":"Equipe FJLES","twitter_card":"summary_large_image","twitter_misc":{"Escrito por":"Equipe FJLES","Est. tempo de leitura":"9 minutos"},"schema":{"@context":"https:\/\/schema.org","@graph":[{"@type":"Article","@id":"https:\/\/fundacaojles.org.br\/biblioteca\/2025\/03\/12\/saude-mental-e-questao-que-precisa-ser-cuidada-pela-escola-mas-nao-so-por-ela\/#article","isPartOf":{"@id":"https:\/\/fundacaojles.org.br\/biblioteca\/2025\/03\/12\/saude-mental-e-questao-que-precisa-ser-cuidada-pela-escola-mas-nao-so-por-ela\/"},"author":{"name":"Equipe FJLES","@id":"https:\/\/fundacaojles.org.br\/biblioteca\/#\/schema\/person\/e94ff71cb76bb9c28d581520dbd137a2"},"headline":"Sa\u00fade mental \u00e9 quest\u00e3o que precisa ser cuidada pela escola, mas n\u00e3o s\u00f3 por ela","datePublished":"2025-03-12T16:40:24+00:00","dateModified":"2025-03-12T16:40:27+00:00","mainEntityOfPage":{"@id":"https:\/\/fundacaojles.org.br\/biblioteca\/2025\/03\/12\/saude-mental-e-questao-que-precisa-ser-cuidada-pela-escola-mas-nao-so-por-ela\/"},"wordCount":2085,"commentCount":0,"image":{"@id":"https:\/\/fundacaojles.org.br\/biblioteca\/2025\/03\/12\/saude-mental-e-questao-que-precisa-ser-cuidada-pela-escola-mas-nao-so-por-ela\/#primaryimage"},"thumbnailUrl":"https:\/\/fundacaojles.org.br\/biblioteca\/wp-content\/uploads\/2025\/03\/banner-saude-mental-escolar.jpg","keywords":["Escola","Sa\u00fade Mental"],"articleSection":["Not\u00edcias"],"inLanguage":"pt-BR","potentialAction":[{"@type":"CommentAction","name":"Comment","target":["https:\/\/fundacaojles.org.br\/biblioteca\/2025\/03\/12\/saude-mental-e-questao-que-precisa-ser-cuidada-pela-escola-mas-nao-so-por-ela\/#respond"]}]},{"@type":"WebPage","@id":"https:\/\/fundacaojles.org.br\/biblioteca\/2025\/03\/12\/saude-mental-e-questao-que-precisa-ser-cuidada-pela-escola-mas-nao-so-por-ela\/","url":"https:\/\/fundacaojles.org.br\/biblioteca\/2025\/03\/12\/saude-mental-e-questao-que-precisa-ser-cuidada-pela-escola-mas-nao-so-por-ela\/","name":"Sa\u00fade mental \u00e9 quest\u00e3o que precisa ser cuidada pela escola, mas n\u00e3o s\u00f3 por ela - Funda\u00e7\u00e3o Jos\u00e9 Luiz Set\u00fabal","isPartOf":{"@id":"https:\/\/fundacaojles.org.br\/biblioteca\/#website"},"primaryImageOfPage":{"@id":"https:\/\/fundacaojles.org.br\/biblioteca\/2025\/03\/12\/saude-mental-e-questao-que-precisa-ser-cuidada-pela-escola-mas-nao-so-por-ela\/#primaryimage"},"image":{"@id":"https:\/\/fundacaojles.org.br\/biblioteca\/2025\/03\/12\/saude-mental-e-questao-que-precisa-ser-cuidada-pela-escola-mas-nao-so-por-ela\/#primaryimage"},"thumbnailUrl":"https:\/\/fundacaojles.org.br\/biblioteca\/wp-content\/uploads\/2025\/03\/banner-saude-mental-escolar.jpg","datePublished":"2025-03-12T16:40:24+00:00","dateModified":"2025-03-12T16:40:27+00:00","author":{"@id":"https:\/\/fundacaojles.org.br\/biblioteca\/#\/schema\/person\/e94ff71cb76bb9c28d581520dbd137a2"},"breadcrumb":{"@id":"https:\/\/fundacaojles.org.br\/biblioteca\/2025\/03\/12\/saude-mental-e-questao-que-precisa-ser-cuidada-pela-escola-mas-nao-so-por-ela\/#breadcrumb"},"inLanguage":"pt-BR","potentialAction":[{"@type":"ReadAction","target":["https:\/\/fundacaojles.org.br\/biblioteca\/2025\/03\/12\/saude-mental-e-questao-que-precisa-ser-cuidada-pela-escola-mas-nao-so-por-ela\/"]}]},{"@type":"ImageObject","inLanguage":"pt-BR","@id":"https:\/\/fundacaojles.org.br\/biblioteca\/2025\/03\/12\/saude-mental-e-questao-que-precisa-ser-cuidada-pela-escola-mas-nao-so-por-ela\/#primaryimage","url":"https:\/\/fundacaojles.org.br\/biblioteca\/wp-content\/uploads\/2025\/03\/banner-saude-mental-escolar.jpg","contentUrl":"https:\/\/fundacaojles.org.br\/biblioteca\/wp-content\/uploads\/2025\/03\/banner-saude-mental-escolar.jpg","width":1920,"height":1299},{"@type":"BreadcrumbList","@id":"https:\/\/fundacaojles.org.br\/biblioteca\/2025\/03\/12\/saude-mental-e-questao-que-precisa-ser-cuidada-pela-escola-mas-nao-so-por-ela\/#breadcrumb","itemListElement":[{"@type":"ListItem","position":1,"name":"In\u00edcio","item":"https:\/\/fundacaojles.org.br\/biblioteca\/"},{"@type":"ListItem","position":2,"name":"Sa\u00fade mental \u00e9 quest\u00e3o que precisa ser cuidada pela escola, mas n\u00e3o s\u00f3 por ela"}]},{"@type":"WebSite","@id":"https:\/\/fundacaojles.org.br\/biblioteca\/#website","url":"https:\/\/fundacaojles.org.br\/biblioteca\/","name":"Funda\u00e7\u00e3o Jos\u00e9 Luiz Set\u00fabal","description":"","potentialAction":[{"@type":"SearchAction","target":{"@type":"EntryPoint","urlTemplate":"https:\/\/fundacaojles.org.br\/biblioteca\/?s={search_term_string}"},"query-input":{"@type":"PropertyValueSpecification","valueRequired":true,"valueName":"search_term_string"}}],"inLanguage":"pt-BR"},{"@type":"Person","@id":"https:\/\/fundacaojles.org.br\/biblioteca\/#\/schema\/person\/e94ff71cb76bb9c28d581520dbd137a2","name":"Equipe FJLES","image":{"@type":"ImageObject","inLanguage":"pt-BR","@id":"https:\/\/secure.gravatar.com\/avatar\/1b2ce5b1cb60c43f8d10074e3a689d7824bf778357b559fea12a89a02835c8e8?s=96&d=mm&r=g","url":"https:\/\/secure.gravatar.com\/avatar\/1b2ce5b1cb60c43f8d10074e3a689d7824bf778357b559fea12a89a02835c8e8?s=96&d=mm&r=g","contentUrl":"https:\/\/secure.gravatar.com\/avatar\/1b2ce5b1cb60c43f8d10074e3a689d7824bf778357b559fea12a89a02835c8e8?s=96&d=mm&r=g","caption":"Equipe FJLES"}}]}},"_links":{"self":[{"href":"https:\/\/fundacaojles.org.br\/biblioteca\/wp-json\/wp\/v2\/posts\/56036","targetHints":{"allow":["GET"]}}],"collection":[{"href":"https:\/\/fundacaojles.org.br\/biblioteca\/wp-json\/wp\/v2\/posts"}],"about":[{"href":"https:\/\/fundacaojles.org.br\/biblioteca\/wp-json\/wp\/v2\/types\/post"}],"author":[{"embeddable":true,"href":"https:\/\/fundacaojles.org.br\/biblioteca\/wp-json\/wp\/v2\/users\/1"}],"replies":[{"embeddable":true,"href":"https:\/\/fundacaojles.org.br\/biblioteca\/wp-json\/wp\/v2\/comments?post=56036"}],"version-history":[{"count":3,"href":"https:\/\/fundacaojles.org.br\/biblioteca\/wp-json\/wp\/v2\/posts\/56036\/revisions"}],"predecessor-version":[{"id":56041,"href":"https:\/\/fundacaojles.org.br\/biblioteca\/wp-json\/wp\/v2\/posts\/56036\/revisions\/56041"}],"wp:featuredmedia":[{"embeddable":true,"href":"https:\/\/fundacaojles.org.br\/biblioteca\/wp-json\/wp\/v2\/media\/56037"}],"wp:attachment":[{"href":"https:\/\/fundacaojles.org.br\/biblioteca\/wp-json\/wp\/v2\/media?parent=56036"}],"wp:term":[{"taxonomy":"category","embeddable":true,"href":"https:\/\/fundacaojles.org.br\/biblioteca\/wp-json\/wp\/v2\/categories?post=56036"},{"taxonomy":"post_tag","embeddable":true,"href":"https:\/\/fundacaojles.org.br\/biblioteca\/wp-json\/wp\/v2\/tags?post=56036"}],"curies":[{"name":"wp","href":"https:\/\/api.w.org\/{rel}","templated":true}]}}